{"id":11624,"date":"2026-03-15T10:00:00","date_gmt":"2026-03-15T08:00:00","guid":{"rendered":"https:\/\/www.sfpf.fr\/actu\/?p=11624"},"modified":"2026-03-15T10:00:00","modified_gmt":"2026-03-15T08:00:00","slug":"depart-hub-temu","status":"publish","type":"post","link":"https:\/\/www.sfpf.fr\/actu\/depart-hub-temu","title":{"rendered":"D\u00e9part du hub Temu : que signifie ce statut de suivi"},"content":{"rendered":"<p>Le statut <strong>\u00ab D\u00e9part du hub Temu \u00bb<\/strong> d\u00e9clenche souvent une s\u00e9rie de questions : o\u00f9 se trouve ce hub, combien de temps reste-t-il avant la livraison, et pourquoi le suivi semble parfois fig\u00e9 pendant plusieurs jours.<\/p>\n<p>En analysant le fonctionnement des hubs Temu, les parcours logistiques et les d\u00e9lais observ\u00e9s en France depuis 2025, on comprend beaucoup mieux ce que signifie r\u00e9ellement ce message dans le suivi et comment l\u2019utiliser pour anticiper l\u2019arriv\u00e9e de son colis.<\/p>\n<div style='background:#e8fbe8; border-radius:12px; padding:16px; font-family:Arial, sans-serif;'>\n<table style='width:100%; border-collapse:collapse; font-size:14px;'>\n<tr style='background:#dff7df; font-weight:bold;'>\n<td style='padding:8px; border:1px solid #c8e6c8;'>\u00c9l\u00e9ment cl\u00e9<\/td>\n<td style='padding:8px; border:1px solid #c8e6c8;'>R\u00e9sum\u00e9<\/td>\n<\/tr>\n<tr>\n<td style='padding:8px; border:1px solid #c8e6c8;'>Signification du statut<\/td>\n<td style='padding:8px; border:1px solid #c8e6c8;'>Indique que le colis a quitt\u00e9 un centre logistique Temu et d\u00e9bute son transport vers le pays de destination.<\/td>\n<\/tr>\n<tr>\n<td style='padding:8px; border:1px solid #c8e6c8;'>\u00c9tape du trajet<\/td>\n<td style='padding:8px; border:1px solid #c8e6c8;'>Phase interm\u00e9diaire : le colis n\u2019est plus en pr\u00e9paration mais pas encore pris en charge localement.<\/td>\n<\/tr>\n<tr>\n<td style='padding:8px; border:1px solid #c8e6c8;'>D\u00e9lais usuels<\/td>\n<td style='padding:8px; border:1px solid #c8e6c8;'>Quelques jours avant l\u2019arriv\u00e9e dans le pays d\u2019arriv\u00e9e, selon le mode d\u2019envoi.<\/td>\n<\/tr>\n<tr>\n<td style='padding:8px; border:1px solid #c8e6c8;'>Conseil<\/td>\n<td style='padding:8px; border:1px solid #c8e6c8;'>Surveiller les mises \u00e0 jour : de nouveaux statuts apparaissent d\u00e8s que le colis passe la douane ou est pris en charge localement. \ud83d\udce6<\/td>\n<\/tr>\n<\/table>\n<\/div>\n<div style=\"max-width:600px;margin:15px auto;text-align:center\">\n<div style=\"position:relative;display:inline-block;width:100%\">\n<p>    <a href=\"https:\/\/www.pinterest.com\/pin\/create\/button\/?media=https:\/\/www.sfpf.fr\/actu\/wp-content\/uploads\/2026\/02\/departduhubtemuqueststatutdesuivi.jpg&#038;url=https:\/\/www.sfpf.fr\/actu\/wp-content\/uploads\/2026\/02\/departduhubtemuqueststatutdesuivi.jpg\"\n      target=\"_blank\"\n      rel=\"noopener\"\n      aria-label=\"Enregistrer l\u2019image sur Pinterest\"\n      style=\"position:absolute;top:10px;right:10px;z-index:5;font-size:22px;line-height:1;text-decoration:none\"\n     class=\"external-link\" target=\"_blank\" rel=\"noopener\"><br \/>\n      \ud83d\udccc<br \/>\n    <\/a><\/p>\n<p>    <img\n      src=\"https:\/\/www.sfpf.fr\/actu\/wp-content\/uploads\/2026\/02\/departduhubtemuqueststatutdesuivi.jpg\"\n      style=\"width:100%;max-height:70vh;object-fit:contain;display:block\"\n      loading=\"eager\"\n      decoding=\"async\"\n    ><\/p><\/div>\n<div style=\"margin-top:6px;display:flex;gap:8px;justify-content:center\">\n<p>    <a\n      href=\"https:\/\/www.sfpf.fr\/actu\/wp-content\/uploads\/2026\/02\/departduhubtemuqueststatutdesuivi.jpg\"\n      class=\"button\"\n      download\n    ><br \/>\n      T\u00e9l\u00e9charger l\u2019image<br \/>\n    <\/a><\/p>\n<p>    <button\n      type=\"button\"\n      class=\"button\"\n      onclick=\"(function(){\n        if (navigator.share) {\n          navigator.share({\n            title: document.title,\n            url: 'https:\/\/www.sfpf.fr\/actu\/wp-content\/uploads\/2026\/02\/departduhubtemuqueststatutdesuivi.jpg'\n          });\n        }\n      })();\"\n    ><br \/>\n      Partager l\u2019image<br \/>\n    <\/button><\/p><\/div>\n<\/div>\n<h2>Statut \u00ab D\u00e9part du hub Temu \u00bb : d\u00e9finition logistique pr\u00e9cise<\/h2>\n<p>Le statut <strong>\u00ab D\u00e9part du hub Temu \u00bb<\/strong> indique que votre colis a quitt\u00e9 un centre logistique majeur de Temu pour rejoindre l\u2019\u00e9tape suivante de la cha\u00eene de transport. Il ne s\u2019agit pas d\u2019un simple changement de pays dans le suivi, mais d\u2019un moment cl\u00e9 o\u00f9 le colis passe d\u2019un hub de consolidation \u00e0 un flux d\u2019acheminement vers un autre hub ou vers le pays de destination.<\/p>\n<p>Concr\u00e8tement, ce statut signifie que le colis a \u00e9t\u00e9 :<\/p>\n<ul>\n<li>R\u00e9ceptionn\u00e9 dans un hub Temu (principal ou r\u00e9gional).<\/li>\n<li>Tri\u00e9 et regroup\u00e9 avec d\u2019autres colis selon la destination.<\/li>\n<li>Charg\u00e9 sur un moyen de transport longue distance (avion, train, camion, parfois bateau).<\/li>\n<\/ul>\n<p>Une fois ce message affich\u00e9, le colis quitte la zone de traitement interne du hub et entre dans un flux de transport plus complexe, impliquant souvent des partenaires externes : compagnies a\u00e9riennes, op\u00e9rateurs ferroviaires, transitaires, puis services postaux nationaux comme <strong>La Poste<\/strong>.<\/p>\n<div style=\"border:1px solid #f27a1a; padding:12px; margin:18px 0; background:#fff7f0;\">\n<p><strong>Info pratique :<\/strong> quand le suivi indique \u00ab D\u00e9part du hub Temu \u00bb, le colis ne se trouve plus dans un entrep\u00f4t. Il est en transit actif, m\u00eame si le suivi semble ne pas \u00e9voluer pendant plusieurs jours.<\/p>\n<\/div>\n<h2>O\u00f9 se trouvent les hubs Temu et pourquoi cela joue sur le d\u00e9lai<\/h2>\n<p>Pour comprendre ce statut, il faut distinguer plusieurs types de hubs Temu, chacun ayant un r\u00f4le pr\u00e9cis dans l\u2019acheminement des commandes.<\/p>\n<h3>Hubs primaires en Chine : le point de d\u00e9part principal<\/h3>\n<p>La majorit\u00e9 des produits Temu partent de <strong>hubs primaires en Chine<\/strong>, sp\u00e9cialis\u00e9s par r\u00e9gion ou par type de marchandises :<\/p>\n<ul>\n<li><strong>Guangzhou<\/strong> : \u00e9lectronique, textile, emballage et consolidation de gros volumes.<\/li>\n<li><strong>Shenzhen<\/strong> : forte densit\u00e9 de fabricants high-tech et d\u2019accessoires connect\u00e9s.<\/li>\n<li><strong>Yiwu<\/strong> : articles \u00e0 petit prix, gadgets, d\u00e9coration, accessoires.<\/li>\n<li><strong>Shanghai<\/strong> : acc\u00e8s direct \u00e0 de grands ports maritimes et \u00e0 un a\u00e9roport cargo international.<\/li>\n<\/ul>\n<p>Depuis ces hubs, les colis sont regroup\u00e9s par destination continentale (Europe, Am\u00e9rique du Nord, etc.) puis envoy\u00e9s vers des hubs r\u00e9gionaux. Le statut \u00ab D\u00e9part du hub Temu \u00bb signifie alors que votre colis quitte un centre chinois pour rejoindre l\u2019Europe ou un autre continent.<\/p>\n<blockquote>\n<p>\u00ab Quand le suivi affiche un d\u00e9part depuis un hub chinois, le colis entre dans la phase la plus longue de son voyage : le transport intercontinental et le passage en douane. \u00bb<\/p>\n<\/blockquote>\n<h3>Hubs r\u00e9gionaux en Europe : la porte d\u2019entr\u00e9e de la France<\/h3>\n<p>Pour les commandes \u00e0 destination de la France, Temu s\u2019appuie sur plusieurs hubs r\u00e9gionaux europ\u00e9ens. Les principaux points de passage mentionn\u00e9s depuis 2023 sont :<\/p>\n<ul>\n<li><strong>Budapest (a\u00e9roport Ferihegy Cargo)<\/strong> : hub a\u00e9rien important, plus de 200 000 tonnes de fret en 2023, avec une croissance de 50 % par rapport \u00e0 2019.<\/li>\n<li><strong>Rotterdam<\/strong> : grand port europ\u00e9en, environ 14 millions de conteneurs par an, un r\u00f4le central pour la distribution routi\u00e8re et ferroviaire.<\/li>\n<li>Hubs en <strong>Allemagne<\/strong> et au <strong>Royaume-Uni<\/strong> : relais de tri et de r\u00e9exp\u00e9dition vers les pays voisins.<\/li>\n<\/ul>\n<p>Depuis ces hubs, les colis sont :<\/p>\n<ul>\n<li>D\u00e9barqu\u00e9s (avion ou bateau) et pris en charge par des op\u00e9rateurs logistiques.<\/li>\n<li>Tri\u00e9s selon le pays de destination (France, Espagne, Italie, etc.).<\/li>\n<li>Inject\u00e9s dans des flux terrestres (camion, train) vers les r\u00e9seaux postaux nationaux.<\/li>\n<\/ul>\n<p>Quand vous lisez \u00ab D\u00e9part du hub Temu \u00bb depuis un hub europ\u00e9en, le colis se dirige vers la France, souvent en coordination avec <strong>La Poste<\/strong> depuis l\u2019accord d\u2019acheminement conclu \u00e0 partir du 15 octobre 2025.<\/p>\n<div style=\"border:1px solid #d0e2ff; padding:12px; margin:18px 0; background:#f5f8ff;\">\n<p><strong>Conseil suivi :<\/strong> \u00e0 partir du d\u00e9part d\u2019un hub europ\u00e9en, le d\u00e9lai pour une adresse en France reste en g\u00e9n\u00e9ral inf\u00e9rieur \u00e0 une semaine, sauf al\u00e9as (gr\u00e8ves, surcharge saisonni\u00e8re, al\u00e9as m\u00e9t\u00e9o).<\/p>\n<\/div>\n<h2>Que se passe-t-il concr\u00e8tement dans un hub Temu ?<\/h2>\n<p>Le terme \u00ab hub \u00bb regroupe plusieurs op\u00e9rations successives, souvent invisibles dans le suivi, mais d\u00e9terminantes pour la vitesse de livraison.<\/p>\n<h3>Flux de traitement interne : de la r\u00e9ception au chargement<\/h3>\n<p>Un hub Temu fonctionne comme un n\u0153ud de circulation o\u00f9 les colis passent par plusieurs \u00e9tapes :<\/p>\n<ul>\n<li><strong>R\u00e9ception<\/strong> : arriv\u00e9e des colis en provenance d\u2019usines, de vendeurs tiers ou d\u2019autres hubs.<\/li>\n<li><strong>Tri par destination<\/strong> : orientation des colis vers une zone g\u00e9ographique sp\u00e9cifique (France, Benelux, Espagne, etc.).<\/li>\n<li><strong>Stockage par rotation<\/strong> : mise en rayon ou en casier selon la vitesse de vente des produits et les priorit\u00e9s logistiques.<\/li>\n<li><strong>Pr\u00e9paration et emballage<\/strong> : regroupement de plusieurs articles dans un m\u00eame colis, ajout des \u00e9tiquettes de transport internationales.<\/li>\n<li><strong>Consolidation<\/strong> : regroupement de colis dans des sacs, palettes ou conteneurs selon le mode de transport (a\u00e9rien, maritime, ferroviaire, routier).<\/li>\n<li><strong>Chargement<\/strong> : mise en soute d\u2019avion, dans un conteneur maritime, ou sur un camion longue distance.<\/li>\n<\/ul>\n<p>Le statut \u00ab D\u00e9part du hub Temu \u00bb appara\u00eet g\u00e9n\u00e9ralement au moment o\u00f9 le chargement est valid\u00e9 dans le syst\u00e8me informatique et transmis au transporteur suivant.<\/p>\n<h3>Pourquoi le suivi semble parfois fig\u00e9 apr\u00e8s ce statut<\/h3>\n<p>Apr\u00e8s un \u00ab D\u00e9part du hub Temu \u00bb, de nombreux acheteurs remarquent une <strong>pause de 3 \u00e0 5 jours<\/strong> dans l\u2019actualisation du suivi. Cette phase correspond \u00e0 :<\/p>\n<ul>\n<li>Un transit a\u00e9rien ou maritime sans scan interm\u00e9diaire.<\/li>\n<li>Une p\u00e9riode de regroupement et de contr\u00f4le en douane.<\/li>\n<li>Une mise \u00e0 jour diff\u00e9r\u00e9e des syst\u00e8mes de suivi entre Temu et les transporteurs partenaires.<\/li>\n<\/ul>\n<p>Cette absence d\u2019\u00e9v\u00e9nements visibles ne signifie pas que le colis est bloqu\u00e9. Il continue son trajet, mais les informations ne remontent pas en temps r\u00e9el dans l\u2019interface de suivi.<\/p>\n<div style=\"border:1px solid #ffe08a; padding:12px; margin:18px 0; background:#fffaf0;\">\n<p><strong>Point de vigilance :<\/strong> inutile d\u2019ouvrir un litige d\u00e8s les premiers jours apr\u00e8s un \u00ab D\u00e9part du hub \u00bb. Les donn\u00e9es montrent qu\u2019une pause de suivi de 3 \u00e0 5 jours reste fr\u00e9quente, surtout entre la Chine et l\u2019Europe.<\/p>\n<\/div>\n<h2>D\u00e9lais de livraison en France apr\u00e8s un \u00ab D\u00e9part du hub Temu \u00bb<\/h2>\n<p>En France, les d\u00e9lais de livraison associ\u00e9s aux statuts de type \u00ab d\u00e9part du hub \u00bb varient selon le type d\u2019exp\u00e9dition, l\u2019origine r\u00e9elle du colis et le trajet utilis\u00e9. Les donn\u00e9es 2025\u20132026 donnent une vision assez pr\u00e9cise.<\/p>\n<h3>D\u00e9lais moyens selon le type d\u2019exp\u00e9dition<\/h3>\n<p>Temu distingue plusieurs modes d\u2019exp\u00e9dition, qui influencent la dur\u00e9e entre le d\u00e9part du hub et la livraison finale :<\/p>\n<table border=\"1\" cellpadding=\"8\" cellspacing=\"0\" style=\"border-collapse:collapse; width:100%;\">\n<thead>\n<tr>\n<th>Type d\u2019exp\u00e9dition<\/th>\n<th>D\u00e9lai moyen annonc\u00e9<\/th>\n<th>D\u00e9lai calendaire approximatif<\/th>\n<th>Impact du statut \u00ab D\u00e9part du hub Temu \u00bb<\/th>\n<\/tr>\n<\/thead>\n<tbody>\n<tr>\n<td>Standard<\/td>\n<td>5 \u00e0 10 jours ouvr\u00e9s<\/td>\n<td>7 \u00e0 14 jours calendaires<\/td>\n<td>Le d\u00e9part du hub intervient souvent entre J+1 et J+4 apr\u00e8s commande<\/td>\n<\/tr>\n<tr>\n<td>Express<\/td>\n<td>3 \u00e0 8 jours ouvr\u00e9s<\/td>\n<td>4 \u00e0 11 jours calendaires<\/td>\n<td>Le statut \u00ab d\u00e9part du hub \u00bb arrive plus t\u00f4t, souvent dans les 24\/48 h suivant la pr\u00e9paration<\/td>\n<\/tr>\n<tr>\n<td>Articles en entrep\u00f4t local (Europe ou France)<\/td>\n<td>Livraison fr\u00e9quemment en moins d\u2019une semaine<\/td>\n<td>2 \u00e0 6 jours calendaires<\/td>\n<td>Le hub de d\u00e9part se situe d\u00e9j\u00e0 en Europe, transit r\u00e9duit et suivi plus dense<\/td>\n<\/tr>\n<\/tbody>\n<\/table>\n<p>Pour les commandes exp\u00e9di\u00e9es de Chine, les d\u00e9lais globaux restent compris entre <strong>7 et 12 jours ouvr\u00e9s<\/strong> (souvent 5 jours pour les plus rapides et jusqu\u2019\u00e0 20 jours en cas de ralentissement douanier ou de surcharge).<\/p>\n<h3>R\u00f4le des hubs europ\u00e9ens (Budapest, Rotterdam) dans les d\u00e9lais vers la France<\/h3>\n<p>Les performances de hubs comme <strong>Budapest<\/strong> et surtout <strong>Rotterdam<\/strong> influencent directement la rapidit\u00e9 du passage \u00ab d\u00e9part du hub \u00bb jusqu\u2019\u00e0 la distribution en France :<\/p>\n<ul>\n<li>\u00c0 Budapest, la hausse du fret trait\u00e9 (+50 % entre 2019 et 2023) a am\u00e9lior\u00e9 les cadences.<\/li>\n<li>\u00c0 Rotterdam, les retards ont recul\u00e9 d\u2019environ 60 % gr\u00e2ce \u00e0 une meilleure organisation des conteneurs et du rail.<\/li>\n<li>Les commandes arrivent en Europe avec un d\u00e9lai moyen <strong>inf\u00e9rieur \u00e0 7 jours<\/strong> apr\u00e8s d\u00e9part de Chine, contre plus de 15 jours pr\u00e9c\u00e9demment.<\/li>\n<\/ul>\n<p>Une fois les colis sortis de ces hubs, la distribution terrestre s\u2019appuie sur un r\u00e9seau routier et ferroviaire dense, capable d\u2019atteindre la France, l\u2019Espagne ou l\u2019Italie sans rupture de charge, ce qui r\u00e9duit les risques de blocage interm\u00e9diaire.<\/p>\n<h2>Impact du hub d\u2019origine sur le trajet et le suivi<\/h2>\n<p>Le message \u00ab D\u00e9part du hub Temu \u00bb n\u2019a pas la m\u00eame signification selon que le hub est situ\u00e9 en Chine, en Europe ou dans une autre r\u00e9gion. Pour le suivi, cette nuance change tout.<\/p>\n<h3>D\u00e9part d\u2019un hub en Chine : la phase la plus longue<\/h3>\n<p>Quand le statut indique un d\u00e9part depuis un hub comme Guangzhou, Shenzhen, Yiwu ou Shanghai, le colis entre dans une phase intercontinentale. \u00c0 ce moment-l\u00e0 :<\/p>\n<ul>\n<li>Le colis quitte la cha\u00eene de distribution interne chinoise.<\/li>\n<li>Il est charg\u00e9 sur un vol cargo ou dans un conteneur maritime.<\/li>\n<li>Il doit passer par la <strong>douane export<\/strong> en Chine, puis la <strong>douane import<\/strong> en Europe.<\/li>\n<\/ul>\n<p>Les d\u00e9lais associ\u00e9s \u00e0 cette phase tournent g\u00e9n\u00e9ralement entre <strong>1 et 3 semaines<\/strong> selon la saturation des ports et des a\u00e9roports, les contr\u00f4les douaniers et les p\u00e9riodes de pointe (f\u00eates, soldes, promotions massives).<\/p>\n<h3>D\u00e9part d\u2019un hub europ\u00e9en : derni\u00e8re ligne droite vers la France<\/h3>\n<p>Quand le suivi affiche un d\u00e9part d\u2019un hub situ\u00e9 en Europe, la distance restante est beaucoup plus courte. Dans ce cas :<\/p>\n<ul>\n<li>Les formalit\u00e9s douani\u00e8res sont d\u00e9j\u00e0 effectu\u00e9es.<\/li>\n<li>Le colis circule principalement par camion ou train vers des centres de tri fran\u00e7ais.<\/li>\n<li>La livraison finale s\u2019effectue par les r\u00e9seaux locaux (La Poste et partenaires).<\/li>\n<\/ul>\n<p>Pour un colis d\u00e9j\u00e0 pr\u00e9sent en Europe, le d\u00e9lai entre \u00ab d\u00e9part du hub Temu \u00bb et r\u00e9ception oscille souvent entre <strong>2 et 6 jours calendaires<\/strong>, selon la r\u00e9gion fran\u00e7aise (zone urbaine ou rurale) et la p\u00e9riode de l\u2019ann\u00e9e.<\/p>\n<div style=\"border:1px solid #e5e5e5; padding:12px; margin:18px 0; background:#fafafa;\">\n<p><strong>Astuce pour interpr\u00e9ter le statut :<\/strong> si le lieu du hub mentionn\u00e9 se trouve d\u00e9j\u00e0 en Europe, la livraison approche. Si le hub est situ\u00e9 en Chine, le trajet est encore au milieu de son parcours.<\/p>\n<\/div>\n<h2>Pourquoi le suivi Temu pr\u00e9sente une pause apr\u00e8s le \u00ab d\u00e9part du hub \u00bb<\/h2>\n<p>De nombreux utilisateurs s\u2019inqui\u00e8tent en voyant un suivi fig\u00e9 plusieurs jours apr\u00e8s un d\u00e9part de hub. Cette situation d\u00e9coule d\u2019\u00e9l\u00e9ments techniques et organisationnels pr\u00e9cis.<\/p>\n<h3>Synchronisation entre Temu, transporteurs et La Poste<\/h3>\n<p>Depuis l\u2019accord entre Temu et <strong>La Poste<\/strong> en octobre 2025 pour l\u2019acheminement en France, plusieurs syst\u00e8mes informatiques doivent synchroniser les donn\u00e9es :<\/p>\n<ul>\n<li>Plateforme Temu (statuts internes : pr\u00e9paration, hub, consolidation).<\/li>\n<li>Transporteurs a\u00e9riens ou maritimes (codes de vol, num\u00e9ros de conteneurs).<\/li>\n<li>Hubs europ\u00e9ens (Budapest, Rotterdam, Allemagne, Royaume-Uni).<\/li>\n<li>R\u00e9seau fran\u00e7ais (La Poste, sous-traitants, relais colis).<\/li>\n<\/ul>\n<p>Chacun de ces acteurs enregistre des scans \u00e0 des moments diff\u00e9rents. Les donn\u00e9es remontent ensuite vers Temu avec un l\u00e9ger d\u00e9calage, ce qui explique les p\u00e9riodes sans mise \u00e0 jour visible pour le client.<\/p>\n<h3>La \u00ab zone blanche \u00bb de 3 \u00e0 5 jours : ce qui se passe r\u00e9ellement<\/h3>\n<p>Entre le moment o\u00f9 le colis quitte un hub (statut \u00ab d\u00e9part \u00bb) et le prochain scan dans un centre europ\u00e9en ou fran\u00e7ais, plusieurs op\u00e9rations ont lieu :<\/p>\n<ul>\n<li>Transit a\u00e9rien ou maritime (sans scan interm\u00e9diaire applicable au colis individuel).<\/li>\n<li>Contr\u00f4le douanier de masse sur un lot de colis consolid\u00e9s.<\/li>\n<li>Transfert vers un sous-traitant logistique ou un r\u00e9seau postal.<\/li>\n<\/ul>\n<p>Le suivi reste souvent stable pendant <strong>3 \u00e0 5 jours<\/strong> apr\u00e8s ce d\u00e9part, puis se met \u00e0 jour brusquement avec plusieurs \u00e9v\u00e9nements d\u2019un coup (arriv\u00e9e sur le territoire europ\u00e9en, prise en charge par La Poste, arriv\u00e9e en centre de tri r\u00e9gional).<\/p>\n<h2>Diff\u00e9rence entre \u00ab d\u00e9part du hub Temu \u00bb et autres statuts de suivi<\/h2>\n<p>Pour interpr\u00e9ter correctement l\u2019\u00e9volution de votre colis, il est utile de relier le statut \u00ab d\u00e9part du hub \u00bb \u00e0 d\u2019autres \u00e9tapes fr\u00e9quentes du suivi Temu.<\/p>\n<h3>Chronologie type du suivi d\u2019un colis Temu<\/h3>\n<p>Une commande Temu suit en g\u00e9n\u00e9ral un sch\u00e9ma de statuts similaire :<\/p>\n<ul>\n<li>Commande valid\u00e9e \/ paiement confirm\u00e9.<\/li>\n<li>Pr\u00e9paration en entrep\u00f4t ou chez le fournisseur.<\/li>\n<li><strong>Arriv\u00e9e au hub Temu<\/strong> (r\u00e9ception et tri).<\/li>\n<li><strong>D\u00e9part du hub Temu<\/strong> (vers hub r\u00e9gional ou vers le pays de destination).<\/li>\n<li>Arriv\u00e9e dans un hub r\u00e9gional ou dans un centre de tri europ\u00e9en.<\/li>\n<li>Prise en charge par le service postal local (France : La Poste).<\/li>\n<li>En cours de livraison.<\/li>\n<li>Livr\u00e9.<\/li>\n<\/ul>\n<p>Le statut \u00ab d\u00e9part du hub \u00bb marque donc la transition entre la phase <strong>interne Temu<\/strong> (pr\u00e9paration, tri, consolidation) et la phase de <strong>transport longue distance<\/strong> g\u00e9r\u00e9e avec des partenaires.<\/p>\n<h3>Relation avec les statuts de suivi sp\u00e9cifiques Temu<\/h3>\n<p>Pour les commandes en France, plusieurs ressources aident \u00e0 interpr\u00e9ter pr\u00e9cis\u00e9ment les d\u00e9lais :<\/p>\n<ul>\n<li>La page <a href=\"\/delai-livraison-temu\/\">\/delai-livraison-temu\/<\/a> d\u00e9taille les estimations de dur\u00e9e par type d\u2019option (standard, express, entrep\u00f4t local).<\/li>\n<li>La ressource <a href=\"\/suivi-colis-temu\/\">\/suivi-colis-temu\/<\/a> d\u00e9crit les principaux statuts de suivi, leurs significations et les r\u00e9actions adapt\u00e9es en cas de blocage apparent.<\/li>\n<li>La page <a href=\"\/temu-livraison-france\/\">\/temu-livraison-france\/<\/a> pr\u00e9cise le fonctionnement particulier de la livraison sur le territoire fran\u00e7ais, notamment le r\u00f4le de La Poste et des points relais.<\/li>\n<\/ul>\n<p>En reliant le statut \u00ab D\u00e9part du hub Temu \u00bb \u00e0 ces informations compl\u00e9mentaires, l\u2019acheteur obtient une vision plus fiable de l\u2019avancement r\u00e9el de sa commande.<\/p>\n<h2>Influence du r\u00e9seau de fournisseurs et des entrep\u00f4ts locaux sur le d\u00e9part du hub<\/h2>\n<p>Au-del\u00e0 de la partie transport, la structure m\u00eame du r\u00e9seau de fournisseurs et d\u2019entrep\u00f4ts Temu influe sur le moment o\u00f9 le statut \u00ab d\u00e9part du hub \u00bb appara\u00eet.<\/p>\n<h3>R\u00e9seau de fournisseurs massifs et consolidation des flux<\/h3>\n<p>Temu travaille avec plus de <strong>3 500 fournisseurs<\/strong> et propose plus de <strong>138 900 produits<\/strong>. Cette densit\u00e9 de vendeurs implique :<\/p>\n<ul>\n<li>Une centralisation des produits dans des hubs primaires avant exp\u00e9dition internationale.<\/li>\n<li>Des colis qui regroupent parfois des articles provenant de plusieurs fournisseurs.<\/li>\n<li>Des cycles de pr\u00e9paration variables selon l\u2019emplacement de chaque vendeur.<\/li>\n<\/ul>\n<p>Le statut \u00ab D\u00e9part du hub Temu \u00bb peut donc intervenir \u00e0 des moments diff\u00e9rents selon que tous les articles du panier sont d\u00e9j\u00e0 rassembl\u00e9s dans le m\u00eame hub ou non.<\/p>\n<h3>Entrep\u00f4ts locaux et impact sur le d\u00e9lai apr\u00e8s d\u00e9part<\/h3>\n<p>Quand un produit est stock\u00e9 dans un entrep\u00f4t local (Europe ou France), le statut \u00ab d\u00e9part du hub \u00bb prend un sens plus court dans le temps :<\/p>\n<ul>\n<li>Le colis part d\u00e9j\u00e0 depuis un pays europ\u00e9en.<\/li>\n<li>La douane import a d\u00e9j\u00e0 \u00e9t\u00e9 g\u00e9r\u00e9e en amont pour ces stocks.<\/li>\n<li>Les d\u00e9lais de livraison se contractent \u00e0 quelques jours, parfois moins d\u2019une semaine.<\/li>\n<\/ul>\n<p>Cette architecture logistique se rapproche de celle utilis\u00e9e par les grandes marketplaces internationales, qui stockent des produits \u00e0 proximit\u00e9 des clients pour r\u00e9duire la distance entre le d\u00e9part de hub et la livraison.<\/p>\n<div style=\"border:1px solid #c2f0c2; padding:12px; margin:18px 0; background:#f6fff6;\">\n<p><strong>Bon r\u00e9flexe :<\/strong> lors d\u2019une commande, privil\u00e9gier, lorsque cela est propos\u00e9, les articles signal\u00e9s comme exp\u00e9di\u00e9s depuis un entrep\u00f4t europ\u00e9en. Le statut \u00ab D\u00e9part du hub Temu \u00bb interviendra plus pr\u00e8s de chez vous, ce qui r\u00e9duit les d\u00e9lais r\u00e9els et la dur\u00e9e de l\u2019attente entre deux scans.<\/p>\n<\/div>\n<h2>Comment utiliser le statut \u00ab D\u00e9part du hub Temu \u00bb pour anticiper la livraison<\/h2>\n<p>En interpr\u00e9tant correctement ce statut, il devient possible d\u2019estimer plus finement le moment d\u2019arriv\u00e9e du colis, sans se fier uniquement \u00e0 la date estim\u00e9e indiqu\u00e9e sur l\u2019application.<\/p>\n<h3>Lecture pratique du statut selon votre situation<\/h3>\n<p>Pour un acheteur en France, une grille de lecture simple aide \u00e0 anticiper :<\/p>\n<ul>\n<li>Si le d\u00e9part du hub est situ\u00e9 en Chine : pr\u00e9voir encore <strong>7 \u00e0 14 jours calendaires<\/strong>, selon l\u2019option standard ou express et la p\u00e9riode de l\u2019ann\u00e9e.<\/li>\n<li>Si le d\u00e9part du hub est europ\u00e9en : pr\u00e9voir en moyenne <strong>2 \u00e0 6 jours calendaires<\/strong> avant r\u00e9ception.<\/li>\n<li>Si le suivi indique ensuite une prise en charge par La Poste : compter g\u00e9n\u00e9ralement <strong>24 \u00e0 72 heures<\/strong> pour la livraison en m\u00e9tropole, plus en cas de zone isol\u00e9e ou d\u2019outre-mer.<\/li>\n<\/ul>\n<p>En recoupant ces donn\u00e9es avec les informations d\u00e9taill\u00e9es sur <a href=\"\/delai-livraison-temu\/\">\/delai-livraison-temu\/<\/a> et <a href=\"\/temu-livraison-france\/\">\/temu-livraison-france\/<\/a>, vous obtenez une estimation largement plus pr\u00e9cise que le simple message g\u00e9n\u00e9rique de l\u2019application.<\/p>\n<h3>Quand s\u2019alarmer et quand patienter<\/h3>\n<p>Le statut \u00ab D\u00e9part du hub Temu \u00bb peut g\u00e9n\u00e9rer une forme de stress lorsqu\u2019il reste affich\u00e9 plusieurs jours. Un rep\u00e8re temporel clair aide \u00e0 savoir comment r\u00e9agir :<\/p>\n<ul>\n<li><strong>Moins de 7 jours ouvr\u00e9s apr\u00e8s d\u00e9part du hub :<\/strong> situation normale, surtout si l\u2019origine est en Chine.<\/li>\n<li><strong>Entre 7 et 12 jours ouvr\u00e9s :<\/strong> d\u00e9but de retard possible, surveiller le suivi Temu et les mails de mise \u00e0 jour.<\/li>\n<li><strong>Au-del\u00e0 de 15 \u00e0 20 jours calendaires :<\/strong> d\u00e9lai inhabituel, utile de consulter la rubrique aide Temu et d\u2019envisager une demande d\u2019assistance ou un remboursement selon les conditions en vigueur.<\/li>\n<\/ul>\n<p>Ce cadre temporel se base sur les donn\u00e9es observ\u00e9es entre 2025 et 2026 pour les envois vers la France, en tenant compte des temps de transit moyens et des ralentissements constat\u00e9s lors des p\u00e9riodes de forte activit\u00e9.<\/p>\n","protected":false},"excerpt":{"rendered":"","protected":false},"author":29,"featured_media":11622,"comment_status":"open","ping_status":"","sticky":false,"template":"","format":"standard","meta":{"_acf_changed":false,"subtitle":"","footnotes":""},"categories":[521],"tags":[],"class_list":["post-11624","post","type-post","status-publish","format-standard","has-post-thumbnail","hentry","category-international","generate-columns","tablet-grid-50","mobile-grid-100","grid-parent","grid-33"],"acf":false,"yoast_head":"<!-- This site is optimized with the Yoast SEO plugin v25.8 - https:\/\/yoast.com\/wordpress\/plugins\/seo\/ -->\n<title>D\u00e9part du hub Temu : que signifie ce statut de suivi | SFPF<\/title>\n<meta name=\"description\" content=\"Le statut \u00ab D\u00e9part du hub Temu \u00bb d\u00e9clenche souvent une s\u00e9rie de questions : o\u00f9 se trouve ce hub, combien de temps reste-t-il avant la livraison, et\" \/>\n<meta name=\"robots\" content=\"index, follow, max-snippet:-1, max-image-preview:large, max-video-preview:-1\" \/>\n<link rel=\"canonical\" href=\"https:\/\/www.sfpf.fr\/actu\/depart-hub-temu\" \/>\n<meta property=\"og:locale\" content=\"fr_FR\" \/>\n<meta property=\"og:type\" content=\"article\" \/>\n<meta property=\"og:title\" content=\"D\u00e9part du hub Temu : que signifie ce statut de suivi | SFPF\" \/>\n<meta property=\"og:description\" content=\"Le statut \u00ab D\u00e9part du hub Temu \u00bb d\u00e9clenche souvent une s\u00e9rie de questions : o\u00f9 se trouve ce hub, combien de temps reste-t-il avant la livraison, et\" \/>\n<meta property=\"og:url\" content=\"https:\/\/www.sfpf.fr\/actu\/depart-hub-temu\" \/>\n<meta property=\"og:site_name\" content=\"SFPF\" \/>\n<meta property=\"article:published_time\" content=\"2026-03-15T08:00:00+00:00\" \/>\n<meta property=\"og:image\" content=\"https:\/\/www.sfpf.fr\/actu\/wp-content\/uploads\/2026\/02\/depart_hub_logistique-scaled.png\" \/>\n\t<meta property=\"og:image:width\" content=\"1200\" \/>\n\t<meta property=\"og:image:height\" content=\"673\" \/>\n\t<meta property=\"og:image:type\" content=\"image\/png\" \/>\n<meta name=\"author\" content=\"Laredac\" \/>\n<meta name=\"twitter:card\" content=\"summary_large_image\" \/>\n<meta name=\"twitter:label1\" content=\"\u00c9crit par\" \/>\n\t<meta name=\"twitter:data1\" content=\"Laredac\" \/>\n\t<meta name=\"twitter:label2\" content=\"Dur\u00e9e de lecture estim\u00e9e\" \/>\n\t<meta name=\"twitter:data2\" content=\"15 minutes\" \/>\n<script type=\"application\/ld+json\" class=\"yoast-schema-graph\">{\"@context\":\"https:\/\/schema.org\",\"@graph\":[{\"@type\":\"NewsArticle\",\"@id\":\"https:\/\/www.sfpf.fr\/actu\/depart-hub-temu#article\",\"isPartOf\":{\"@id\":\"https:\/\/www.sfpf.fr\/actu\/depart-hub-temu\"},\"author\":{\"name\":\"Laredac\",\"@id\":\"https:\/\/www.sfpf.fr\/actu\/#\/schema\/person\/bd87396233d24e5e46c39394bfc2a378\"},\"headline\":\"D\u00e9part du hub Temu : que signifie ce statut de suivi\",\"datePublished\":\"2026-03-15T08:00:00+00:00\",\"mainEntityOfPage\":{\"@id\":\"https:\/\/www.sfpf.fr\/actu\/depart-hub-temu\"},\"wordCount\":3034,\"commentCount\":0,\"publisher\":{\"@id\":\"https:\/\/www.sfpf.fr\/actu\/#organization\"},\"image\":{\"@id\":\"https:\/\/www.sfpf.fr\/actu\/depart-hub-temu#primaryimage\"},\"thumbnailUrl\":\"https:\/\/www.sfpf.fr\/actu\/wp-content\/uploads\/2026\/02\/depart_hub_logistique-scaled.png\",\"articleSection\":[\"International\"],\"inLanguage\":\"fr-FR\",\"potentialAction\":[{\"@type\":\"CommentAction\",\"name\":\"Comment\",\"target\":[\"https:\/\/www.sfpf.fr\/actu\/depart-hub-temu#respond\"]}]},{\"@type\":\"WebPage\",\"@id\":\"https:\/\/www.sfpf.fr\/actu\/depart-hub-temu\",\"url\":\"https:\/\/www.sfpf.fr\/actu\/depart-hub-temu\",\"name\":\"D\u00e9part du hub Temu : que signifie ce statut de suivi | SFPF\",\"isPartOf\":{\"@id\":\"https:\/\/www.sfpf.fr\/actu\/#website\"},\"primaryImageOfPage\":{\"@id\":\"https:\/\/www.sfpf.fr\/actu\/depart-hub-temu#primaryimage\"},\"image\":{\"@id\":\"https:\/\/www.sfpf.fr\/actu\/depart-hub-temu#primaryimage\"},\"thumbnailUrl\":\"https:\/\/www.sfpf.fr\/actu\/wp-content\/uploads\/2026\/02\/depart_hub_logistique-scaled.png\",\"datePublished\":\"2026-03-15T08:00:00+00:00\",\"description\":\"Le statut \u00ab D\u00e9part du hub Temu \u00bb d\u00e9clenche souvent une s\u00e9rie de questions : o\u00f9 se trouve ce hub, combien de temps reste-t-il avant la livraison, et\",\"breadcrumb\":{\"@id\":\"https:\/\/www.sfpf.fr\/actu\/depart-hub-temu#breadcrumb\"},\"inLanguage\":\"fr-FR\",\"potentialAction\":[{\"@type\":\"ReadAction\",\"target\":[\"https:\/\/www.sfpf.fr\/actu\/depart-hub-temu\"]}]},{\"@type\":\"ImageObject\",\"inLanguage\":\"fr-FR\",\"@id\":\"https:\/\/www.sfpf.fr\/actu\/depart-hub-temu#primaryimage\",\"url\":\"https:\/\/www.sfpf.fr\/actu\/wp-content\/uploads\/2026\/02\/depart_hub_logistique-scaled.png\",\"contentUrl\":\"https:\/\/www.sfpf.fr\/actu\/wp-content\/uploads\/2026\/02\/depart_hub_logistique-scaled.png\",\"width\":1200,\"height\":673,\"caption\":\"Sc\u00e8ne r\u00e9aliste d\u2019un hub logistique international \u00e0 l\u2019aube avec des employ\u00e9s chargeant des colis dans un camion.\"},{\"@type\":\"BreadcrumbList\",\"@id\":\"https:\/\/www.sfpf.fr\/actu\/depart-hub-temu#breadcrumb\",\"itemListElement\":[{\"@type\":\"ListItem\",\"position\":1,\"name\":\"Accueil\",\"item\":\"https:\/\/www.sfpf.fr\/actu\"},{\"@type\":\"ListItem\",\"position\":2,\"name\":\"International\",\"item\":\"https:\/\/www.sfpf.fr\/actu\/categorie\/international\"},{\"@type\":\"ListItem\",\"position\":3,\"name\":\"D\u00e9part du hub Temu : que signifie ce statut de suivi\"}]},{\"@type\":\"WebSite\",\"@id\":\"https:\/\/www.sfpf.fr\/actu\/#website\",\"url\":\"https:\/\/www.sfpf.fr\/actu\/\",\"name\":\"SFPF\",\"description\":\"\",\"publisher\":{\"@id\":\"https:\/\/www.sfpf.fr\/actu\/#organization\"},\"potentialAction\":[{\"@type\":\"SearchAction\",\"target\":{\"@type\":\"EntryPoint\",\"urlTemplate\":\"https:\/\/www.sfpf.fr\/actu\/?s={search_term_string}\"},\"query-input\":{\"@type\":\"PropertyValueSpecification\",\"valueRequired\":true,\"valueName\":\"search_term_string\"}}],\"inLanguage\":\"fr-FR\"},{\"@type\":\"Organization\",\"@id\":\"https:\/\/www.sfpf.fr\/actu\/#organization\",\"name\":\"SFPF\",\"url\":\"https:\/\/www.sfpf.fr\/actu\/\",\"logo\":{\"@type\":\"ImageObject\",\"inLanguage\":\"fr-FR\",\"@id\":\"https:\/\/www.sfpf.fr\/actu\/#\/schema\/logo\/image\/\",\"url\":\"https:\/\/www.sfpf.fr\/actu\/wp-content\/uploads\/2025\/09\/media.png\",\"contentUrl\":\"https:\/\/www.sfpf.fr\/actu\/wp-content\/uploads\/2025\/09\/media.png\",\"width\":178,\"height\":100,\"caption\":\"SFPF\"},\"image\":{\"@id\":\"https:\/\/www.sfpf.fr\/actu\/#\/schema\/logo\/image\/\"}},{\"@type\":\"Person\",\"@id\":\"https:\/\/www.sfpf.fr\/actu\/#\/schema\/person\/bd87396233d24e5e46c39394bfc2a378\",\"name\":\"Laredac\",\"image\":{\"@type\":\"ImageObject\",\"inLanguage\":\"fr-FR\",\"@id\":\"https:\/\/www.sfpf.fr\/actu\/#\/schema\/person\/image\/\",\"url\":\"https:\/\/www.sfpf.fr\/actu\/wp-content\/uploads\/2025\/09\/Design-sans-titre-10.jpg\",\"contentUrl\":\"https:\/\/www.sfpf.fr\/actu\/wp-content\/uploads\/2025\/09\/Design-sans-titre-10.jpg\",\"caption\":\"Laredac\"},\"description\":\"La R\u00e9daction, c\u2019est une petite \u00e9quipe de b\u00e9n\u00e9voles curieux et passionn\u00e9s. Si chacun cultive ses propres centres d\u2019int\u00e9r\u00eat \u2014 timbres fiscaux, monnaies, documents anciens ou objets de collection en tout genre \u2014 tous partagent le go\u00fbt de la d\u00e9couverte, de l\u2019authentique et du savoir bien transmis. Attach\u00e9e \u00e0 la qualit\u00e9 de l\u2019information, la r\u00e9daction s\u2019attache \u00e0 couvrir l\u2019actualit\u00e9 des collections, les nouveaut\u00e9s du march\u00e9, les tendances, mais aussi les \u00e9v\u00e9nements, publications et projets li\u00e9s \u00e0 l\u2019univers du patrimoine et de la culture. Sans se prendre trop au s\u00e9rieux, La R\u00e9dac veille \u00e0 proposer un contenu fiable, vivant et accessible \u00e0 tous les curieux, collectionneurs ou simples amateurs.\",\"url\":\"https:\/\/www.sfpf.fr\/actu\/author\/laredac\"}]}<\/script>\n<!-- \/ Yoast SEO plugin. -->","yoast_head_json":{"title":"D\u00e9part du hub Temu : que signifie ce statut de suivi | SFPF","description":"Le statut \u00ab D\u00e9part du hub Temu \u00bb d\u00e9clenche souvent une s\u00e9rie de questions : o\u00f9 se trouve ce hub, combien de temps reste-t-il avant la livraison, et","robots":{"index":"index","follow":"follow","max-snippet":"max-snippet:-1","max-image-preview":"max-image-preview:large","max-video-preview":"max-video-preview:-1"},"canonical":"https:\/\/www.sfpf.fr\/actu\/depart-hub-temu","og_locale":"fr_FR","og_type":"article","og_title":"D\u00e9part du hub Temu : que signifie ce statut de suivi | SFPF","og_description":"Le statut \u00ab D\u00e9part du hub Temu \u00bb d\u00e9clenche souvent une s\u00e9rie de questions : o\u00f9 se trouve ce hub, combien de temps reste-t-il avant la livraison, et","og_url":"https:\/\/www.sfpf.fr\/actu\/depart-hub-temu","og_site_name":"SFPF","article_published_time":"2026-03-15T08:00:00+00:00","og_image":[{"width":1200,"height":673,"url":"https:\/\/www.sfpf.fr\/actu\/wp-content\/uploads\/2026\/02\/depart_hub_logistique-scaled.png","type":"image\/png"}],"author":"Laredac","twitter_card":"summary_large_image","twitter_misc":{"\u00c9crit par":"Laredac","Dur\u00e9e de lecture estim\u00e9e":"15 minutes"},"schema":{"@context":"https:\/\/schema.org","@graph":[{"@type":"NewsArticle","@id":"https:\/\/www.sfpf.fr\/actu\/depart-hub-temu#article","isPartOf":{"@id":"https:\/\/www.sfpf.fr\/actu\/depart-hub-temu"},"author":{"name":"Laredac","@id":"https:\/\/www.sfpf.fr\/actu\/#\/schema\/person\/bd87396233d24e5e46c39394bfc2a378"},"headline":"D\u00e9part du hub Temu : que signifie ce statut de suivi","datePublished":"2026-03-15T08:00:00+00:00","mainEntityOfPage":{"@id":"https:\/\/www.sfpf.fr\/actu\/depart-hub-temu"},"wordCount":3034,"commentCount":0,"publisher":{"@id":"https:\/\/www.sfpf.fr\/actu\/#organization"},"image":{"@id":"https:\/\/www.sfpf.fr\/actu\/depart-hub-temu#primaryimage"},"thumbnailUrl":"https:\/\/www.sfpf.fr\/actu\/wp-content\/uploads\/2026\/02\/depart_hub_logistique-scaled.png","articleSection":["International"],"inLanguage":"fr-FR","potentialAction":[{"@type":"CommentAction","name":"Comment","target":["https:\/\/www.sfpf.fr\/actu\/depart-hub-temu#respond"]}]},{"@type":"WebPage","@id":"https:\/\/www.sfpf.fr\/actu\/depart-hub-temu","url":"https:\/\/www.sfpf.fr\/actu\/depart-hub-temu","name":"D\u00e9part du hub Temu : que signifie ce statut de suivi | SFPF","isPartOf":{"@id":"https:\/\/www.sfpf.fr\/actu\/#website"},"primaryImageOfPage":{"@id":"https:\/\/www.sfpf.fr\/actu\/depart-hub-temu#primaryimage"},"image":{"@id":"https:\/\/www.sfpf.fr\/actu\/depart-hub-temu#primaryimage"},"thumbnailUrl":"https:\/\/www.sfpf.fr\/actu\/wp-content\/uploads\/2026\/02\/depart_hub_logistique-scaled.png","datePublished":"2026-03-15T08:00:00+00:00","description":"Le statut \u00ab D\u00e9part du hub Temu \u00bb d\u00e9clenche souvent une s\u00e9rie de questions : o\u00f9 se trouve ce hub, combien de temps reste-t-il avant la livraison, et","breadcrumb":{"@id":"https:\/\/www.sfpf.fr\/actu\/depart-hub-temu#breadcrumb"},"inLanguage":"fr-FR","potentialAction":[{"@type":"ReadAction","target":["https:\/\/www.sfpf.fr\/actu\/depart-hub-temu"]}]},{"@type":"ImageObject","inLanguage":"fr-FR","@id":"https:\/\/www.sfpf.fr\/actu\/depart-hub-temu#primaryimage","url":"https:\/\/www.sfpf.fr\/actu\/wp-content\/uploads\/2026\/02\/depart_hub_logistique-scaled.png","contentUrl":"https:\/\/www.sfpf.fr\/actu\/wp-content\/uploads\/2026\/02\/depart_hub_logistique-scaled.png","width":1200,"height":673,"caption":"Sc\u00e8ne r\u00e9aliste d\u2019un hub logistique international \u00e0 l\u2019aube avec des employ\u00e9s chargeant des colis dans un camion."},{"@type":"BreadcrumbList","@id":"https:\/\/www.sfpf.fr\/actu\/depart-hub-temu#breadcrumb","itemListElement":[{"@type":"ListItem","position":1,"name":"Accueil","item":"https:\/\/www.sfpf.fr\/actu"},{"@type":"ListItem","position":2,"name":"International","item":"https:\/\/www.sfpf.fr\/actu\/categorie\/international"},{"@type":"ListItem","position":3,"name":"D\u00e9part du hub Temu : que signifie ce statut de suivi"}]},{"@type":"WebSite","@id":"https:\/\/www.sfpf.fr\/actu\/#website","url":"https:\/\/www.sfpf.fr\/actu\/","name":"SFPF","description":"","publisher":{"@id":"https:\/\/www.sfpf.fr\/actu\/#organization"},"potentialAction":[{"@type":"SearchAction","target":{"@type":"EntryPoint","urlTemplate":"https:\/\/www.sfpf.fr\/actu\/?s={search_term_string}"},"query-input":{"@type":"PropertyValueSpecification","valueRequired":true,"valueName":"search_term_string"}}],"inLanguage":"fr-FR"},{"@type":"Organization","@id":"https:\/\/www.sfpf.fr\/actu\/#organization","name":"SFPF","url":"https:\/\/www.sfpf.fr\/actu\/","logo":{"@type":"ImageObject","inLanguage":"fr-FR","@id":"https:\/\/www.sfpf.fr\/actu\/#\/schema\/logo\/image\/","url":"https:\/\/www.sfpf.fr\/actu\/wp-content\/uploads\/2025\/09\/media.png","contentUrl":"https:\/\/www.sfpf.fr\/actu\/wp-content\/uploads\/2025\/09\/media.png","width":178,"height":100,"caption":"SFPF"},"image":{"@id":"https:\/\/www.sfpf.fr\/actu\/#\/schema\/logo\/image\/"}},{"@type":"Person","@id":"https:\/\/www.sfpf.fr\/actu\/#\/schema\/person\/bd87396233d24e5e46c39394bfc2a378","name":"Laredac","image":{"@type":"ImageObject","inLanguage":"fr-FR","@id":"https:\/\/www.sfpf.fr\/actu\/#\/schema\/person\/image\/","url":"https:\/\/www.sfpf.fr\/actu\/wp-content\/uploads\/2025\/09\/Design-sans-titre-10.jpg","contentUrl":"https:\/\/www.sfpf.fr\/actu\/wp-content\/uploads\/2025\/09\/Design-sans-titre-10.jpg","caption":"Laredac"},"description":"La R\u00e9daction, c\u2019est une petite \u00e9quipe de b\u00e9n\u00e9voles curieux et passionn\u00e9s. Si chacun cultive ses propres centres d\u2019int\u00e9r\u00eat \u2014 timbres fiscaux, monnaies, documents anciens ou objets de collection en tout genre \u2014 tous partagent le go\u00fbt de la d\u00e9couverte, de l\u2019authentique et du savoir bien transmis. Attach\u00e9e \u00e0 la qualit\u00e9 de l\u2019information, la r\u00e9daction s\u2019attache \u00e0 couvrir l\u2019actualit\u00e9 des collections, les nouveaut\u00e9s du march\u00e9, les tendances, mais aussi les \u00e9v\u00e9nements, publications et projets li\u00e9s \u00e0 l\u2019univers du patrimoine et de la culture. Sans se prendre trop au s\u00e9rieux, La R\u00e9dac veille \u00e0 proposer un contenu fiable, vivant et accessible \u00e0 tous les curieux, collectionneurs ou simples amateurs.","url":"https:\/\/www.sfpf.fr\/actu\/author\/laredac"}]}},"_links":{"self":[{"href":"https:\/\/www.sfpf.fr\/actu\/wp-json\/wp\/v2\/posts\/11624","targetHints":{"allow":["GET"]}}],"collection":[{"href":"https:\/\/www.sfpf.fr\/actu\/wp-json\/wp\/v2\/posts"}],"about":[{"href":"https:\/\/www.sfpf.fr\/actu\/wp-json\/wp\/v2\/types\/post"}],"author":[{"embeddable":true,"href":"https:\/\/www.sfpf.fr\/actu\/wp-json\/wp\/v2\/users\/29"}],"replies":[{"embeddable":true,"href":"https:\/\/www.sfpf.fr\/actu\/wp-json\/wp\/v2\/comments?post=11624"}],"version-history":[{"count":1,"href":"https:\/\/www.sfpf.fr\/actu\/wp-json\/wp\/v2\/posts\/11624\/revisions"}],"predecessor-version":[{"id":11810,"href":"https:\/\/www.sfpf.fr\/actu\/wp-json\/wp\/v2\/posts\/11624\/revisions\/11810"}],"wp:featuredmedia":[{"embeddable":true,"href":"https:\/\/www.sfpf.fr\/actu\/wp-json\/wp\/v2\/media\/11622"}],"wp:attachment":[{"href":"https:\/\/www.sfpf.fr\/actu\/wp-json\/wp\/v2\/media?parent=11624"}],"wp:term":[{"taxonomy":"category","embeddable":true,"href":"https:\/\/www.sfpf.fr\/actu\/wp-json\/wp\/v2\/categories?post=11624"},{"taxonomy":"post_tag","embeddable":true,"href":"https:\/\/www.sfpf.fr\/actu\/wp-json\/wp\/v2\/tags?post=11624"}],"curies":[{"name":"wp","href":"https:\/\/api.w.org\/{rel}","templated":true}]}}