{"id":11612,"date":"2026-03-13T09:00:00","date_gmt":"2026-03-13T07:00:00","guid":{"rendered":"https:\/\/www.sfpf.fr\/actu\/?p=11612"},"modified":"2026-03-13T09:00:00","modified_gmt":"2026-03-13T07:00:00","slug":"delai-livraison-colissimo","status":"publish","type":"post","link":"https:\/\/www.sfpf.fr\/actu\/delai-livraison-colissimo","title":{"rendered":"D\u00e9lai livraison Colissimo : combien de jours faut-il compter"},"content":{"rendered":"<p>Le d\u00e9lai de livraison Colissimo suscite toujours les m\u00eames questions : combien de jours compter, \u00e0 partir de quel moment d\u00e9bute r\u00e9ellement le d\u00e9lai, et dans quels cas la promesse de 48h s\u2019allonge sans pr\u00e9venir. Entre jours ouvr\u00e9s, heure limite de d\u00e9p\u00f4t, p\u00e9riodes de forte affluence et acheminement international, la r\u00e9alit\u00e9 du terrain diff\u00e8re souvent des id\u00e9es re\u00e7ues.<\/p>\n<p>En analysant pr\u00e9cis\u00e9ment les d\u00e9lais indicatifs, les facteurs de rallongement et les cas concrets en France, vers l\u2019Outre\u2011mer ou l\u2019international, on obtient une vision bien plus fiable des temps de transport Colissimo. Les nuances entre pr\u00e9paration, tri, transport et distribution changent beaucoup de choses pour organiser un envoi ou mieux anticiper la r\u00e9ception d\u2019un colis.<\/p>\n<table style='width:100%; border-collapse:collapse; font-family:Arial; font-size:14px; overflow-x:auto; display:block;'>\n<thead>\n<tr style='background:#f2f2f2; text-align:left;'>\n<th style='padding:8px; border:1px solid #ddd;'>Situation d&rsquo;envoi<\/th>\n<th style='padding:8px; border:1px solid #ddd;'>D\u00e9lai moyen constat\u00e9<\/th>\n<th style='padding:8px; border:1px solid #ddd;'>Facteurs qui acc\u00e9l\u00e8rent<\/th>\n<th style='padding:8px; border:1px solid #ddd;'>Facteurs qui ralentissent<\/th>\n<\/tr>\n<\/thead>\n<tbody>\n<tr>\n<td style='padding:8px; border:1px solid #ddd;'>Colissimo France m\u00e9tropolitaine<\/td>\n<td style='padding:8px; border:1px solid #ddd;'>48 h<\/td>\n<td style='padding:8px; border:1px solid #ddd;'>D\u00e9p\u00f4t avant l&rsquo;heure limite, bureau bien desservi<\/td>\n<td style='padding:8px; border:1px solid #ddd;'>Week-end, jours f\u00e9ri\u00e9s, surcharge r\u00e9seau<\/td>\n<\/tr>\n<tr>\n<td style='padding:8px; border:1px solid #ddd;'>Colissimo International<\/td>\n<td style='padding:8px; border:1px solid #ddd;'>3 \u00e0 7 jours<\/td>\n<td style='padding:8px; border:1px solid #ddd;'>Destination proche, d\u00e9douanement rapide<\/td>\n<td style='padding:8px; border:1px solid #ddd;'>Douanes, transport a\u00e9rien perturb\u00e9<\/td>\n<\/tr>\n<tr>\n<td style='padding:8px; border:1px solid #ddd;'>Colissimo Outre-mer<\/td>\n<td style='padding:8px; border:1px solid #ddd;'>5 \u00e0 10 jours<\/td>\n<td style='padding:8px; border:1px solid #ddd;'>Acheminement a\u00e9rien fluide<\/td>\n<td style='padding:8px; border:1px solid #ddd;'>Intemp\u00e9ries, zones difficiles d&rsquo;acc\u00e8s<\/td>\n<\/tr>\n<tr>\n<td style='padding:8px; border:1px solid #ddd;'>P\u00e9riode normale<\/td>\n<td style='padding:8px; border:1px solid #ddd;'>D\u00e9lais stables<\/td>\n<td style='padding:8px; border:1px solid #ddd;'>Volume colis mod\u00e9r\u00e9<\/td>\n<td style='padding:8px; border:1px solid #ddd;'>Rien \u00e0 signaler<\/td>\n<\/tr>\n<tr>\n<td style='padding:8px; border:1px solid #ddd;'>P\u00e9riode de forte affluence (No\u00ebl, soldes)<\/td>\n<td style='padding:8px; border:1px solid #ddd;'>+1 \u00e0 +3 jours<\/td>\n<td style='padding:8px; border:1px solid #ddd;'>D\u00e9p\u00f4t anticip\u00e9<\/td>\n<td style='padding:8px; border:1px solid #ddd;'>Saturation logistique<\/td>\n<\/tr>\n<\/tbody>\n<\/table>\n<div style=\"max-width:600px;margin:15px auto;text-align:center\">\n<div style=\"position:relative;display:inline-block;width:100%\">\n<p>    <a href=\"https:\/\/www.pinterest.com\/pin\/create\/button\/?media=https:\/\/www.sfpf.fr\/actu\/wp-content\/uploads\/2026\/02\/delailivraisoncolissicombiendejoursfautilcompter.jpg&#038;url=https:\/\/www.sfpf.fr\/actu\/wp-content\/uploads\/2026\/02\/delailivraisoncolissicombiendejoursfautilcompter.jpg\"\n      target=\"_blank\"\n      rel=\"noopener\"\n      aria-label=\"Enregistrer l\u2019image sur Pinterest\"\n      style=\"position:absolute;top:10px;right:10px;z-index:5;font-size:22px;line-height:1;text-decoration:none\"\n     class=\"external-link\" target=\"_blank\" rel=\"noopener\"><br \/>\n      \ud83d\udccc<br \/>\n    <\/a><\/p>\n<p>    <img\n      src=\"https:\/\/www.sfpf.fr\/actu\/wp-content\/uploads\/2026\/02\/delailivraisoncolissicombiendejoursfautilcompter.jpg\"\n      style=\"width:100%;max-height:70vh;object-fit:contain;display:block\"\n      loading=\"eager\"\n      decoding=\"async\"\n    ><\/p><\/div>\n<div style=\"margin-top:6px;display:flex;gap:8px;justify-content:center\">\n<p>    <a\n      href=\"https:\/\/www.sfpf.fr\/actu\/wp-content\/uploads\/2026\/02\/delailivraisoncolissicombiendejoursfautilcompter.jpg\"\n      class=\"button\"\n      download\n    ><br \/>\n      T\u00e9l\u00e9charger l\u2019image<br \/>\n    <\/a><\/p>\n<p>    <button\n      type=\"button\"\n      class=\"button\"\n      onclick=\"(function(){\n        if (navigator.share) {\n          navigator.share({\n            title: document.title,\n            url: 'https:\/\/www.sfpf.fr\/actu\/wp-content\/uploads\/2026\/02\/delailivraisoncolissicombiendejoursfautilcompter.jpg'\n          });\n        }\n      })();\"\n    ><br \/>\n      Partager l\u2019image<br \/>\n    <\/button><\/p><\/div>\n<\/div>\n<h2>D\u00e9lai livraison Colissimo en France : comprendre le fameux \u00ab\u00a048h\u00a0\u00bb<\/h2>\n<p>En France m\u00e9tropolitaine, le d\u00e9lai de livraison Colissimo annonc\u00e9 pour un envoi standard s\u2019\u00e9tablit \u00e0 <strong>48h, soit 2 jours ouvrables<\/strong>. Ce d\u00e9lai s\u2019applique de mani\u00e8re uniforme, sans distinction de r\u00e9gion, tant que le r\u00e9seau logistique fonctionne en conditions normales.<\/p>\n<p>Ce d\u00e9lai reste <strong>indicatif et non garanti contractuellement<\/strong>. Il repose sur une organisation optimis\u00e9e des centres de tri, des transports routiers et de la distribution locale, mais demeure expos\u00e9 aux al\u00e9as : trafic, m\u00e9t\u00e9o, surcharge saisonni\u00e8re ou incidents op\u00e9rationnels. L\u2019exp\u00e9diteur comme le destinataire gagnent donc \u00e0 consid\u00e9rer ces 48h comme une moyenne et non comme une certitude absolue.<\/p>\n<h3>D\u00e9lai indicatif Colissimo : d\u00e9finition et port\u00e9e r\u00e9elle<\/h3>\n<p>Un d\u00e9lai indicatif Colissimo correspond \u00e0 une estimation statistique fond\u00e9e sur le fonctionnement habituel du r\u00e9seau. Il s\u2019agit du temps moyen constat\u00e9 entre le <strong>scan de prise en charge<\/strong> dans le r\u00e9seau postal et la premi\u00e8re tentative de livraison.<\/p>\n<p>Ce d\u00e9lai ne constitue pas une garantie stricte. Aucune p\u00e9nalit\u00e9 automatique ni remboursement syst\u00e9matique n\u2019est pr\u00e9vu en cas de d\u00e9passement de quelques jours, sauf conditions commerciales sp\u00e9cifiques du vendeur ou de la boutique en ligne. L\u2019usage consiste \u00e0 surveiller le <strong>statut de suivi<\/strong> et \u00e0 ouvrir une enqu\u00eate si le colis reste bloqu\u00e9 au-del\u00e0 d\u2019un certain nombre de jours.<\/p>\n<div style=\"border:1px solid #f0b429;padding:12px 16px;margin:18px 0;background:#fff8e6;\">\n<p><strong>Conseil pratique :<\/strong> pour suivre concr\u00e8tement l\u2019avancement de votre envoi Colissimo et anticiper un \u00e9ventuel retard, consultez r\u00e9guli\u00e8rement le suivi en ligne. Pour un envoi li\u00e9 \u00e0 La Poste, la page <a href=\"\/suivi-colis-la-poste\/\">suivi colis La Poste<\/a> reste une ressource utile pour interpr\u00e9ter chaque \u00e9tape (prise en charge, en transit, en cours de livraison).<\/p>\n<\/div>\n<h3>Tableau r\u00e9capitulatif des d\u00e9lais Colissimo France m\u00e9tropolitaine<\/h3>\n<p>Le tableau suivant synth\u00e9tise le d\u00e9lai standard Colissimo France m\u00e9tropolitaine et les facteurs associ\u00e9s.<\/p>\n<table border=\"1\" cellpadding=\"8\" cellspacing=\"0\">\n<thead>\n<tr>\n<th>Zone<\/th>\n<th>D\u00e9lai indicatif<\/th>\n<th>Variation r\u00e9gionale<\/th>\n<th>Nature du d\u00e9lai<\/th>\n<th>Types de livraison<\/th>\n<th>Jours et horaires de distribution<\/th>\n<\/tr>\n<\/thead>\n<tbody>\n<tr>\n<td>France m\u00e9tropolitaine<\/td>\n<td><strong>48h (2 jours ouvrables)<\/strong><\/td>\n<td>Aucune, d\u00e9lai uniforme<\/td>\n<td>Indictatif, non garanti<\/td>\n<td>Domicile + plus de 26 000 points relais<\/td>\n<td>Lundi au samedi matin, environ 9h \u00e0 13h<\/td>\n<\/tr>\n<\/tbody>\n<\/table>\n<h2>Jours ouvrables, week\u2011end, jours f\u00e9ri\u00e9s : comment compter les jours Colissimo<\/h2>\n<p>Le calcul du d\u00e9lai Colissimo repose sur la notion de <strong>jours ouvrables<\/strong>. Cette notion conditionne le moment exact \u00e0 partir duquel les 48h commencent r\u00e9ellement \u00e0 s\u2019appliquer pour un envoi national.<\/p>\n<p>Une mauvaise interpr\u00e9tation des jours ouvrables et des jours f\u00e9ri\u00e9s explique une grande partie des d\u00e9calages ressentis par les destinataires, qui s\u2019attendent parfois \u00e0 un d\u00e9lai calqu\u00e9 sur les jours calendaires.<\/p>\n<h3>Diff\u00e9rence entre jour ouvrable, jour calendaire et jour f\u00e9ri\u00e9<\/h3>\n<p>Pour bien compter le d\u00e9lai Colissimo, trois notions doivent \u00eatre distingu\u00e9es :<\/p>\n<ul>\n<li><strong>Jour ouvrable<\/strong> : jour o\u00f9 les services de tri et de distribution fonctionnent (en g\u00e9n\u00e9ral du lundi au vendredi, parfois le samedi pour la distribution).<\/li>\n<li><strong>Jour calendaire<\/strong> : tous les jours du calendrier, week\u2011end et jours f\u00e9ri\u00e9s compris.<\/li>\n<li><strong>Jour f\u00e9ri\u00e9<\/strong> : jour sans activit\u00e9 normale de tri et de transport, qui allonge automatiquement le d\u00e9lai effectif.<\/li>\n<\/ul>\n<p>Un Colissimo annonc\u00e9 en 48h correspond \u00e0 2 jours ouvrables \u00e0 compter de la <strong>prise en charge effective<\/strong>. Un d\u00e9p\u00f4t le vendredi en fin de journ\u00e9e conduit le plus souvent \u00e0 une livraison entre le mardi et le mercredi suivant, car le week\u2011end ne s\u2019int\u00e8gre pas totalement dans le calcul logistique.<\/p>\n<h3>Impact du d\u00e9p\u00f4t en fin de journ\u00e9e ou le week\u2011end<\/h3>\n<p>L\u2019heure de d\u00e9p\u00f4t influence directement le d\u00e9lai r\u00e9el. La plupart des bureaux de poste et agences partenaires appliquent une <strong>heure limite de d\u00e9p\u00f4t<\/strong>, souvent comprise entre 17h et 18h. Au\u2011del\u00e0 de cette heure, le colis ne part pas sur le flux principal du jour.<\/p>\n<ul>\n<li><strong>D\u00e9p\u00f4t avant l\u2019heure limite<\/strong> : prise en charge le jour m\u00eame, d\u00e9part vers le centre de tri dans la soir\u00e9e.<\/li>\n<li><strong>D\u00e9p\u00f4t apr\u00e8s l\u2019heure limite<\/strong> : le colis est trait\u00e9 comme un d\u00e9p\u00f4t du lendemain, ce qui ajoute concr\u00e8tement +1 jour ouvr\u00e9 au d\u00e9lai.<\/li>\n<li><strong>D\u00e9p\u00f4t le samedi apr\u00e8s la lev\u00e9e<\/strong> : tri report\u00e9 au lundi, livraison souvent \u00e0 partir du mardi ou mercredi.<\/li>\n<\/ul>\n<p>Les donn\u00e9es op\u00e9rationnelles indiquent, pour un d\u00e9p\u00f4t en fin de journ\u00e9e ou pendant le week\u2011end, un <strong>report d\u2019un jour ouvr\u00e9<\/strong> sur le d\u00e9lai annonc\u00e9. Cette r\u00e9alit\u00e9 logistique concerne autant les envois de particuliers que les exp\u00e9ditions e\u2011commerce.<\/p>\n<div style=\"border:1px solid #009e9e;padding:12px 16px;margin:18px 0;background:#e9fbfb;\">\n<p><strong>Point de vigilance :<\/strong> pour un colis urgent, le moment du d\u00e9p\u00f4t p\u00e8se autant que le d\u00e9lai indicatif. Un Colissimo annonc\u00e9 en 48h d\u00e9pos\u00e9 le vendredi \u00e0 18h ressemble davantage \u00e0 un envoi de 3 ou 4 jours ouvrables qu\u2019\u00e0 un service express.<\/p>\n<\/div>\n<h2>D\u00e9lais Colissimo par destination : France, Monaco, Outre\u2011mer, international<\/h2>\n<p>Les d\u00e9lais Colissimo varient nettement selon la destination. La nature du transport, la distance \u00e0 parcourir et la pr\u00e9sence \u00e9ventuelle de contr\u00f4les douaniers allongent plus ou moins la dur\u00e9e entre l\u2019exp\u00e9dition et la livraison.<\/p>\n<p>Les temps ci\u2011dessous concernent des envois au d\u00e9part de la France m\u00e9tropolitaine, hors cas de blocage exceptionnel ou de probl\u00e8me d\u2019adressage.<\/p>\n<h3>France m\u00e9tropolitaine et Principaut\u00e9 de Monaco<\/h3>\n<p>Pour un Colissimo en France m\u00e9tropolitaine, le d\u00e9lai indicatif reste fix\u00e9 \u00e0 <strong>48h (2 jours ouvrables)<\/strong>. Ce d\u00e9lai inclut l\u2019acheminement entre les centres de tri r\u00e9gionaux et la distribution finale par le facteur ou le livreur.<\/p>\n<p>La Principaut\u00e9 de Monaco b\u00e9n\u00e9ficie d\u2019un traitement logistique identique \u00e0 la France m\u00e9tropolitaine. Le d\u00e9lai indicatif annonc\u00e9 se calque sur celui de l\u2019Hexagone : <strong>48h ouvrables<\/strong>, hors allongement li\u00e9 \u00e0 la densit\u00e9 du trafic ou \u00e0 des perturbations particuli\u00e8res.<\/p>\n<h3>D\u00e9lais Colissimo vers l\u2019Outre\u2011mer<\/h3>\n<p>Les envois Colissimo vers les d\u00e9partements et territoires d\u2019Outre\u2011mer empruntent des circuits combinant transport a\u00e9rien, phases de tri sp\u00e9cifiques et formalit\u00e9s douani\u00e8res. Deux grands types de services se distinguent :<\/p>\n<ul>\n<li><strong>Colissimo Outre\u2011mer standard<\/strong> : entre <strong>5 et 7 jours ouvrables<\/strong> selon la destination (DOM, COM).<\/li>\n<li><strong>Colissimo Outre\u2011mer \u00c9co<\/strong> : d\u00e9lai \u00e9tendu pouvant aller <strong>jusqu\u2019\u00e0 22 jours ouvrables<\/strong>.<\/li>\n<\/ul>\n<p>Ces d\u00e9lais incluent plusieurs segments : d\u00e9part de m\u00e9tropole, transit a\u00e9rien, tri local, formalit\u00e9s douani\u00e8res ou para\u2011douani\u00e8res, puis distribution sur le territoire concern\u00e9. Le moindre ralentissement sur une de ces \u00e9tapes repousse la livraison de un \u00e0 plusieurs jours.<\/p>\n<h3>D\u00e9lais Colissimo \u00e0 l\u2019international<\/h3>\n<p>Le d\u00e9lai Colissimo international varie en fonction de la zone g\u00e9ographique, des accords entre op\u00e9rateurs postaux et des contr\u00f4les douaniers en vigueur. Les donn\u00e9es moyennes indiquent un d\u00e9lai compris entre <strong>3 et 15 jours ouvrables<\/strong> pour les envois classiques.<\/p>\n<p>Certains pays d\u2019Europe proche se situent dans une fourchette de <strong>3 \u00e0 5 jours<\/strong>, alors que des destinations plus lointaines ou soumises \u00e0 des contr\u00f4les renforc\u00e9s atteignent plut\u00f4t <strong>10 \u00e0 15 jours<\/strong>. Les autorit\u00e9s douani\u00e8res gardent un r\u00f4le majeur dans la dur\u00e9e globale, en particulier pour les colis marchands d\u00e9clar\u00e9s.<\/p>\n<table border=\"1\" cellpadding=\"8\" cellspacing=\"0\">\n<thead>\n<tr>\n<th>Destination depuis la m\u00e9tropole<\/th>\n<th>D\u00e9lai indicatif<\/th>\n<th>Particularit\u00e9s<\/th>\n<\/tr>\n<\/thead>\n<tbody>\n<tr>\n<td>France m\u00e9tropolitaine<\/td>\n<td>48h (2 jours ouvrables)<\/td>\n<td>D\u00e9lai uniforme, hors al\u00e9as<\/td>\n<\/tr>\n<tr>\n<td>Monaco<\/td>\n<td>48h (2 jours ouvrables)<\/td>\n<td>Traitement identique \u00e0 la m\u00e9tropole<\/td>\n<\/tr>\n<tr>\n<td>Outre\u2011mer standard<\/td>\n<td>5 \u00e0 7 jours ouvrables<\/td>\n<td>Transport a\u00e9rien + douanes possibles<\/td>\n<\/tr>\n<tr>\n<td>Outre\u2011mer \u00c9co<\/td>\n<td>Jusqu\u2019\u00e0 22 jours ouvrables<\/td>\n<td> Acheminement \u00e9conomique, plus lent<\/td>\n<\/tr>\n<tr>\n<td>International<\/td>\n<td>3 \u00e0 15 jours ouvrables<\/td>\n<td>Selon pays, zone postale, contr\u00f4les douaniers<\/td>\n<\/tr>\n<\/tbody>\n<\/table>\n<h2>Horaires et modes de livraison Colissimo : domicile et points relais<\/h2>\n<p>Le d\u00e9lai Colissimo ne se limite pas au nombre de jours. Le <strong>cr\u00e9neau de distribution<\/strong> et le mode de livraison influencent la perception du temps d\u2019acheminement par l\u2019utilisateur.<\/p>\n<p>Pour un colis d\u00e9j\u00e0 pris en charge, le type de livraison choisi conditionne la gestion des tourn\u00e9es, des tentatives de remise et des \u00e9ventuels r\u00e9acheminements.<\/p>\n<h3>Livraison \u00e0 domicile : tourn\u00e9es et cr\u00e9neaux habituels<\/h3>\n<p>En France m\u00e9tropolitaine, la distribution Colissimo \u00e0 domicile se concentre en g\u00e9n\u00e9ral entre <strong>9h et 13h<\/strong>. Les livreurs organisent leur tourn\u00e9e par secteur, en tenant compte du volume de colis, des contraintes d\u2019acc\u00e8s et des particularit\u00e9s de chaque zone.<\/p>\n<p>Les livraisons Colissimo s\u2019effectuent du <strong>lundi au samedi matin<\/strong>. Les apr\u00e8s\u2011midi restent principalement d\u00e9di\u00e9s \u00e0 la pr\u00e9paration, au tri et aux transferts inter\u2011sites plut\u00f4t qu\u2019aux remises \u00e0 l\u2019adresse du destinataire. Un colis annonc\u00e9 \u00ab\u00a0en cours de livraison\u00a0\u00bb t\u00f4t le matin est g\u00e9n\u00e9ralement distribu\u00e9 dans cette plage horaire.<\/p>\n<h3>Points relais et bureaux de poste : un d\u00e9lai per\u00e7u diff\u00e9remment<\/h3>\n<p>Colissimo propose \u00e9galement une livraison vers un large r\u00e9seau de <strong>plus de 26 000 points relais<\/strong> en France : commerces partenaires, consignes, bureaux de poste. Le d\u00e9lai d\u2019acheminement reste proche des 48h indicatives, mais la perception diff\u00e8re : le colis est disponible d\u00e8s son scan d\u2019arriv\u00e9e dans le point de retrait.<\/p>\n<p>Ces solutions \u00e9vitent les rendez\u2011vous manqu\u00e9s et limitent les secondes pr\u00e9sentations \u00e0 domicile. Pour un utilisateur qui ne se trouve pas chez lui en journ\u00e9e, la livraison en relais r\u00e9duit les incertitudes et stabilise la dur\u00e9e totale, m\u00eame en cas de planning charg\u00e9.<\/p>\n<div style=\"border:1px solid #4a6ee0;padding:12px 16px;margin:18px 0;background:#f2f4ff;\">\n<p><strong>Conseil d\u2019optimisation :<\/strong> pour un colis urgent, choisir un point relais dans une zone bien desservie fluidifie souvent la distribution, en particulier en p\u00e9riode de forte affluence. Le colis reste accessible d\u00e8s son arriv\u00e9e, sans d\u00e9pendre de la pr\u00e9sence du destinataire au domicile.<\/p>\n<\/div>\n<h2>Facteurs qui allongent les d\u00e9lais Colissimo : m\u00e9t\u00e9o, trafic, douanes, gr\u00e8ves<\/h2>\n<p>M\u00eame avec un d\u00e9lai indicatif de 48h en France, plusieurs facteurs externes allongent facilement la dur\u00e9e r\u00e9elle. Ces \u00e9l\u00e9ments touchent autant les centres de tri que le transport routier ou a\u00e9rien, et parfois le traitement douanier.<\/p>\n<p>Les statistiques de trafic montrent que les p\u00e9riodes de surcharge, les \u00e9v\u00e9nements climatiques et les mouvements sociaux introduisent des variations significatives par rapport aux d\u00e9lais de r\u00e9f\u00e9rence.<\/p>\n<h3>Conditions m\u00e9t\u00e9o, trafic routier et restrictions de circulation<\/h3>\n<p>Les r\u00e9seaux de transport Colissimo s\u2019appuient largement sur la route, compl\u00e9t\u00e9e par l\u2019a\u00e9rien pour certaines liaisons. Les conditions suivantes impactent directement la fluidit\u00e9 des acheminements :<\/p>\n<ul>\n<li><strong>Intemp\u00e9ries<\/strong> : neige, verglas, fortes pluies, vents violents, qui ralentissent ou suspendent les tourn\u00e9es.<\/li>\n<li><strong>Trafic dense<\/strong> : embouteillages persistants, fermetures d\u2019axes, accidents majeurs.<\/li>\n<li><strong>Restrictions de circulation<\/strong> : zones \u00e0 acc\u00e8s limit\u00e9, chantiers, filtrages de v\u00e9hicules lourds.<\/li>\n<\/ul>\n<p>Dans ces conditions, le transport entre centres de tri et lieux de distribution s\u2019allonge. Les colis restent plus longtemps \u00ab\u00a0en transit\u00a0\u00bb. Pour interpr\u00e9ter ce type de situation, la page <a href=\"\/colis-en-transit\/\">colis en transit<\/a> rend utile un d\u00e9cryptage d\u00e9taill\u00e9 de ce statut.<\/p>\n<h3>Surcharge des centres de tri et p\u00e9riodes d\u2019affluence<\/h3>\n<p>Les centres de tri Colissimo absorbent un volume de colis tr\u00e8s variable selon les p\u00e9riodes de l\u2019ann\u00e9e. Les donn\u00e9es 2025 donnent une id\u00e9e de l\u2019intensit\u00e9 :<\/p>\n<ul>\n<li>Environ <strong>180 millions de colis livr\u00e9s<\/strong> sur l\u2019ann\u00e9e.<\/li>\n<li>Une hausse d\u2019environ <strong>+6% par rapport \u00e0 2024<\/strong>.<\/li>\n<li>Un pic enregistr\u00e9 le <strong>1er d\u00e9cembre<\/strong> avec pr\u00e8s de <strong>5,5 millions de colis trait\u00e9s<\/strong> en une seule journ\u00e9e.<\/li>\n<\/ul>\n<p>Les f\u00eates de <strong>P\u00e2ques<\/strong> et de <strong>No\u00ebl<\/strong> g\u00e9n\u00e8rent une augmentation massive des flux. L\u2019organisation op\u00e9rationnelle reste calibr\u00e9e, mais la surcharge entra\u00eene un allongement de <strong>24h en pr\u00e9paration et en livraison<\/strong> en moyenne. Un colis exp\u00e9di\u00e9 juste avant ces p\u00e9riodes conna\u00eet fr\u00e9quemment un d\u00e9calage d\u2019un jour ouvr\u00e9 suppl\u00e9mentaire.<\/p>\n<blockquote>\n<p>\u00ab Pendant la p\u00e9riode de No\u00ebl, les d\u00e9lais annonc\u00e9s pour Colissimo correspondent \u00e0 des moyennes observ\u00e9es en situation normale. En cas de forte surcharge, les centres de tri ajustent les priorit\u00e9s, mais des retards de 24 \u00e0 48h restent possibles. \u00bb<\/p>\n<\/blockquote>\n<h3>Douanes, contr\u00f4les et formalit\u00e9s pour l\u2019Outre\u2011mer et l\u2019international<\/h3>\n<p>Les envois vers l\u2019Outre\u2011mer et l\u2019international passent souvent par un contr\u00f4le douanier ou para\u2011douanier. Ce contr\u00f4le ajoute une \u00e9tape suppl\u00e9mentaire dans le parcours du colis :<\/p>\n<ul>\n<li>V\u00e9rification de la d\u00e9claration de contenu.<\/li>\n<li>Contr\u00f4le de la valeur et de l\u2019origine des marchandises.<\/li>\n<li>Application \u00e9ventuelle de droits et taxes.<\/li>\n<\/ul>\n<p>Lorsque la documentation jointe \u00e0 l\u2019envoi reste compl\u00e8te et claire, l\u2019impact se limite \u00e0 quelques heures ou un jour. En revanche, une d\u00e9claration incompl\u00e8te, un contenu ambigu ou une suspicion de non\u2011conformit\u00e9 allongent fortement le d\u00e9lai, parfois de plusieurs jours.<\/p>\n<h3>Impact des gr\u00e8ves et mouvements sociaux sur les d\u00e9lais Colissimo<\/h3>\n<p>Les mouvements sociaux et gr\u00e8ves touchant les plateformes postales ou les transporteurs r\u00e9percutent imm\u00e9diatement leurs effets sur les d\u00e9lais Colissimo. Un exemple r\u00e9cent illustre cet impact :<\/p>\n<ul>\n<li><strong>Gr\u00e8ve du 10 septembre 2025<\/strong> : retards observ\u00e9s pendant plusieurs jours sur une partie du r\u00e9seau.<\/li>\n<li><strong>Retour \u00e0 la normale<\/strong> : \u00e9tal\u00e9 sur <strong>jusqu\u2019\u00e0 une semaine<\/strong>, le temps de r\u00e9sorber le stock accumul\u00e9.<\/li>\n<li><strong>Inaccessibilit\u00e9 de certains d\u00e9p\u00f4ts<\/strong> : impossibilit\u00e9 de chargement ou de d\u00e9chargement sur des plateformes cl\u00e9s.<\/li>\n<\/ul>\n<p>Dans ce type de situation, le d\u00e9lai indicatif ne refl\u00e8te plus la r\u00e9alit\u00e9. Les colis restent stock\u00e9s sur place en attente de reprise de l\u2019activit\u00e9. La consultation r\u00e9guli\u00e8re du <strong>suivi Colissimo par num\u00e9ro<\/strong>, via une page d\u00e9di\u00e9e comme <a href=\"\/suivi-colissimo-numero\/\">suivi Colissimo num\u00e9ro<\/a>, permet de v\u00e9rifier la derni\u00e8re position connue et de d\u00e9cider d\u2019un \u00e9ventuel contact avec le service client.<\/p>\n<h2>Comment se calcule concr\u00e8tement le d\u00e9lai de livraison Colissimo<\/h2>\n<p>Au\u2011del\u00e0 des annonces commerciales, le d\u00e9lai Colissimo se d\u00e9compose en plusieurs segments bien distincts. Chacun poss\u00e8de ses propres contraintes et sources de rallongement possibles.<\/p>\n<p>Comprendre cette chronologie aide \u00e0 interpr\u00e9ter les diff\u00e9rents statuts dans le suivi en ligne et \u00e0 relativiser certains temps d\u2019attente interm\u00e9diaires.<\/p>\n<h3>Du d\u00e9p\u00f4t \u00e0 la prise en charge : le point de d\u00e9part r\u00e9el<\/h3>\n<p>Tout commence avec le <strong>d\u00e9p\u00f4t du colis<\/strong> dans un bureau de poste, un point relais ou une agence partenaire. Ce d\u00e9p\u00f4t ne signifie pas encore la prise en charge dans le circuit logistique principal. Le d\u00e9lai effectif d\u00e9marre r\u00e9ellement \u00e0 partir du <strong>scan de prise en charge<\/strong> par le centre de collecte ou de tri.<\/p>\n<p>Avant ce scan, le colis se trouve dans une zone d\u2019attente. S\u2019il est d\u00e9pos\u00e9 apr\u00e8s l\u2019heure limite, son d\u00e9part s\u2019effectue seulement lors de la tourn\u00e9e de ramassage suivante. D\u2019o\u00f9 la diff\u00e9rence nette entre un d\u00e9p\u00f4t \u00e0 10h du matin et un d\u00e9p\u00f4t \u00e0 18h, m\u00eame pour un m\u00eame type de service Colissimo.<\/p>\n<h3>Transport, tri, distribution : les grandes \u00e9tapes<\/h3>\n<p>Une fois pris en charge, le colis suit une succession d\u2019\u00e9tapes structur\u00e9es :<\/p>\n<ul>\n<li><strong>Ramassage local<\/strong> : transfert du point de d\u00e9p\u00f4t vers le centre de tri r\u00e9gional.<\/li>\n<li><strong>Tri m\u00e9canis\u00e9 ou manuel<\/strong> : orientation vers la bonne r\u00e9gion, le bon pays ou la bonne plateforme.<\/li>\n<li><strong>Transport inter\u2011plateformes<\/strong> : par route ou par avion selon la destination.<\/li>\n<li><strong>Arriv\u00e9e en centre de distribution<\/strong> : pr\u00e9paration de la tourn\u00e9e du livreur.<\/li>\n<li><strong>Tourn\u00e9e de livraison<\/strong> : remise en main propre, d\u00e9p\u00f4t en bo\u00eete aux lettres ou en point de retrait.<\/li>\n<\/ul>\n<p>Chaque \u00e9tape introduit un d\u00e9lai incompressible : enregistrement informatique, manipulation physique, chargement et d\u00e9chargement, organisation des tourn\u00e9es. Une perturbation isol\u00e9e sur l\u2019un de ces maillons retarde l\u2019ensemble du parcours.<\/p>\n<h3>R\u00f4le du suivi Colissimo dans la compr\u00e9hension des d\u00e9lais<\/h3>\n<p>Le suivi Colissimo en ligne sert d\u2019outil de lecture du d\u00e9lai effectif. Chaque changement de statut correspond \u00e0 une \u00e9tape du parcours logistique. On observe par exemple :<\/p>\n<ul>\n<li>\u00ab Colis pris en charge \u00bb : le d\u00e9lai indicatif commence r\u00e9ellement.<\/li>\n<li>\u00ab Colis en transit \u00bb : passage dans un ou plusieurs centres de tri.<\/li>\n<li>\u00ab En cours de livraison \u00bb : d\u00e9part en tourn\u00e9e, livraison pr\u00e9vue dans la journ\u00e9e.<\/li>\n<li>\u00ab En attente de retrait \u00bb : mise \u00e0 disposition dans un point relais ou un bureau de poste.<\/li>\n<\/ul>\n<p>Une consultation r\u00e9guli\u00e8re de ces informations \u00e9vite de se fier uniquement au nombre de jours \u00e9coul\u00e9s depuis l\u2019achat, surtout pour les commandes en ligne o\u00f9 un temps de pr\u00e9paration s\u2019ajoute avant m\u00eame l\u2019exp\u00e9dition.<\/p>\n<div style=\"border:1px solid #c3c3c3;padding:12px 16px;margin:18px 0;background:#fafafa;\">\n<p><strong>\u00c0 savoir :<\/strong> un d\u00e9lai annonc\u00e9 par un site marchand inclut souvent un temps de pr\u00e9paration logistique interne, en plus du d\u00e9lai Colissimo. La diff\u00e9rence entre \u00ab commande valid\u00e9e \u00bb, \u00ab commande exp\u00e9di\u00e9e \u00bb et \u00ab colis pris en charge \u00bb explique certains \u00e9carts entre la promesse affich\u00e9e et la date r\u00e9elle de livraison.<\/p>\n<\/div>\n<h2>P\u00e9riodes d\u2019affluence Colissimo : comment anticiper les retards r\u00e9currents<\/h2>\n<p>Les flux Colissimo ne restent pas lin\u00e9aires sur l\u2019ann\u00e9e. Certaines p\u00e9riodes concentrent une forte hausse des volumes, ce qui met les cha\u00eenes de tri et de distribution sous tension, m\u00eame avec un renfort de moyens humains et mat\u00e9riels.<\/p>\n<p>Les statistiques tr\u00e8s parlantes de 2025 montrent l\u2019ampleur de ces pics et l\u2019int\u00e9r\u00eat d\u2019anticiper ses envois.<\/p>\n<h3>F\u00eates de P\u00e2ques, No\u00ebl et pics promotionnels<\/h3>\n<p>Les f\u00eates de <strong>P\u00e2ques<\/strong> et de <strong>No\u00ebl<\/strong> d\u00e9clenchent un flux massif de commandes en ligne, de colis cadeaux et d\u2019envois entre particuliers. \u00c0 cela s\u2019ajoutent les grandes p\u00e9riodes commerciales (Black Friday, Cyber Monday, soldes saisonni\u00e8res).<\/p>\n<p>Durant ces pics, les transporteurs comme Colissimo doivent absorber un afflux de colis sur une dur\u00e9e restreinte. M\u00eame avec une organisation renforc\u00e9e, les statistiques indiquent un <strong>allongement moyen de 24h<\/strong> sur la phase de pr\u00e9paration et de livraison. Les 48h indicatives se transforment fr\u00e9quemment en 72h, voire en plus selon les al\u00e9as locaux.<\/p>\n<h3>Volumes 2025 : un r\u00e9seau sous tension contr\u00f4l\u00e9e<\/h3>\n<p>Les volumes de 2025 illustrent la pression qui p\u00e8se sur la cha\u00eene logistique :<\/p>\n<ul>\n<li><strong>180 millions de colis livr\u00e9s<\/strong> dans l\u2019ann\u00e9e.<\/li>\n<li>Une <strong>hausse de 6% environ<\/strong> par rapport \u00e0 2024.<\/li>\n<li>Un <strong>record de 5,5 millions de colis trait\u00e9s le 1er d\u00e9cembre<\/strong> seul.<\/li>\n<\/ul>\n<p>Ces chiffres traduisent une mont\u00e9e en puissance durable du e\u2011commerce et des \u00e9changes de colis. Les retards ponctuels ne s\u2019expliquent pas par un dysfonctionnement isol\u00e9, mais par un niveau de charge \u00e9lev\u00e9 sur l\u2019ensemble du r\u00e9seau.<\/p>\n<blockquote>\n<p>\u00ab Lors des grands pics saisonniers, un d\u00e9lai Colissimo de 48h devient une cible indicatrice. Le r\u00e9seau g\u00e8re en priorit\u00e9 la fluidit\u00e9 globale, mais certains colis d\u00e9passent ce d\u00e9lai de 24 \u00e0 48h, selon la r\u00e9gion et le type de service. \u00bb<\/p>\n<\/blockquote>\n<h2>Conseils pour r\u00e9duire le risque de retard Colissimo<\/h2>\n<p>Pour un particulier comme pour un professionnel, quelques bonnes pratiques limitent sensiblement le risque de retard sur un envoi Colissimo. Ces gestes n\u2019\u00e9liminent pas les al\u00e9as mais r\u00e9duisent les situations probl\u00e9matiques les plus fr\u00e9quentes.<\/p>\n<p>L\u2019objectif consiste \u00e0 faciliter le travail des centres de tri, des livreurs et des services douaniers, tout en \u00e9vitant les causes classiques de blocage.<\/p>\n<h3>Agir sur le moment de d\u00e9p\u00f4t et le choix du service<\/h3>\n<p>Plusieurs leviers s\u2019offrent \u00e0 l\u2019exp\u00e9diteur au moment de la pr\u00e9paration de l\u2019envoi :<\/p>\n<ul>\n<li><strong>Respecter l\u2019heure limite de d\u00e9p\u00f4t<\/strong> du bureau de poste ou du point relais, afin que le colis rejoigne le flux du jour.<\/li>\n<li><strong>\u00c9viter les d\u00e9p\u00f4ts tardifs le vendredi<\/strong> pour un colis urgent, surtout en p\u00e9riode de forte affluence.<\/li>\n<li><strong>Adapter le service<\/strong> : choisir un Colissimo Outre\u2011mer standard plut\u00f4t qu\u2019\u00c9co en cas de contrainte de temps.<\/li>\n<li><strong>Privil\u00e9gier un point relais<\/strong> pour un destinataire peu disponible \u00e0 domicile.<\/li>\n<\/ul>\n<p>Ces choix influencent directement la probabilit\u00e9 que le colis soit livr\u00e9 dans la fourchette basse du d\u00e9lai annonc\u00e9 plut\u00f4t que dans la fourchette haute.<\/p>\n<h3>Soin de l\u2019adressage, poids, dimensions et contenu<\/h3>\n<p>Les retards li\u00e9s \u00e0 un <strong>probl\u00e8me d\u2019adressage<\/strong> ou \u00e0 des \u00e9carts de poids et dimension demeurent fr\u00e9quents. Pour limiter ce risque :<\/p>\n<ul>\n<li>Indiquer clairement le nom, le num\u00e9ro de rue, le code postal, la ville et un compl\u00e9ment d\u2019adresse si n\u00e9cessaire.<\/li>\n<li>Respecter les dimensions et le poids autoris\u00e9s par la grille Colissimo.<\/li>\n<li>\u00c9viter les contenus soumis \u00e0 restrictions ou interdits, surtout vers l\u2019Outre\u2011mer et l\u2019international.<\/li>\n<li>Joindre, si besoin, une facture ou une d\u00e9claration de contenu pour simplifier les contr\u00f4les douaniers.<\/li>\n<\/ul>\n<p>Un colis mal adress\u00e9 ou non conforme risque une mise en attente, un retour \u00e0 l\u2019exp\u00e9diteur ou une r\u00e9\u00e9valuation qui allongent largement le d\u00e9lai initialement pr\u00e9vu.<\/p>\n<div style=\"border:1px solid #5b8c00;padding:12px 16px;margin:18px 0;background:#f5ffea;\">\n<p><strong>Astuce terrain :<\/strong> pour un envoi professionnel r\u00e9gulier, la mise en place de mod\u00e8les d\u2019\u00e9tiquettes valid\u00e9s et contr\u00f4l\u00e9s r\u00e9duit fortement les erreurs d\u2019adressage. Sur de gros volumes, ces ajustements gagnent plusieurs jours cumul\u00e9s sur une p\u00e9riode charg\u00e9e.<\/p>\n<\/div>\n<h3>Utiliser intelligemment le suivi et le service client<\/h3>\n<p>Le recours au suivi et au service client se r\u00e9v\u00e8le utile d\u00e8s qu\u2019un colis semble stagner trop longtemps au m\u00eame statut. Quelques rep\u00e8res pratiques :<\/p>\n<ul>\n<li>Surveiller le suivi en ligne d\u00e8s la prise en charge.<\/li>\n<li>V\u00e9rifier l\u2019absence de blocage douanier ou de demande de compl\u00e9ment d\u2019adresse.<\/li>\n<li>Attendre en g\u00e9n\u00e9ral <strong>48h \u00e0 72h<\/strong> au\u2011del\u00e0 du d\u00e9lai indicatif avant d\u2019ouvrir une r\u00e9clamation.<\/li>\n<li>Se munir du num\u00e9ro de suivi Colissimo lors de tout contact avec le service client.<\/li>\n<\/ul>\n<p>Une approche structur\u00e9e permet de distinguer un retard ponctuel li\u00e9 \u00e0 un \u00e9v\u00e9nement isol\u00e9 (m\u00e9t\u00e9o, incident local) d\u2019un v\u00e9ritable probl\u00e8me (perte, avarie, adresse incompl\u00e8te) n\u00e9cessitant une enqu\u00eate plus pouss\u00e9e.<\/p>\n<h2>D\u00e9lai Colissimo : synth\u00e8se des moyennes observ\u00e9es<\/h2>\n<p>En pratique, les d\u00e9lais Colissimo se situent dans les fourchettes moyennes suivantes, hors situation exceptionnelle :<\/p>\n<ul>\n<li><strong>France m\u00e9tropolitaine<\/strong> : environ 48h (2 jours ouvrables).<\/li>\n<li><strong>Europe proche<\/strong> : entre 3 et 5 jours ouvrables.<\/li>\n<li><strong>International plus lointain<\/strong> : de 5 \u00e0 10 jours ouvrables en moyenne, avec une fourchette large jusqu\u2019\u00e0 15 jours selon les pays.<\/li>\n<\/ul>\n<p>Ces dur\u00e9es restent soumises aux al\u00e9as \u00e9voqu\u00e9s : charge des centres de tri, conditions de transport, douanes, mouvements sociaux, qualit\u00e9 de l\u2019adressage. Conna\u00eetre ces param\u00e8tres aide autant l\u2019exp\u00e9diteur que le destinataire \u00e0 planifier, communiquer avec ses clients ou organiser ses propres engagements de livraison.<\/p>\n","protected":false},"excerpt":{"rendered":"","protected":false},"author":29,"featured_media":11610,"comment_status":"open","ping_status":"","sticky":false,"template":"","format":"standard","meta":{"_acf_changed":false,"subtitle":"","footnotes":""},"categories":[520],"tags":[],"class_list":["post-11612","post","type-post","status-publish","format-standard","has-post-thumbnail","hentry","category-conseils","generate-columns","tablet-grid-50","mobile-grid-100","grid-parent","grid-33"],"acf":false,"yoast_head":"<!-- This site is optimized with the Yoast SEO plugin v25.8 - https:\/\/yoast.com\/wordpress\/plugins\/seo\/ -->\n<title>D\u00e9lai livraison Colissimo : combien de jours faut-il compter | SFPF<\/title>\n<meta name=\"description\" content=\"Le d\u00e9lai de livraison Colissimo suscite toujours les m\u00eames questions : combien de jours compter, \u00e0 partir de quel moment d\u00e9bute r\u00e9ellement le d\u00e9lai, et\" \/>\n<meta name=\"robots\" content=\"index, follow, max-snippet:-1, max-image-preview:large, max-video-preview:-1\" \/>\n<link rel=\"canonical\" href=\"https:\/\/www.sfpf.fr\/actu\/delai-livraison-colissimo\" \/>\n<meta property=\"og:locale\" content=\"fr_FR\" \/>\n<meta property=\"og:type\" content=\"article\" \/>\n<meta property=\"og:title\" content=\"D\u00e9lai livraison Colissimo : combien de jours faut-il compter | SFPF\" \/>\n<meta property=\"og:description\" content=\"Le d\u00e9lai de livraison Colissimo suscite toujours les m\u00eames questions : combien de jours compter, \u00e0 partir de quel moment d\u00e9bute r\u00e9ellement le d\u00e9lai, et\" \/>\n<meta property=\"og:url\" content=\"https:\/\/www.sfpf.fr\/actu\/delai-livraison-colissimo\" \/>\n<meta property=\"og:site_name\" content=\"SFPF\" \/>\n<meta property=\"article:published_time\" content=\"2026-03-13T07:00:00+00:00\" \/>\n<meta property=\"og:image\" content=\"https:\/\/www.sfpf.fr\/actu\/wp-content\/uploads\/2026\/02\/livraisoncolissimourbain-scaled.png\" \/>\n\t<meta property=\"og:image:width\" content=\"1200\" \/>\n\t<meta property=\"og:image:height\" content=\"673\" \/>\n\t<meta property=\"og:image:type\" content=\"image\/png\" \/>\n<meta name=\"author\" content=\"Laredac\" \/>\n<meta name=\"twitter:card\" content=\"summary_large_image\" \/>\n<meta name=\"twitter:label1\" content=\"\u00c9crit par\" \/>\n\t<meta name=\"twitter:data1\" content=\"Laredac\" \/>\n\t<meta name=\"twitter:label2\" content=\"Dur\u00e9e de lecture estim\u00e9e\" \/>\n\t<meta name=\"twitter:data2\" content=\"20 minutes\" \/>\n<script type=\"application\/ld+json\" class=\"yoast-schema-graph\">{\"@context\":\"https:\/\/schema.org\",\"@graph\":[{\"@type\":\"NewsArticle\",\"@id\":\"https:\/\/www.sfpf.fr\/actu\/delai-livraison-colissimo#article\",\"isPartOf\":{\"@id\":\"https:\/\/www.sfpf.fr\/actu\/delai-livraison-colissimo\"},\"author\":{\"name\":\"Laredac\",\"@id\":\"https:\/\/www.sfpf.fr\/actu\/#\/schema\/person\/bd87396233d24e5e46c39394bfc2a378\"},\"headline\":\"D\u00e9lai livraison Colissimo : combien de jours faut-il compter\",\"datePublished\":\"2026-03-13T07:00:00+00:00\",\"mainEntityOfPage\":{\"@id\":\"https:\/\/www.sfpf.fr\/actu\/delai-livraison-colissimo\"},\"wordCount\":3993,\"commentCount\":0,\"publisher\":{\"@id\":\"https:\/\/www.sfpf.fr\/actu\/#organization\"},\"image\":{\"@id\":\"https:\/\/www.sfpf.fr\/actu\/delai-livraison-colissimo#primaryimage\"},\"thumbnailUrl\":\"https:\/\/www.sfpf.fr\/actu\/wp-content\/uploads\/2026\/02\/livraisoncolissimourbain-scaled.png\",\"articleSection\":[\"Conseils\"],\"inLanguage\":\"fr-FR\",\"potentialAction\":[{\"@type\":\"CommentAction\",\"name\":\"Comment\",\"target\":[\"https:\/\/www.sfpf.fr\/actu\/delai-livraison-colissimo#respond\"]}]},{\"@type\":\"WebPage\",\"@id\":\"https:\/\/www.sfpf.fr\/actu\/delai-livraison-colissimo\",\"url\":\"https:\/\/www.sfpf.fr\/actu\/delai-livraison-colissimo\",\"name\":\"D\u00e9lai livraison Colissimo : combien de jours faut-il compter | SFPF\",\"isPartOf\":{\"@id\":\"https:\/\/www.sfpf.fr\/actu\/#website\"},\"primaryImageOfPage\":{\"@id\":\"https:\/\/www.sfpf.fr\/actu\/delai-livraison-colissimo#primaryimage\"},\"image\":{\"@id\":\"https:\/\/www.sfpf.fr\/actu\/delai-livraison-colissimo#primaryimage\"},\"thumbnailUrl\":\"https:\/\/www.sfpf.fr\/actu\/wp-content\/uploads\/2026\/02\/livraisoncolissimourbain-scaled.png\",\"datePublished\":\"2026-03-13T07:00:00+00:00\",\"description\":\"Le d\u00e9lai de livraison Colissimo suscite toujours les m\u00eames questions : combien de jours compter, \u00e0 partir de quel moment d\u00e9bute r\u00e9ellement le d\u00e9lai, et\",\"breadcrumb\":{\"@id\":\"https:\/\/www.sfpf.fr\/actu\/delai-livraison-colissimo#breadcrumb\"},\"inLanguage\":\"fr-FR\",\"potentialAction\":[{\"@type\":\"ReadAction\",\"target\":[\"https:\/\/www.sfpf.fr\/actu\/delai-livraison-colissimo\"]}]},{\"@type\":\"ImageObject\",\"inLanguage\":\"fr-FR\",\"@id\":\"https:\/\/www.sfpf.fr\/actu\/delai-livraison-colissimo#primaryimage\",\"url\":\"https:\/\/www.sfpf.fr\/actu\/wp-content\/uploads\/2026\/02\/livraisoncolissimourbain-scaled.png\",\"contentUrl\":\"https:\/\/www.sfpf.fr\/actu\/wp-content\/uploads\/2026\/02\/livraisoncolissimourbain-scaled.png\",\"width\":1200,\"height\":673,\"caption\":\"Livraison Colissimo r\u00e9aliste devant un immeuble urbain fran\u00e7ais, avec un facteur remettant un colis \u00e0 un destinataire dans une sc\u00e8ne naturelle et authentique.\"},{\"@type\":\"BreadcrumbList\",\"@id\":\"https:\/\/www.sfpf.fr\/actu\/delai-livraison-colissimo#breadcrumb\",\"itemListElement\":[{\"@type\":\"ListItem\",\"position\":1,\"name\":\"Accueil\",\"item\":\"https:\/\/www.sfpf.fr\/actu\"},{\"@type\":\"ListItem\",\"position\":2,\"name\":\"Conseils\",\"item\":\"https:\/\/www.sfpf.fr\/actu\/categorie\/conseils\"},{\"@type\":\"ListItem\",\"position\":3,\"name\":\"D\u00e9lai livraison Colissimo : combien de jours faut-il compter\"}]},{\"@type\":\"WebSite\",\"@id\":\"https:\/\/www.sfpf.fr\/actu\/#website\",\"url\":\"https:\/\/www.sfpf.fr\/actu\/\",\"name\":\"SFPF\",\"description\":\"\",\"publisher\":{\"@id\":\"https:\/\/www.sfpf.fr\/actu\/#organization\"},\"potentialAction\":[{\"@type\":\"SearchAction\",\"target\":{\"@type\":\"EntryPoint\",\"urlTemplate\":\"https:\/\/www.sfpf.fr\/actu\/?s={search_term_string}\"},\"query-input\":{\"@type\":\"PropertyValueSpecification\",\"valueRequired\":true,\"valueName\":\"search_term_string\"}}],\"inLanguage\":\"fr-FR\"},{\"@type\":\"Organization\",\"@id\":\"https:\/\/www.sfpf.fr\/actu\/#organization\",\"name\":\"SFPF\",\"url\":\"https:\/\/www.sfpf.fr\/actu\/\",\"logo\":{\"@type\":\"ImageObject\",\"inLanguage\":\"fr-FR\",\"@id\":\"https:\/\/www.sfpf.fr\/actu\/#\/schema\/logo\/image\/\",\"url\":\"https:\/\/www.sfpf.fr\/actu\/wp-content\/uploads\/2025\/09\/media.png\",\"contentUrl\":\"https:\/\/www.sfpf.fr\/actu\/wp-content\/uploads\/2025\/09\/media.png\",\"width\":178,\"height\":100,\"caption\":\"SFPF\"},\"image\":{\"@id\":\"https:\/\/www.sfpf.fr\/actu\/#\/schema\/logo\/image\/\"}},{\"@type\":\"Person\",\"@id\":\"https:\/\/www.sfpf.fr\/actu\/#\/schema\/person\/bd87396233d24e5e46c39394bfc2a378\",\"name\":\"Laredac\",\"image\":{\"@type\":\"ImageObject\",\"inLanguage\":\"fr-FR\",\"@id\":\"https:\/\/www.sfpf.fr\/actu\/#\/schema\/person\/image\/\",\"url\":\"https:\/\/www.sfpf.fr\/actu\/wp-content\/uploads\/2025\/09\/Design-sans-titre-10.jpg\",\"contentUrl\":\"https:\/\/www.sfpf.fr\/actu\/wp-content\/uploads\/2025\/09\/Design-sans-titre-10.jpg\",\"caption\":\"Laredac\"},\"description\":\"La R\u00e9daction, c\u2019est une petite \u00e9quipe de b\u00e9n\u00e9voles curieux et passionn\u00e9s. Si chacun cultive ses propres centres d\u2019int\u00e9r\u00eat \u2014 timbres fiscaux, monnaies, documents anciens ou objets de collection en tout genre \u2014 tous partagent le go\u00fbt de la d\u00e9couverte, de l\u2019authentique et du savoir bien transmis. Attach\u00e9e \u00e0 la qualit\u00e9 de l\u2019information, la r\u00e9daction s\u2019attache \u00e0 couvrir l\u2019actualit\u00e9 des collections, les nouveaut\u00e9s du march\u00e9, les tendances, mais aussi les \u00e9v\u00e9nements, publications et projets li\u00e9s \u00e0 l\u2019univers du patrimoine et de la culture. Sans se prendre trop au s\u00e9rieux, La R\u00e9dac veille \u00e0 proposer un contenu fiable, vivant et accessible \u00e0 tous les curieux, collectionneurs ou simples amateurs.\",\"url\":\"https:\/\/www.sfpf.fr\/actu\/author\/laredac\"}]}<\/script>\n<!-- \/ Yoast SEO plugin. -->","yoast_head_json":{"title":"D\u00e9lai livraison Colissimo : combien de jours faut-il compter | SFPF","description":"Le d\u00e9lai de livraison Colissimo suscite toujours les m\u00eames questions : combien de jours compter, \u00e0 partir de quel moment d\u00e9bute r\u00e9ellement le d\u00e9lai, et","robots":{"index":"index","follow":"follow","max-snippet":"max-snippet:-1","max-image-preview":"max-image-preview:large","max-video-preview":"max-video-preview:-1"},"canonical":"https:\/\/www.sfpf.fr\/actu\/delai-livraison-colissimo","og_locale":"fr_FR","og_type":"article","og_title":"D\u00e9lai livraison Colissimo : combien de jours faut-il compter | SFPF","og_description":"Le d\u00e9lai de livraison Colissimo suscite toujours les m\u00eames questions : combien de jours compter, \u00e0 partir de quel moment d\u00e9bute r\u00e9ellement le d\u00e9lai, et","og_url":"https:\/\/www.sfpf.fr\/actu\/delai-livraison-colissimo","og_site_name":"SFPF","article_published_time":"2026-03-13T07:00:00+00:00","og_image":[{"width":1200,"height":673,"url":"https:\/\/www.sfpf.fr\/actu\/wp-content\/uploads\/2026\/02\/livraisoncolissimourbain-scaled.png","type":"image\/png"}],"author":"Laredac","twitter_card":"summary_large_image","twitter_misc":{"\u00c9crit par":"Laredac","Dur\u00e9e de lecture estim\u00e9e":"20 minutes"},"schema":{"@context":"https:\/\/schema.org","@graph":[{"@type":"NewsArticle","@id":"https:\/\/www.sfpf.fr\/actu\/delai-livraison-colissimo#article","isPartOf":{"@id":"https:\/\/www.sfpf.fr\/actu\/delai-livraison-colissimo"},"author":{"name":"Laredac","@id":"https:\/\/www.sfpf.fr\/actu\/#\/schema\/person\/bd87396233d24e5e46c39394bfc2a378"},"headline":"D\u00e9lai livraison Colissimo : combien de jours faut-il compter","datePublished":"2026-03-13T07:00:00+00:00","mainEntityOfPage":{"@id":"https:\/\/www.sfpf.fr\/actu\/delai-livraison-colissimo"},"wordCount":3993,"commentCount":0,"publisher":{"@id":"https:\/\/www.sfpf.fr\/actu\/#organization"},"image":{"@id":"https:\/\/www.sfpf.fr\/actu\/delai-livraison-colissimo#primaryimage"},"thumbnailUrl":"https:\/\/www.sfpf.fr\/actu\/wp-content\/uploads\/2026\/02\/livraisoncolissimourbain-scaled.png","articleSection":["Conseils"],"inLanguage":"fr-FR","potentialAction":[{"@type":"CommentAction","name":"Comment","target":["https:\/\/www.sfpf.fr\/actu\/delai-livraison-colissimo#respond"]}]},{"@type":"WebPage","@id":"https:\/\/www.sfpf.fr\/actu\/delai-livraison-colissimo","url":"https:\/\/www.sfpf.fr\/actu\/delai-livraison-colissimo","name":"D\u00e9lai livraison Colissimo : combien de jours faut-il compter | SFPF","isPartOf":{"@id":"https:\/\/www.sfpf.fr\/actu\/#website"},"primaryImageOfPage":{"@id":"https:\/\/www.sfpf.fr\/actu\/delai-livraison-colissimo#primaryimage"},"image":{"@id":"https:\/\/www.sfpf.fr\/actu\/delai-livraison-colissimo#primaryimage"},"thumbnailUrl":"https:\/\/www.sfpf.fr\/actu\/wp-content\/uploads\/2026\/02\/livraisoncolissimourbain-scaled.png","datePublished":"2026-03-13T07:00:00+00:00","description":"Le d\u00e9lai de livraison Colissimo suscite toujours les m\u00eames questions : combien de jours compter, \u00e0 partir de quel moment d\u00e9bute r\u00e9ellement le d\u00e9lai, et","breadcrumb":{"@id":"https:\/\/www.sfpf.fr\/actu\/delai-livraison-colissimo#breadcrumb"},"inLanguage":"fr-FR","potentialAction":[{"@type":"ReadAction","target":["https:\/\/www.sfpf.fr\/actu\/delai-livraison-colissimo"]}]},{"@type":"ImageObject","inLanguage":"fr-FR","@id":"https:\/\/www.sfpf.fr\/actu\/delai-livraison-colissimo#primaryimage","url":"https:\/\/www.sfpf.fr\/actu\/wp-content\/uploads\/2026\/02\/livraisoncolissimourbain-scaled.png","contentUrl":"https:\/\/www.sfpf.fr\/actu\/wp-content\/uploads\/2026\/02\/livraisoncolissimourbain-scaled.png","width":1200,"height":673,"caption":"Livraison Colissimo r\u00e9aliste devant un immeuble urbain fran\u00e7ais, avec un facteur remettant un colis \u00e0 un destinataire dans une sc\u00e8ne naturelle et authentique."},{"@type":"BreadcrumbList","@id":"https:\/\/www.sfpf.fr\/actu\/delai-livraison-colissimo#breadcrumb","itemListElement":[{"@type":"ListItem","position":1,"name":"Accueil","item":"https:\/\/www.sfpf.fr\/actu"},{"@type":"ListItem","position":2,"name":"Conseils","item":"https:\/\/www.sfpf.fr\/actu\/categorie\/conseils"},{"@type":"ListItem","position":3,"name":"D\u00e9lai livraison Colissimo : combien de jours faut-il compter"}]},{"@type":"WebSite","@id":"https:\/\/www.sfpf.fr\/actu\/#website","url":"https:\/\/www.sfpf.fr\/actu\/","name":"SFPF","description":"","publisher":{"@id":"https:\/\/www.sfpf.fr\/actu\/#organization"},"potentialAction":[{"@type":"SearchAction","target":{"@type":"EntryPoint","urlTemplate":"https:\/\/www.sfpf.fr\/actu\/?s={search_term_string}"},"query-input":{"@type":"PropertyValueSpecification","valueRequired":true,"valueName":"search_term_string"}}],"inLanguage":"fr-FR"},{"@type":"Organization","@id":"https:\/\/www.sfpf.fr\/actu\/#organization","name":"SFPF","url":"https:\/\/www.sfpf.fr\/actu\/","logo":{"@type":"ImageObject","inLanguage":"fr-FR","@id":"https:\/\/www.sfpf.fr\/actu\/#\/schema\/logo\/image\/","url":"https:\/\/www.sfpf.fr\/actu\/wp-content\/uploads\/2025\/09\/media.png","contentUrl":"https:\/\/www.sfpf.fr\/actu\/wp-content\/uploads\/2025\/09\/media.png","width":178,"height":100,"caption":"SFPF"},"image":{"@id":"https:\/\/www.sfpf.fr\/actu\/#\/schema\/logo\/image\/"}},{"@type":"Person","@id":"https:\/\/www.sfpf.fr\/actu\/#\/schema\/person\/bd87396233d24e5e46c39394bfc2a378","name":"Laredac","image":{"@type":"ImageObject","inLanguage":"fr-FR","@id":"https:\/\/www.sfpf.fr\/actu\/#\/schema\/person\/image\/","url":"https:\/\/www.sfpf.fr\/actu\/wp-content\/uploads\/2025\/09\/Design-sans-titre-10.jpg","contentUrl":"https:\/\/www.sfpf.fr\/actu\/wp-content\/uploads\/2025\/09\/Design-sans-titre-10.jpg","caption":"Laredac"},"description":"La R\u00e9daction, c\u2019est une petite \u00e9quipe de b\u00e9n\u00e9voles curieux et passionn\u00e9s. Si chacun cultive ses propres centres d\u2019int\u00e9r\u00eat \u2014 timbres fiscaux, monnaies, documents anciens ou objets de collection en tout genre \u2014 tous partagent le go\u00fbt de la d\u00e9couverte, de l\u2019authentique et du savoir bien transmis. Attach\u00e9e \u00e0 la qualit\u00e9 de l\u2019information, la r\u00e9daction s\u2019attache \u00e0 couvrir l\u2019actualit\u00e9 des collections, les nouveaut\u00e9s du march\u00e9, les tendances, mais aussi les \u00e9v\u00e9nements, publications et projets li\u00e9s \u00e0 l\u2019univers du patrimoine et de la culture. Sans se prendre trop au s\u00e9rieux, La R\u00e9dac veille \u00e0 proposer un contenu fiable, vivant et accessible \u00e0 tous les curieux, collectionneurs ou simples amateurs.","url":"https:\/\/www.sfpf.fr\/actu\/author\/laredac"}]}},"_links":{"self":[{"href":"https:\/\/www.sfpf.fr\/actu\/wp-json\/wp\/v2\/posts\/11612","targetHints":{"allow":["GET"]}}],"collection":[{"href":"https:\/\/www.sfpf.fr\/actu\/wp-json\/wp\/v2\/posts"}],"about":[{"href":"https:\/\/www.sfpf.fr\/actu\/wp-json\/wp\/v2\/types\/post"}],"author":[{"embeddable":true,"href":"https:\/\/www.sfpf.fr\/actu\/wp-json\/wp\/v2\/users\/29"}],"replies":[{"embeddable":true,"href":"https:\/\/www.sfpf.fr\/actu\/wp-json\/wp\/v2\/comments?post=11612"}],"version-history":[{"count":1,"href":"https:\/\/www.sfpf.fr\/actu\/wp-json\/wp\/v2\/posts\/11612\/revisions"}],"predecessor-version":[{"id":11806,"href":"https:\/\/www.sfpf.fr\/actu\/wp-json\/wp\/v2\/posts\/11612\/revisions\/11806"}],"wp:featuredmedia":[{"embeddable":true,"href":"https:\/\/www.sfpf.fr\/actu\/wp-json\/wp\/v2\/media\/11610"}],"wp:attachment":[{"href":"https:\/\/www.sfpf.fr\/actu\/wp-json\/wp\/v2\/media?parent=11612"}],"wp:term":[{"taxonomy":"category","embeddable":true,"href":"https:\/\/www.sfpf.fr\/actu\/wp-json\/wp\/v2\/categories?post=11612"},{"taxonomy":"post_tag","embeddable":true,"href":"https:\/\/www.sfpf.fr\/actu\/wp-json\/wp\/v2\/tags?post=11612"}],"curies":[{"name":"wp","href":"https:\/\/api.w.org\/{rel}","templated":true}]}}