{"id":11609,"date":"2026-03-12T14:30:00","date_gmt":"2026-03-12T12:30:00","guid":{"rendered":"https:\/\/www.sfpf.fr\/actu\/?p=11609"},"modified":"2026-03-12T14:30:00","modified_gmt":"2026-03-12T12:30:00","slug":"colis-livre-pas-recu","status":"publish","type":"post","link":"https:\/\/www.sfpf.fr\/actu\/colis-livre-pas-recu","title":{"rendered":"Colis marqu\u00e9 livr\u00e9 mais pas re\u00e7u : que faire concr\u00e8tement"},"content":{"rendered":"<p>Un colis affich\u00e9 comme \u00ab livr\u00e9 \u00bb alors que votre bo\u00eete aux lettres reste vide cr\u00e9e une situation confuse et stressante. Entre les obligations l\u00e9gales du vendeur, les pratiques des transporteurs et la r\u00e9alit\u00e9 du terrain, les interlocuteurs se renvoient souvent la responsabilit\u00e9.<\/p>\n<p>Pourtant, les marges de man\u0153uvre existent. En s\u2019appuyant sur les chiffres r\u00e9cents des pertes de colis en Europe, sur le fonctionnement du suivi logistique et sur les r\u00e8gles qui encadrent la livraison, il devient possible d\u2019agir m\u00e9thodiquement et d\u2019obtenir une solution concr\u00e8te.<\/p>\n<div style='background:#e9fbe9;border-radius:12px;padding:16px;font-family:Arial, sans-serif;'>\n<table style='width:100%;border-collapse:collapse;font-size:14px;'>\n<tr style='background:#dff6df;font-weight:bold;'>\n<td style='padding:8px;border:1px solid #c8e8c8;'>\u00c9tape<\/td>\n<td style='padding:8px;border:1px solid #c8e8c8;'>Action essentielle<\/td>\n<\/tr>\n<tr>\n<td style='padding:8px;border:1px solid #c8e8c8;'>1. V\u00e9rifications rapides \ud83d\udc40<\/td>\n<td style='padding:8px;border:1px solid #c8e8c8;'>Confirmer l&rsquo;adresse, v\u00e9rifier la bo\u00eete aux lettres, interroger voisins et gardien.<\/td>\n<\/tr>\n<tr>\n<td style='padding:8px;border:1px solid #c8e8c8;'>2. Contacter le transporteur \ud83d\ude9a<\/td>\n<td style='padding:8px;border:1px solid #c8e8c8;'>Demander preuve de livraison, localisation du d\u00e9p\u00f4t ou nom du signataire.<\/td>\n<\/tr>\n<tr>\n<td style='padding:8px;border:1px solid #c8e8c8;'>3. Informer le vendeur \ud83d\udecd\ufe0f<\/td>\n<td style='padding:8px;border:1px solid #c8e8c8;'>Ouvrir une r\u00e9clamation officielle pour obtenir renvoi ou remboursement.<\/td>\n<\/tr>\n<tr>\n<td style='padding:8px;border:1px solid #c8e8c8;'>4. D\u00e9marches en cas de litige \u26a0\ufe0f<\/td>\n<td style='padding:8px;border:1px solid #c8e8c8;'>Documenter les preuves, d\u00e9poser plainte si vol suspect\u00e9, saisir m\u00e9diation si n\u00e9cessaire.<\/td>\n<\/tr>\n<\/table>\n<\/div>\n<div style=\"max-width:600px;margin:15px auto;text-align:center\">\n<div style=\"position:relative;display:inline-block;width:100%\">\n<p>    <a href=\"https:\/\/www.pinterest.com\/pin\/create\/button\/?media=https:\/\/www.sfpf.fr\/actu\/wp-content\/uploads\/2026\/02\/colismarquelivremaispasrecuquefaire.jpg&#038;url=https:\/\/www.sfpf.fr\/actu\/wp-content\/uploads\/2026\/02\/colismarquelivremaispasrecuquefaire.jpg\"\n      target=\"_blank\"\n      rel=\"noopener\"\n      aria-label=\"Enregistrer l\u2019image sur Pinterest\"\n      style=\"position:absolute;top:10px;right:10px;z-index:5;font-size:22px;line-height:1;text-decoration:none\"\n     class=\"external-link\" target=\"_blank\" rel=\"noopener\"><br \/>\n      \ud83d\udccc<br \/>\n    <\/a><\/p>\n<p>    <img\n      src=\"https:\/\/www.sfpf.fr\/actu\/wp-content\/uploads\/2026\/02\/colismarquelivremaispasrecuquefaire.jpg\"\n      style=\"width:100%;max-height:70vh;object-fit:contain;display:block\"\n      loading=\"eager\"\n      decoding=\"async\"\n    ><\/p><\/div>\n<div style=\"margin-top:6px;display:flex;gap:8px;justify-content:center\">\n<p>    <a\n      href=\"https:\/\/www.sfpf.fr\/actu\/wp-content\/uploads\/2026\/02\/colismarquelivremaispasrecuquefaire.jpg\"\n      class=\"button\"\n      download\n    ><br \/>\n      T\u00e9l\u00e9charger l\u2019image<br \/>\n    <\/a><\/p>\n<p>    <button\n      type=\"button\"\n      class=\"button\"\n      onclick=\"(function(){\n        if (navigator.share) {\n          navigator.share({\n            title: document.title,\n            url: 'https:\/\/www.sfpf.fr\/actu\/wp-content\/uploads\/2026\/02\/colismarquelivremaispasrecuquefaire.jpg'\n          });\n        }\n      })();\"\n    ><br \/>\n      Partager l\u2019image<br \/>\n    <\/button><\/p><\/div>\n<\/div>\n<h2>Colis marqu\u00e9 livr\u00e9 mais pas re\u00e7u : comprendre ce qui se joue r\u00e9ellement<\/h2>\n<p>Un colis indiqu\u00e9 \u00ab livr\u00e9 \u00bb dans le suivi alors que vous ne l\u2019avez jamais eu en main correspond \u00e0 une situation bien identifi\u00e9e dans la logistique e\u2011commerce. Les transporteurs et les marchands parlent de <strong>livraison contest\u00e9e<\/strong>, ou de <strong>livraison pr\u00e9sum\u00e9e<\/strong> non re\u00e7ue. Cette zone grise m\u00eale erreurs humaines, failles de tra\u00e7abilit\u00e9, vols et dysfonctionnements informatiques.<\/p>\n<p>Entre septembre et d\u00e9cembre 2024, les donn\u00e9es sectorielles recensent environ <strong>3 720 000 colis r\u00e9ellement perdus<\/strong> en Europe, soit un taux de 0,06 % (1 envoi sur 1 667). En parall\u00e8le, pr\u00e8s de <strong>0,7 % des colis<\/strong> (1 sur 143) restent sans mise \u00e0 jour de suivi depuis plus de cinq jours ouvr\u00e9s. Ce volume d\u2019\u00ab envois fant\u00f4mes \u00bb p\u00e8se lourd : pr\u00e8s de <strong>540 millions d\u2019euros<\/strong> de co\u00fbt global estim\u00e9 pour l\u2019e\u2011commerce europ\u00e9en, dont une perte d\u2019environ 30 000 \u20ac par jour.<\/p>\n<p>Dans ce contexte, le cas individuel d\u2019un colis marqu\u00e9 livr\u00e9 mais non re\u00e7u n\u2019est plus une exception. Les enqu\u00eates clients sur la p\u00e9riode octobre 2024 \u2013 mars 2025 indiquent que <strong>62 % des destinataires<\/strong> d\u00e9clarent au moins un probl\u00e8me de livraison : d\u00e9lai non respect\u00e9, absence d\u2019information de suivi, ou colis jamais remis.<\/p>\n<div style=\"border:1px solid #ddd;padding:12px 16px;margin:18px 0;background:#fafafa;font-size:0.95em;\">\n<strong>\u00c0 retenir :<\/strong> un statut \u00ab livr\u00e9 \u00bb dans le suivi ne signifie pas automatiquement que la remise a eu lieu dans de bonnes conditions. La tra\u00e7abilit\u00e9 logistique reste perfectible et laisse de la place \u00e0 la contestation argument\u00e9e.\n<\/div>\n<h2>Les sc\u00e9narios les plus fr\u00e9quents derri\u00e8re un colis indiqu\u00e9 livr\u00e9<\/h2>\n<p>Pour agir efficacement, vous devez qualifier la situation. Plusieurs sc\u00e9narios reviennent r\u00e9guli\u00e8rement lorsque le suivi affiche \u00ab livr\u00e9 \u00bb mais que le destinataire ne poss\u00e8de pas le colis.<\/p>\n<h3>Colis d\u00e9pos\u00e9 sans remise contre signature<\/h3>\n<p>Le colis est parfois laiss\u00e9 dans la bo\u00eete aux lettres, sur le pas de la porte ou chez un voisin, alors qu\u2019une remise contre signature \u00e9tait pr\u00e9vue. Le livreur cl\u00f4t alors la livraison comme effectu\u00e9e, sans preuve de signature ou avec une signature \u00ab simplifi\u00e9e \u00bb saisie sur son terminal.<\/p>\n<p>Dans ce cas, la contestation repose sur l\u2019\u00e9cart entre le <strong>mode de livraison vendu<\/strong> (remise contre signature, identit\u00e9 v\u00e9rifi\u00e9e, code PIN, etc.) et la <strong>r\u00e9alit\u00e9 op\u00e9rationnelle<\/strong> (d\u00e9p\u00f4t sans contr\u00f4le, absence de signature, colis accessible depuis la rue).<\/p>\n<h3>Erreur d\u2019adresse ou de bo\u00eete aux lettres<\/h3>\n<p>Une erreur de num\u00e9ro, d\u2019\u00e9tage ou de nom sur la bo\u00eete aux lettres conduit \u00e0 une livraison chez un voisin ou dans un autre immeuble. Le suivi indique alors \u00ab livr\u00e9 \u00bb, parfois avec une mention vague du type \u00ab remis au voisin \u00bb ou \u00ab d\u00e9p\u00f4t bo\u00eete \u00bb.<\/p>\n<p>Les erreurs de codification d\u2019adresse ou de lecture d\u2019\u00e9tiquette g\u00e9n\u00e9rant une livraison dans la mauvaise rue restent fr\u00e9quentes dans certains environnements urbains denses. Le colis existe physiquement, mais pas au bon endroit.<\/p>\n<h3>Usurpation de signature ou vol apr\u00e8s d\u00e9p\u00f4t<\/h3>\n<p>Dans certaines situations, le livreur recueille une signature qui ne correspond pas au destinataire r\u00e9el (passant, voisin, concierge non autoris\u00e9) ou coche lui\u2011m\u00eame la case \u00ab signature \u00bb sur son terminal. Le colis peut ensuite dispara\u00eetre avant d\u2019atteindre le v\u00e9ritable destinataire.<\/p>\n<p>Autre situation : le colis est d\u00e9pos\u00e9 sans surveillance, devant une porte ou dans un hall ouvert, puis subtilis\u00e9 avant le retour du destinataire. Le suivi reste \u00ab livr\u00e9 \u00bb, mais aucun tiers responsable n\u2019est identifi\u00e9 clairement.<\/p>\n<h3>Erreur ou d\u00e9calage de scan dans le syst\u00e8me de suivi<\/h3>\n<p>Le colis peut \u00eatre scann\u00e9 \u00ab livr\u00e9 \u00bb par erreur alors qu\u2019il reste encore dans le v\u00e9hicule ou qu\u2019il se trouve dans une agence locale. Ce type de bug de tra\u00e7abilit\u00e9 cr\u00e9e des statuts incoh\u00e9rents pendant plusieurs heures, voire plusieurs jours.<\/p>\n<p>Le transporteur conserve alors physiquement le colis, mais l\u2019algorithme de suivi affiche une livraison finalis\u00e9e. Une partie des envois class\u00e9s \u00ab potentiellement perdus \u00bb (sans mise \u00e0 jour depuis plus de cinq jours ouvr\u00e9s) entre dans cette cat\u00e9gorie floue.<\/p>\n<h2>Qui est responsable quand le colis est marqu\u00e9 livr\u00e9 mais que vous ne l\u2019avez pas ?<\/h2>\n<p>En droit de la consommation fran\u00e7ais et europ\u00e9en, la cl\u00e9 r\u00e9side dans la notion de <strong>transfert des risques<\/strong>. Tant que le colis n\u2019est pas entre vos mains, le vendeur reste responsable du bon acheminement, sauf cas tr\u00e8s pr\u00e9cis de choix de transporteur par le client.<\/p>\n<h3>Le vendeur reste l\u2019interlocuteur principal<\/h3>\n<p>Dans la plupart des commandes en ligne, le commer\u00e7ant choisit lui\u2011m\u00eame le transporteur (La Poste, Chronopost, DPD, FedEx ou autre). Le contrat de transport lie alors le vendeur au transporteur, et non le client final au transporteur.<\/p>\n<p>En pratique, m\u00eame si la plateforme ou la boutique vous invite \u00e0 \u00ab voir avec le transporteur \u00bb, la responsabilit\u00e9 de r\u00e9sultat de la livraison p\u00e8se sur le vendeur jusqu\u2019\u00e0 la remise effective du colis au destinataire ou \u00e0 un tiers convenu.<\/p>\n<blockquote><p>\n\u00ab Le vendeur demeure tenu envers le consommateur de la bonne ex\u00e9cution des obligations r\u00e9sultant du contrat conclu \u00e0 distance, que ces obligations soient ex\u00e9cut\u00e9es par le vendeur lui-m\u00eame ou par d\u2019autres prestataires de services. \u00bb\n<\/p><\/blockquote>\n<p>Cette logique irrigue les conditions g\u00e9n\u00e9rales de nombreuses enseignes, m\u00eame si les transporteurs ne communiquent pas toujours publiquement leurs proc\u00e9dures internes de v\u00e9rification pour les colis d\u00e9clar\u00e9s livr\u00e9s mais non re\u00e7us.<\/p>\n<h3>Le transporteur g\u00e8re la preuve de livraison<\/h3>\n<p>De son c\u00f4t\u00e9, le transporteur g\u00e8re la <strong>preuve de livraison<\/strong> : scan final, g\u00e9olocalisation, photo du colis, signature \u00e9lectronique, mention de remise \u00e0 un voisin ou au gardien. Toutefois, les donn\u00e9es publiques restent incompl\u00e8tes concernant les <strong>proc\u00e9dures internes de contr\u00f4le<\/strong> lorsque le client conteste la livraison.<\/p>\n<p>Les transporteurs tels que <strong>La Poste<\/strong>, <strong>Chronopost<\/strong>, <strong>DPD<\/strong> ou <strong>FedEx<\/strong> documentent principalement leurs r\u00e8gles dans leurs conditions g\u00e9n\u00e9rales et documents op\u00e9rationnels, rarement accessibles en d\u00e9tail au grand public. Cette opacit\u00e9 complique la contestation directe par le destinataire.<\/p>\n<div style=\"border-left:4px solid #0073aa;padding:10px 14px;margin:18px 0;background:#f3f8fc;font-size:0.95em;\">\n<strong>Conseil pratique :<\/strong> adressez toujours votre r\u00e9clamation en priorit\u00e9 au vendeur, m\u00eame si vous engagez en parall\u00e8le un contact avec le transporteur. Le vendeur dispose d\u2019un levier contractuel direct aupr\u00e8s du transporteur pour ouvrir une enqu\u00eate et obtenir un d\u00e9dommagement.\n<\/div>\n<h2>V\u00e9rifications imm\u00e9diates \u00e0 faire avant toute r\u00e9clamation<\/h2>\n<p>Avant de lancer un litige, plusieurs v\u00e9rifications simples affinent la situation et renforcent votre dossier. Ces \u00e9tapes rapides \u00e9vitent aussi certaines incompr\u00e9hensions ou livraisons d\u00e9j\u00e0 effectu\u00e9es sans que vous en ayez connaissance.<\/p>\n<h3>Analyser pr\u00e9cis\u00e9ment le suivi de colis<\/h3>\n<p>Consultez d\u2019abord le suivi en ligne du transporteur ou de la boutique, ainsi que les \u00e9ventuels messages SMS ou email. Observez :<\/p>\n<ul>\n<li>la <strong>date et l\u2019heure exactes<\/strong> de la livraison annonc\u00e9e ;<\/li>\n<li>le <strong>lieu mentionn\u00e9<\/strong> : bo\u00eete aux lettres, point relais, agence, voisin, conciergerie ;<\/li>\n<li>les <strong>commentaires du livreur<\/strong> : \u00ab d\u00e9p\u00f4t bo\u00eete \u00bb, \u00ab remis \u00e0 M. X \u00bb, \u00ab laiss\u00e9 \u00e0 l\u2019accueil \u00bb, etc. ;<\/li>\n<li>la pr\u00e9sence ou non d\u2019une <strong>photo de d\u00e9p\u00f4t<\/strong> ou d\u2019une signature visible.<\/li>\n<\/ul>\n<p>Pour les envois livr\u00e9s par La Poste et ses filiales, la consultation du suivi peut se faire directement sur le site ou depuis une page sp\u00e9cialis\u00e9e de suivi de colis. Un lien comme <a href=\"\/suivi-colis-la-poste\/\">\/suivi-colis-la-poste\/<\/a> fournit par exemple un point d\u2019entr\u00e9e unique pour centraliser ces informations.<\/p>\n<h3>V\u00e9rifier votre environnement imm\u00e9diat<\/h3>\n<p>Inspectez ensuite la bo\u00eete aux lettres, le hall d\u2019immeuble, les parties communes, le porche ou l\u2019abri devant votre domicile. Certains livreurs effectuent un d\u00e9p\u00f4t discret, notamment pour les colis sans signature.<\/p>\n<p>Contactez les voisins, le gardien, la loge, la r\u00e9ception ou l\u2019accueil d\u2019entreprise. Il arrive qu\u2019un tiers ait accept\u00e9 la remise sans vous en informer imm\u00e9diatement. Dans un contexte urbain, cette \u00e9tape r\u00e8gle une part non n\u00e9gligeable des litiges.<\/p>\n<h3>Contr\u00f4ler l\u2019adresse de livraison et les consignes fournies<\/h3>\n<p>Relisez la confirmation de commande et l\u2019adresse saisie : num\u00e9ro de rue, \u00e9tage, code d\u2019entr\u00e9e, nom sur la bo\u00eete, digicode. Une erreur de frappe ou une indication manquante oriente parfois le livreur vers le mauvais logement.<\/p>\n<p>Si vous avez laiss\u00e9 un message de type \u00ab d\u00e9poser chez le voisin \u00bb ou \u00ab laisser devant la porte \u00bb, int\u00e9grez\u2011le \u00e0 votre analyse. Le transporteur invoque ensuite ces consignes pour justifier un d\u00e9p\u00f4t sans signature.<\/p>\n<h2>Les \u00e9tapes concr\u00e8tes pour un colis marqu\u00e9 livr\u00e9 mais non re\u00e7u<\/h2>\n<p>Une fois les v\u00e9rifications de base r\u00e9alis\u00e9es, la d\u00e9marche se structure en trois volets : documentation du constat, contact avec le vendeur, puis, si n\u00e9cessaire, recours compl\u00e9mentaires.<\/p>\n<h3>1. Documenter imm\u00e9diatement la situation<\/h3>\n<p>R\u00e9digez un court r\u00e9capitulatif factuel le jour m\u00eame ou le lendemain :<\/p>\n<ul>\n<li>num\u00e9ro de commande et num\u00e9ro de suivi ;<\/li>\n<li>date et horaire de livraison affich\u00e9s ;<\/li>\n<li>captures d\u2019\u00e9cran du suivi (site marchand et site du transporteur) ;<\/li>\n<li>photos de votre bo\u00eete aux lettres et de l\u2019entr\u00e9e (sans colis visible) ;<\/li>\n<li>\u00e9ventuels t\u00e9moignages de voisins ou du gardien.<\/li>\n<\/ul>\n<p>Cette base factuelle structure tous vos \u00e9changes ult\u00e9rieurs. Elle sert de point de rep\u00e8re pour le service client, puis pour un \u00e9ventuel m\u00e9diateur ou une protection juridique.<\/p>\n<h3>2. Contacter d\u2019abord le vendeur (par \u00e9crit)<\/h3>\n<p>Adressez un message \u00e9crit au service client de la boutique ou de la plateforme, id\u00e9alement par email ou via un formulaire qui laisse une trace dat\u00e9e. Indiquez :<\/p>\n<ul>\n<li>l\u2019objet pr\u00e9cis : \u00ab colis indiqu\u00e9 livr\u00e9 mais non re\u00e7u \u00bb ;<\/li>\n<li>les r\u00e9f\u00e9rences de commande et de suivi ;<\/li>\n<li>un descriptif concis des v\u00e9rifications d\u00e9j\u00e0 men\u00e9es ;<\/li>\n<li>votre demande claire : <strong>r\u00e9exp\u00e9dition du colis ou remboursement int\u00e9gral<\/strong>.<\/li>\n<\/ul>\n<p>Invitez le vendeur \u00e0 ouvrir une enqu\u00eate aupr\u00e8s du transporteur. Rappelez, de fa\u00e7on courtoise, l\u2019obligation de livraison conforme au contrat. Conserver un ton ferme mais factuel facilite la r\u00e9solution.<\/p>\n<h3>3. Contacter ensuite le transporteur, en parall\u00e8le<\/h3>\n<p>Lorsque le suivi vient de <strong>La Poste ou Chronopost<\/strong>, vous pouvez d\u00e9poser une r\u00e9clamation compl\u00e9mentaire directement aupr\u00e8s du transporteur, surtout si vous disposez d\u00e9j\u00e0 d\u2019un compte client ou d\u2019un num\u00e9ro de suivi pr\u00e9cis.<\/p>\n<p>Une ressource d\u00e9di\u00e9e comme <a href=\"\/reclamation-la-poste\/\">\/reclamation-la-poste\/<\/a> permet d\u2019encadrer cette d\u00e9marche, de compiler les \u00e9l\u00e9ments utiles et de suivre l\u2019avancement de la plainte. Cette r\u00e9clamation n\u2019exon\u00e8re pas le vendeur, mais elle alimente l\u2019enqu\u00eate logistique.<\/p>\n<div style=\"border:1px solid #e0b800;background:#fffbe6;padding:12px 16px;margin:18px 0;font-size:0.95em;\">\n<strong>Astuce :<\/strong> mentionnez dans vos messages que vous disposez des captures d\u2019\u00e9cran et des photos de votre bo\u00eete aux lettres. Les services clients prennent souvent plus au s\u00e9rieux un dossier d\u00e9j\u00e0 structur\u00e9, surtout lorsque plusieurs colis r\u00e9cents sont concern\u00e9s.\n<\/div>\n<h2>Typologie des r\u00e9ponses possibles du vendeur et du transporteur<\/h2>\n<p>Apr\u00e8s d\u00e9claration du probl\u00e8me, plusieurs sc\u00e9narios de r\u00e9ponse apparaissent. Les anticiper permet de pr\u00e9parer vos arguments et vos d\u00e9cisions.<\/p>\n<h3>Cas o\u00f9 la preuve de livraison est insuffisante<\/h3>\n<p>Si le transporteur ne pr\u00e9sente aucune signature, aucune photo et aucune pr\u00e9cision de lieu, le vendeur dispose de peu d\u2019\u00e9l\u00e9ments pour contester votre version. Dans ce cas, la r\u00e9solution s\u2019oriente souvent vers :<\/p>\n<ul>\n<li>une <strong>r\u00e9exp\u00e9dition du produit<\/strong>, parfois avec un mode de livraison renforc\u00e9 (signature obligatoire) ;<\/li>\n<li>un <strong>remboursement<\/strong> par recr\u00e9dit sur le moyen de paiement initial ;<\/li>\n<li>un <strong>avoir<\/strong> sur le compte client pour une prochaine commande.<\/li>\n<\/ul>\n<p>Le vendeur r\u00e9cup\u00e8re ensuite, le cas \u00e9ch\u00e9ant, une indemnisation partielle aupr\u00e8s du transporteur au titre de la perte ou du manquant.<\/p>\n<h3>Cas o\u00f9 la preuve de livraison semble solide (photo, g\u00e9olocalisation, signature)<\/h3>\n<p>Certains syst\u00e8mes de livraison fournissent une photo du colis devant la porte, une g\u00e9olocalisation pr\u00e9cise et une signature num\u00e9rique. Le vendeur s\u2019appuie alors sur ces \u00e9l\u00e9ments pour consid\u00e9rer la livraison comme achev\u00e9e.<\/p>\n<p>Dans ce contexte, la discussion se focalise sur :<\/p>\n<ul>\n<li>la <strong>concordance entre la photo et votre domicile<\/strong> (m\u00eame paillasson, m\u00eame porte, m\u00eame num\u00e9ro ?) ;<\/li>\n<li>la <strong>validit\u00e9 de la signature<\/strong> : correspond\u2011t\u2011elle \u00e0 la v\u00f4tre ou \u00e0 un tiers identifi\u00e9 ? ;<\/li>\n<li>les <strong>consignes de livraison initiales<\/strong> : autorisiez\u2011vous un d\u00e9p\u00f4t sans surveillance ?<\/li>\n<\/ul>\n<p>Selon la politique commerciale du marchand, une solution amiable reste possible, m\u00eame si le vendeur estime th\u00e9oriquement avoir rempli ses obligations.<\/p>\n<h3>R\u00e9ponses dilatoires : \u00ab voir directement avec le transporteur \u00bb<\/h3>\n<p>Il arrive que le service client renvoie syst\u00e9matiquement vers le transporteur en invoquant la mention \u00ab livr\u00e9 \u00bb dans le suivi. Ce type de r\u00e9ponse ne correspond pas \u00e0 l\u2019esprit de la r\u00e9glementation, qui consid\u00e8re le vendeur comme responsable de bout en bout.<\/p>\n<p>Dans cette hypoth\u00e8se, le rappel poli du cadre l\u00e9gal, accompagn\u00e9 d\u2019une demande \u00e9crite plus formelle, guide souvent le dossier vers un responsable plus exp\u00e9riment\u00e9 ou un service litige interne.<\/p>\n<h2>Plaintes, r\u00e9clamations et recours : structurer une d\u00e9marche solide<\/h2>\n<p>Si le premier \u00e9change avec le service client ne suffit pas, plusieurs paliers de recours s\u2019ouvrent, avec des degr\u00e9s d\u2019escalade diff\u00e9rents. L\u2019objectif consiste \u00e0 rester m\u00e9thodique et \u00e0 laisser une trace \u00e0 chaque \u00e9tape.<\/p>\n<h3>1. Relance \u00e9crite et mise en demeure amiable<\/h3>\n<p>Adressez au vendeur une relance d\u00e9taill\u00e9e, en rappelant les faits et les \u00e9changes d\u00e9j\u00e0 eu. Mentionnez :<\/p>\n<ul>\n<li>les dates des contacts pr\u00e9c\u00e9dents ;<\/li>\n<li>les r\u00e9ponses obtenues ;<\/li>\n<li>votre demande pr\u00e9cise (r\u00e9exp\u00e9dition ou remboursement) ;<\/li>\n<li>un d\u00e9lai raisonnable de r\u00e9ponse (par exemple 8 \u00e0 10 jours).<\/li>\n<\/ul>\n<p>Formulez cette relance dans un ton ferme et courtois, en signalant que vous envisagez de saisir un m\u00e9diateur ou une association de consommateurs en l\u2019absence de r\u00e9solution.<\/p>\n<h3>2. Saisine du m\u00e9diateur de la consommation ou de la plateforme<\/h3>\n<p>La plupart des enseignes e\u2011commerce adh\u00e8rent \u00e0 un dispositif de <strong>m\u00e9diation de la consommation<\/strong>. Les marketplaces (places de march\u00e9) disposent \u00e9galement de leurs propres processus d\u2019arbitrage interne.<\/p>\n<p>La saisine d\u2019un m\u00e9diateur se pr\u00e9pare avec :<\/p>\n<ul>\n<li>vos \u00e9changes \u00e9crits complets ;<\/li>\n<li>les preuves du suivi de colis ;<\/li>\n<li>les \u00e9ventuels t\u00e9moignages ou photos de votre domicile ;<\/li>\n<li>un r\u00e9cit chronologique synth\u00e9tique.<\/li>\n<\/ul>\n<p>La m\u00e9diation aboutit souvent \u00e0 une solution transactionnelle, notamment lorsque le vendeur souhaite \u00e9viter un conflit prolong\u00e9.<\/p>\n<h3>3. Recours suppl\u00e9mentaires : assurance, protection juridique, plainte<\/h3>\n<p>En compl\u00e9ment, d\u2019autres leviers existent selon la gravit\u00e9 du litige et la valeur du colis :<\/p>\n<ul>\n<li><strong>Assurance habitation<\/strong> : certaines formules incluent des garanties vol \u00e0 la bo\u00eete aux lettres ou \u00e0 la porte, sous conditions strictes ;<\/li>\n<li><strong>Protection juridique<\/strong> : un service d\u2019assistance juridique prend parfois en charge la r\u00e9daction de courriers et l\u2019analyse du dossier ;<\/li>\n<li><strong>Plainte<\/strong> en cas de vol av\u00e9r\u00e9 : d\u00e9p\u00f4t de plainte ou de main courante, surtout si plusieurs colis disparaissent dans la m\u00eame zone.<\/li>\n<\/ul>\n<p>Ces recours s\u2019envisagent surtout pour des montants \u00e9lev\u00e9s ou des litiges r\u00e9p\u00e9titifs avec le m\u00eame point de livraison.<\/p>\n<h2>Suivi de colis, zones d\u2019ombre et colis \u00ab en transit \u00bb permanent<\/h2>\n<p>La fiabilit\u00e9 du suivi joue un r\u00f4le central dans les litiges de colis d\u00e9clar\u00e9s livr\u00e9s mais non re\u00e7us. L\u2019absence de mise \u00e0 jour pendant plusieurs jours, alors que la livraison \u00e9tait annonc\u00e9e, indique souvent un dysfonctionnement plus large dans la cha\u00eene logistique.<\/p>\n<h3>Comprendre les statuts \u00ab en transit \u00bb, \u00ab en cours d\u2019acheminement \u00bb et \u00ab livr\u00e9 \u00bb<\/h3>\n<p>Les statuts comme \u00ab en transit \u00bb, \u00ab en cours d\u2019acheminement \u00bb, \u00ab en cours de livraison \u00bb ou \u00ab livr\u00e9 \u00bb r\u00e9pondent \u00e0 des scans successifs op\u00e9r\u00e9s dans les centres de tri et par les livreurs. Chaque scan d\u00e9clenche une ligne dans le suivi.<\/p>\n<p>Un guide d\u00e9di\u00e9 comme <a href=\"\/colis-en-transit\/\">\/colis-en-transit\/<\/a> permet de d\u00e9coder les diff\u00e9rents messages, leurs causes probables et les d\u00e9lais raisonnables avant d\u2019envisager une perte. Lorsque le statut passe brutalement \u00e0 \u00ab livr\u00e9 \u00bb sans \u00e9tape interm\u00e9diaire, la suspicion d\u2019erreur ou de cl\u00f4ture anticip\u00e9e de la tourn\u00e9e augmente.<\/p>\n<h3>Les \u00ab colis fant\u00f4mes \u00bb sans mise \u00e0 jour de suivi<\/h3>\n<p>Les statistiques \u00e9voqu\u00e9es plus haut distinguent les <strong>colis r\u00e9ellement perdus<\/strong> des envois class\u00e9s comme <strong>potentiellement perdus<\/strong>. Ces derniers restent plusieurs jours sans aucune mise \u00e0 jour de suivi, d\u00e9passant cinq jours ouvr\u00e9s dans la d\u00e9finition retenue.<\/p>\n<p>Dans ce cas, le risque de livraison fictive augmente : certains syst\u00e8mes passent automatiquement en \u00ab livr\u00e9 \u00bb apr\u00e8s un certain temps ou \u00e0 la suite d\u2019un scan incorrect. Pour l\u2019e\u2011commer\u00e7ant, ces colis repr\u00e9sentent une source significative de co\u00fbt indirect, entre perte de chiffre d\u2019affaires, frais d\u2019exp\u00e9dition et charges de service client.<\/p>\n<table border=\"1\" cellpadding=\"8\" cellspacing=\"0\" style=\"border-collapse:collapse;margin:18px 0;font-size:0.95em;\">\n<thead>\n<tr>\n<th>Type de situation<\/th>\n<th>Caract\u00e9ristiques<\/th>\n<th>Impact pour le client<\/th>\n<th>R\u00e9action recommand\u00e9e<\/th>\n<\/tr>\n<\/thead>\n<tbody>\n<tr>\n<td>Colis r\u00e9ellement perdu<\/td>\n<td>Aucune trace physique, enqu\u00eate transporteur infructueuse<\/td>\n<td>Produit jamais re\u00e7u, suivi parfois bloqu\u00e9 ou incoh\u00e9rent<\/td>\n<td>R\u00e9clamation au vendeur, demande de remboursement ou r\u00e9exp\u00e9dition<\/td>\n<\/tr>\n<tr>\n<td>Colis potentiellement perdu<\/td>\n<td>Pas de mise \u00e0 jour depuis &gt; 5 jours ouvr\u00e9s<\/td>\n<td>Incertitude, d\u00e9lai prolong\u00e9, information floue<\/td>\n<td>Relance, ouverture d\u2019enqu\u00eate, surveillance rapproch\u00e9e du suivi<\/td>\n<\/tr>\n<tr>\n<td>Colis d\u00e9clar\u00e9 livr\u00e9 mais non re\u00e7u<\/td>\n<td>Statut \u00ab livr\u00e9 \u00bb, absence de colis chez le destinataire<\/td>\n<td>Conflit de version entre client, vendeur et transporteur<\/td>\n<td>Documentation du cas, r\u00e9clamation structur\u00e9e, recours gradu\u00e9s<\/td>\n<\/tr>\n<\/tbody>\n<\/table>\n<div style=\"border-left:4px solid #444;padding:10px 14px;margin:18px 0;background:#f7f7f7;font-size:0.95em;\">\n<strong>Point d\u2019attention :<\/strong> de nombreux clients confondent retard de mise \u00e0 jour du suivi et perte d\u00e9finitive. Un suivi fig\u00e9 plusieurs jours ne signifie pas forc\u00e9ment disparition du colis, mais il justifie une relance rapide pour forcer l\u2019ouverture d\u2019une enqu\u00eate.<\/div>\n<h2>Pr\u00e9venir les probl\u00e8mes de colis d\u00e9clar\u00e9s livr\u00e9s mais non re\u00e7us<\/h2>\n<p>Au\u2011del\u00e0 de la gestion des litiges, plusieurs leviers r\u00e9duisent nettement le risque de colis marqu\u00e9s comme livr\u00e9s sans \u00eatre remis. Ces pr\u00e9cautions se prennent d\u00e8s la commande et lors du choix du mode de livraison.<\/p>\n<h3>Choisir des options de livraison adapt\u00e9es \u00e0 votre contexte<\/h3>\n<p>Dans un environnement o\u00f9 les pertes de colis et les vols de bo\u00eetes aux lettres g\u00e9n\u00e8rent plusieurs centaines de millions d\u2019euros de co\u00fbt chaque ann\u00e9e, le choix du mode de livraison a un impact direct sur le risque individuel.<\/p>\n<ul>\n<li><strong>Remise contre signature<\/strong> : \u00e0 privil\u00e9gier pour les produits de valeur ou sensibles ;<\/li>\n<li><strong>Livraison en point relais<\/strong> : limite fortement les vols \u00e0 la porte et les erreurs d\u2019adresse ;<\/li>\n<li><strong>Retrait en bureau de poste<\/strong> : s\u00e9curise la remise gr\u00e2ce \u00e0 un contr\u00f4le d\u2019identit\u00e9 ;<\/li>\n<li><strong>Livraison sur cr\u00e9neau horaire<\/strong> : permet d\u2019\u00eatre pr\u00e9sent pour r\u00e9ceptionner.<\/li>\n<\/ul>\n<p>Adapter syst\u00e9matiquement le mode de livraison \u00e0 la valeur du colis et \u00e0 votre pr\u00e9sence r\u00e9elle au domicile r\u00e9duit significativement les litiges ult\u00e9rieurs.<\/p>\n<h3>Soigner l\u2019adresse et les informations compl\u00e9mentaires<\/h3>\n<p>Une adresse compl\u00e8te et lisible reste un \u00e9l\u00e9ment central :<\/p>\n<ul>\n<li>nom et pr\u00e9nom strictement identiques \u00e0 ceux figurant sur la bo\u00eete aux lettres ;<\/li>\n<li>num\u00e9ro, b\u00e2timent, escalier, \u00e9tage, porte, r\u00e9sidence ;<\/li>\n<li>codes d\u2019acc\u00e8s, interphone, t\u00e9l\u00e9phone joignable ;<\/li>\n<li>\u00e9ventuelles consignes suppl\u00e9mentaires claires (sans ambigu\u00eft\u00e9 sur le d\u00e9p\u00f4t).<\/li>\n<\/ul>\n<p>Un d\u00e9faut d\u2019information au d\u00e9part ouvre la porte aux erreurs de tourn\u00e9e et complique ensuite la contestation d\u2019un colis marqu\u00e9 livr\u00e9 au mauvais endroit.<\/p>\n<h3>S\u00e9curiser la r\u00e9ception au niveau du domicile<\/h3>\n<p>Lorsque vous recevez fr\u00e9quemment des colis \u00e0 domicile, la s\u00e9curisation de l\u2019endroit de remise diminue la probabilit\u00e9 de disparition apr\u00e8s d\u00e9p\u00f4t :<\/p>\n<ul>\n<li>bo\u00eete aux lettres robuste, difficile \u00e0 forcer ;<\/li>\n<li>espace discret non visible depuis la rue pour les d\u00e9p\u00f4ts autoris\u00e9s ;<\/li>\n<li>cam\u00e9ra de sonnette ou de palier, utile en cas de litige ;<\/li>\n<li>informations claires affich\u00e9es pour les livreurs (nom, num\u00e9ro, \u00e9tage).<\/li>\n<\/ul>\n<p>Ces am\u00e9nagements n\u2019\u00e9liminent pas totalement le risque, mais ils renforcent la cr\u00e9dibilit\u00e9 de votre position en cas de plainte : vous d\u00e9montrez un environnement adapt\u00e9 \u00e0 la r\u00e9ception de colis.<\/p>\n<h2>Impact \u00e9conomique des colis perdus et livraisons contest\u00e9es<\/h2>\n<p>Les colis indiqu\u00e9s livr\u00e9s mais non re\u00e7us ne repr\u00e9sentent pas seulement un d\u00e9sagr\u00e9ment ponctuel pour le destinataire. Ils alimentent un co\u00fbt global non n\u00e9gligeable pour tout l\u2019\u00e9cosyst\u00e8me e\u2011commerce.<\/p>\n<h3>Un co\u00fbt direct et indirect pour les marchands<\/h3>\n<p>Les donn\u00e9es disponibles estiment \u00e0 <strong>540 millions d\u2019euros<\/strong> le co\u00fbt global annuel des colis perdus pour l\u2019e\u2011commerce europ\u00e9en. Ce montant int\u00e8gre plusieurs composantes :<\/p>\n<ul>\n<li><strong>Perte de chiffre d\u2019affaires<\/strong> : produit non facturable ou rembours\u00e9 ;<\/li>\n<li><strong>Service client<\/strong> : temps de traitement des r\u00e9clamations, relances, enqu\u00eates ;<\/li>\n<li><strong>Frais d\u2019exp\u00e9dition non r\u00e9cup\u00e9r\u00e9s<\/strong> : affranchissement initial perdu, r\u00e9exp\u00e9ditions ;<\/li>\n<li><strong>Image de marque<\/strong> : avis n\u00e9gatifs, baisse de confiance des clients.<\/li>\n<\/ul>\n<p>Pour un envoi type, la <strong>perte moyenne<\/strong> se r\u00e9partit par tranche approximative autour de 145 \u20ac : environ 136 \u20ac de chiffre d\u2019affaires perdu, 6 \u20ac de co\u00fbt de service client et 3 \u20ac de frais d\u2019exp\u00e9dition non r\u00e9cup\u00e9r\u00e9s. Ce sch\u00e9ma varie selon les secteurs, mais illustre l\u2019impact \u00e9conomique r\u00e9el d\u2019un colis non re\u00e7u.<\/p>\n<h3>Des clients durablement marqu\u00e9s par les incidents de livraison<\/h3>\n<p>Entre octobre 2024 et mars 2025, 62 % des clients d\u00e9clarent avoir connu au moins un probl\u00e8me de livraison. Derri\u00e8re ce pourcentage, on retrouve :<\/p>\n<ul>\n<li>des <strong>retards<\/strong> par rapport \u00e0 la date annonc\u00e9e ;<\/li>\n<li>un <strong>manque d\u2019information<\/strong> sur le suivi et les \u00e9tapes d\u2019acheminement ;<\/li>\n<li>des <strong>colis non remis<\/strong> alors que le statut affiche \u00ab livr\u00e9 \u00bb.<\/li>\n<\/ul>\n<p>Un incident de livraison laisse souvent une trace durable dans la perception du marchand et du transporteur. La transparence, la rapidit\u00e9 de prise en charge et la capacit\u00e9 \u00e0 proposer une solution claire influencent fortement la fid\u00e9lit\u00e9 future.<\/p>\n<blockquote><p>\n\u00ab Apr\u00e8s deux colis marqu\u00e9s livr\u00e9s mais jamais re\u00e7us, j\u2019ai arr\u00eat\u00e9 toute commande sur cette boutique. La r\u00e9ponse du service client \u00e9tait toujours la m\u00eame : selon eux, le transporteur avait livr\u00e9. \u00bb\n<\/p><\/blockquote>\n<p>Les commer\u00e7ants qui reconnaissent rapidement le probl\u00e8me et proposent un d\u00e9dommagement structur\u00e9 limitent nettement les cons\u00e9quences d\u2019un incident isol\u00e9 sur la relation client \u00e0 long terme.<\/p>\n<h2>Construire un r\u00e9flexe : v\u00e9rifier, documenter, r\u00e9clamer<\/h2>\n<p>Un colis indiqu\u00e9 livr\u00e9 alors que vous ne l\u2019avez pas re\u00e7u n\u2019implique ni fatalit\u00e9 ni improvisation. En adoptant un r\u00e9flexe en trois temps \u2014 <strong>v\u00e9rifier<\/strong> l\u2019environnement et le suivi, <strong>documenter<\/strong> les faits, <strong>r\u00e9clamer<\/strong> de fa\u00e7on structur\u00e9e \u2014 vous transformez une situation confuse en d\u00e9marche argument\u00e9e.<\/p>\n<p>Les outils de suivi, les pages de r\u00e9clamation d\u00e9di\u00e9es et les canaux de m\u00e9diation fournissent un cadre utilisable par tout destinataire, m\u00eame sans expertise juridique. Les enjeux \u00e9conomiques et la fr\u00e9quence de ces incidents incitent progressivement les acteurs du secteur \u00e0 affiner leurs proc\u00e9dures, m\u00eame si les informations internes des transporteurs restent encore limit\u00e9es et parfois difficiles d\u2019acc\u00e8s pour le grand public.<\/p>\n","protected":false},"excerpt":{"rendered":"","protected":false},"author":29,"featured_media":11607,"comment_status":"open","ping_status":"","sticky":false,"template":"","format":"standard","meta":{"_acf_changed":false,"subtitle":"","footnotes":""},"categories":[520],"tags":[],"class_list":["post-11609","post","type-post","status-publish","format-standard","has-post-thumbnail","hentry","category-conseils","generate-columns","tablet-grid-50","mobile-grid-100","grid-parent","grid-33"],"acf":false,"yoast_head":"<!-- This site is optimized with the Yoast SEO plugin v25.8 - https:\/\/yoast.com\/wordpress\/plugins\/seo\/ -->\n<title>Colis marqu\u00e9 livr\u00e9 mais pas re\u00e7u : que faire concr\u00e8tement | SFPF<\/title>\n<meta name=\"description\" content=\"Un colis affich\u00e9 comme \u00ab livr\u00e9 \u00bb alors que votre bo\u00eete aux lettres reste vide cr\u00e9e une situation confuse et stressante. Entre les obligations l\u00e9gales du\" \/>\n<meta name=\"robots\" content=\"index, follow, max-snippet:-1, max-image-preview:large, max-video-preview:-1\" \/>\n<link rel=\"canonical\" href=\"https:\/\/www.sfpf.fr\/actu\/colis-livre-pas-recu\" \/>\n<meta property=\"og:locale\" content=\"fr_FR\" \/>\n<meta property=\"og:type\" content=\"article\" \/>\n<meta property=\"og:title\" content=\"Colis marqu\u00e9 livr\u00e9 mais pas re\u00e7u : que faire concr\u00e8tement | SFPF\" \/>\n<meta property=\"og:description\" content=\"Un colis affich\u00e9 comme \u00ab livr\u00e9 \u00bb alors que votre bo\u00eete aux lettres reste vide cr\u00e9e une situation confuse et stressante. Entre les obligations l\u00e9gales du\" \/>\n<meta property=\"og:url\" content=\"https:\/\/www.sfpf.fr\/actu\/colis-livre-pas-recu\" \/>\n<meta property=\"og:site_name\" content=\"SFPF\" \/>\n<meta property=\"article:published_time\" content=\"2026-03-12T12:30:00+00:00\" \/>\n<meta property=\"og:image\" content=\"https:\/\/www.sfpf.fr\/actu\/wp-content\/uploads\/2026\/02\/colis_livre_introuvable-scaled.png\" \/>\n\t<meta property=\"og:image:width\" content=\"1200\" \/>\n\t<meta property=\"og:image:height\" content=\"673\" \/>\n\t<meta property=\"og:image:type\" content=\"image\/png\" \/>\n<meta name=\"author\" content=\"Laredac\" \/>\n<meta name=\"twitter:card\" content=\"summary_large_image\" \/>\n<meta name=\"twitter:label1\" content=\"\u00c9crit par\" \/>\n\t<meta name=\"twitter:data1\" content=\"Laredac\" \/>\n\t<meta name=\"twitter:label2\" content=\"Dur\u00e9e de lecture estim\u00e9e\" \/>\n\t<meta name=\"twitter:data2\" content=\"20 minutes\" \/>\n<script type=\"application\/ld+json\" class=\"yoast-schema-graph\">{\"@context\":\"https:\/\/schema.org\",\"@graph\":[{\"@type\":\"NewsArticle\",\"@id\":\"https:\/\/www.sfpf.fr\/actu\/colis-livre-pas-recu#article\",\"isPartOf\":{\"@id\":\"https:\/\/www.sfpf.fr\/actu\/colis-livre-pas-recu\"},\"author\":{\"name\":\"Laredac\",\"@id\":\"https:\/\/www.sfpf.fr\/actu\/#\/schema\/person\/bd87396233d24e5e46c39394bfc2a378\"},\"headline\":\"Colis marqu\u00e9 livr\u00e9 mais pas re\u00e7u : que faire concr\u00e8tement\",\"datePublished\":\"2026-03-12T12:30:00+00:00\",\"mainEntityOfPage\":{\"@id\":\"https:\/\/www.sfpf.fr\/actu\/colis-livre-pas-recu\"},\"wordCount\":4001,\"commentCount\":0,\"publisher\":{\"@id\":\"https:\/\/www.sfpf.fr\/actu\/#organization\"},\"image\":{\"@id\":\"https:\/\/www.sfpf.fr\/actu\/colis-livre-pas-recu#primaryimage\"},\"thumbnailUrl\":\"https:\/\/www.sfpf.fr\/actu\/wp-content\/uploads\/2026\/02\/colis_livre_introuvable-scaled.png\",\"articleSection\":[\"Conseils\"],\"inLanguage\":\"fr-FR\",\"potentialAction\":[{\"@type\":\"CommentAction\",\"name\":\"Comment\",\"target\":[\"https:\/\/www.sfpf.fr\/actu\/colis-livre-pas-recu#respond\"]}]},{\"@type\":\"WebPage\",\"@id\":\"https:\/\/www.sfpf.fr\/actu\/colis-livre-pas-recu\",\"url\":\"https:\/\/www.sfpf.fr\/actu\/colis-livre-pas-recu\",\"name\":\"Colis marqu\u00e9 livr\u00e9 mais pas re\u00e7u : que faire concr\u00e8tement | SFPF\",\"isPartOf\":{\"@id\":\"https:\/\/www.sfpf.fr\/actu\/#website\"},\"primaryImageOfPage\":{\"@id\":\"https:\/\/www.sfpf.fr\/actu\/colis-livre-pas-recu#primaryimage\"},\"image\":{\"@id\":\"https:\/\/www.sfpf.fr\/actu\/colis-livre-pas-recu#primaryimage\"},\"thumbnailUrl\":\"https:\/\/www.sfpf.fr\/actu\/wp-content\/uploads\/2026\/02\/colis_livre_introuvable-scaled.png\",\"datePublished\":\"2026-03-12T12:30:00+00:00\",\"description\":\"Un colis affich\u00e9 comme \u00ab livr\u00e9 \u00bb alors que votre bo\u00eete aux lettres reste vide cr\u00e9e une situation confuse et stressante. Entre les obligations l\u00e9gales du\",\"breadcrumb\":{\"@id\":\"https:\/\/www.sfpf.fr\/actu\/colis-livre-pas-recu#breadcrumb\"},\"inLanguage\":\"fr-FR\",\"potentialAction\":[{\"@type\":\"ReadAction\",\"target\":[\"https:\/\/www.sfpf.fr\/actu\/colis-livre-pas-recu\"]}]},{\"@type\":\"ImageObject\",\"inLanguage\":\"fr-FR\",\"@id\":\"https:\/\/www.sfpf.fr\/actu\/colis-livre-pas-recu#primaryimage\",\"url\":\"https:\/\/www.sfpf.fr\/actu\/wp-content\/uploads\/2026\/02\/colis_livre_introuvable-scaled.png\",\"contentUrl\":\"https:\/\/www.sfpf.fr\/actu\/wp-content\/uploads\/2026\/02\/colis_livre_introuvable-scaled.png\",\"width\":1200,\"height\":673,\"caption\":\"Personne d\u00e9couvrant l\u2019absence d\u2019un colis marqu\u00e9 comme livr\u00e9 devant l\u2019entr\u00e9e d\u2019une maison r\u00e9elle.\"},{\"@type\":\"BreadcrumbList\",\"@id\":\"https:\/\/www.sfpf.fr\/actu\/colis-livre-pas-recu#breadcrumb\",\"itemListElement\":[{\"@type\":\"ListItem\",\"position\":1,\"name\":\"Accueil\",\"item\":\"https:\/\/www.sfpf.fr\/actu\"},{\"@type\":\"ListItem\",\"position\":2,\"name\":\"Conseils\",\"item\":\"https:\/\/www.sfpf.fr\/actu\/categorie\/conseils\"},{\"@type\":\"ListItem\",\"position\":3,\"name\":\"Colis marqu\u00e9 livr\u00e9 mais pas re\u00e7u : que faire concr\u00e8tement\"}]},{\"@type\":\"WebSite\",\"@id\":\"https:\/\/www.sfpf.fr\/actu\/#website\",\"url\":\"https:\/\/www.sfpf.fr\/actu\/\",\"name\":\"SFPF\",\"description\":\"\",\"publisher\":{\"@id\":\"https:\/\/www.sfpf.fr\/actu\/#organization\"},\"potentialAction\":[{\"@type\":\"SearchAction\",\"target\":{\"@type\":\"EntryPoint\",\"urlTemplate\":\"https:\/\/www.sfpf.fr\/actu\/?s={search_term_string}\"},\"query-input\":{\"@type\":\"PropertyValueSpecification\",\"valueRequired\":true,\"valueName\":\"search_term_string\"}}],\"inLanguage\":\"fr-FR\"},{\"@type\":\"Organization\",\"@id\":\"https:\/\/www.sfpf.fr\/actu\/#organization\",\"name\":\"SFPF\",\"url\":\"https:\/\/www.sfpf.fr\/actu\/\",\"logo\":{\"@type\":\"ImageObject\",\"inLanguage\":\"fr-FR\",\"@id\":\"https:\/\/www.sfpf.fr\/actu\/#\/schema\/logo\/image\/\",\"url\":\"https:\/\/www.sfpf.fr\/actu\/wp-content\/uploads\/2025\/09\/media.png\",\"contentUrl\":\"https:\/\/www.sfpf.fr\/actu\/wp-content\/uploads\/2025\/09\/media.png\",\"width\":178,\"height\":100,\"caption\":\"SFPF\"},\"image\":{\"@id\":\"https:\/\/www.sfpf.fr\/actu\/#\/schema\/logo\/image\/\"}},{\"@type\":\"Person\",\"@id\":\"https:\/\/www.sfpf.fr\/actu\/#\/schema\/person\/bd87396233d24e5e46c39394bfc2a378\",\"name\":\"Laredac\",\"image\":{\"@type\":\"ImageObject\",\"inLanguage\":\"fr-FR\",\"@id\":\"https:\/\/www.sfpf.fr\/actu\/#\/schema\/person\/image\/\",\"url\":\"https:\/\/www.sfpf.fr\/actu\/wp-content\/uploads\/2025\/09\/Design-sans-titre-10.jpg\",\"contentUrl\":\"https:\/\/www.sfpf.fr\/actu\/wp-content\/uploads\/2025\/09\/Design-sans-titre-10.jpg\",\"caption\":\"Laredac\"},\"description\":\"La R\u00e9daction, c\u2019est une petite \u00e9quipe de b\u00e9n\u00e9voles curieux et passionn\u00e9s. Si chacun cultive ses propres centres d\u2019int\u00e9r\u00eat \u2014 timbres fiscaux, monnaies, documents anciens ou objets de collection en tout genre \u2014 tous partagent le go\u00fbt de la d\u00e9couverte, de l\u2019authentique et du savoir bien transmis. Attach\u00e9e \u00e0 la qualit\u00e9 de l\u2019information, la r\u00e9daction s\u2019attache \u00e0 couvrir l\u2019actualit\u00e9 des collections, les nouveaut\u00e9s du march\u00e9, les tendances, mais aussi les \u00e9v\u00e9nements, publications et projets li\u00e9s \u00e0 l\u2019univers du patrimoine et de la culture. Sans se prendre trop au s\u00e9rieux, La R\u00e9dac veille \u00e0 proposer un contenu fiable, vivant et accessible \u00e0 tous les curieux, collectionneurs ou simples amateurs.\",\"url\":\"https:\/\/www.sfpf.fr\/actu\/author\/laredac\"}]}<\/script>\n<!-- \/ Yoast SEO plugin. -->","yoast_head_json":{"title":"Colis marqu\u00e9 livr\u00e9 mais pas re\u00e7u : que faire concr\u00e8tement | SFPF","description":"Un colis affich\u00e9 comme \u00ab livr\u00e9 \u00bb alors que votre bo\u00eete aux lettres reste vide cr\u00e9e une situation confuse et stressante. Entre les obligations l\u00e9gales du","robots":{"index":"index","follow":"follow","max-snippet":"max-snippet:-1","max-image-preview":"max-image-preview:large","max-video-preview":"max-video-preview:-1"},"canonical":"https:\/\/www.sfpf.fr\/actu\/colis-livre-pas-recu","og_locale":"fr_FR","og_type":"article","og_title":"Colis marqu\u00e9 livr\u00e9 mais pas re\u00e7u : que faire concr\u00e8tement | SFPF","og_description":"Un colis affich\u00e9 comme \u00ab livr\u00e9 \u00bb alors que votre bo\u00eete aux lettres reste vide cr\u00e9e une situation confuse et stressante. Entre les obligations l\u00e9gales du","og_url":"https:\/\/www.sfpf.fr\/actu\/colis-livre-pas-recu","og_site_name":"SFPF","article_published_time":"2026-03-12T12:30:00+00:00","og_image":[{"width":1200,"height":673,"url":"https:\/\/www.sfpf.fr\/actu\/wp-content\/uploads\/2026\/02\/colis_livre_introuvable-scaled.png","type":"image\/png"}],"author":"Laredac","twitter_card":"summary_large_image","twitter_misc":{"\u00c9crit par":"Laredac","Dur\u00e9e de lecture estim\u00e9e":"20 minutes"},"schema":{"@context":"https:\/\/schema.org","@graph":[{"@type":"NewsArticle","@id":"https:\/\/www.sfpf.fr\/actu\/colis-livre-pas-recu#article","isPartOf":{"@id":"https:\/\/www.sfpf.fr\/actu\/colis-livre-pas-recu"},"author":{"name":"Laredac","@id":"https:\/\/www.sfpf.fr\/actu\/#\/schema\/person\/bd87396233d24e5e46c39394bfc2a378"},"headline":"Colis marqu\u00e9 livr\u00e9 mais pas re\u00e7u : que faire concr\u00e8tement","datePublished":"2026-03-12T12:30:00+00:00","mainEntityOfPage":{"@id":"https:\/\/www.sfpf.fr\/actu\/colis-livre-pas-recu"},"wordCount":4001,"commentCount":0,"publisher":{"@id":"https:\/\/www.sfpf.fr\/actu\/#organization"},"image":{"@id":"https:\/\/www.sfpf.fr\/actu\/colis-livre-pas-recu#primaryimage"},"thumbnailUrl":"https:\/\/www.sfpf.fr\/actu\/wp-content\/uploads\/2026\/02\/colis_livre_introuvable-scaled.png","articleSection":["Conseils"],"inLanguage":"fr-FR","potentialAction":[{"@type":"CommentAction","name":"Comment","target":["https:\/\/www.sfpf.fr\/actu\/colis-livre-pas-recu#respond"]}]},{"@type":"WebPage","@id":"https:\/\/www.sfpf.fr\/actu\/colis-livre-pas-recu","url":"https:\/\/www.sfpf.fr\/actu\/colis-livre-pas-recu","name":"Colis marqu\u00e9 livr\u00e9 mais pas re\u00e7u : que faire concr\u00e8tement | SFPF","isPartOf":{"@id":"https:\/\/www.sfpf.fr\/actu\/#website"},"primaryImageOfPage":{"@id":"https:\/\/www.sfpf.fr\/actu\/colis-livre-pas-recu#primaryimage"},"image":{"@id":"https:\/\/www.sfpf.fr\/actu\/colis-livre-pas-recu#primaryimage"},"thumbnailUrl":"https:\/\/www.sfpf.fr\/actu\/wp-content\/uploads\/2026\/02\/colis_livre_introuvable-scaled.png","datePublished":"2026-03-12T12:30:00+00:00","description":"Un colis affich\u00e9 comme \u00ab livr\u00e9 \u00bb alors que votre bo\u00eete aux lettres reste vide cr\u00e9e une situation confuse et stressante. Entre les obligations l\u00e9gales du","breadcrumb":{"@id":"https:\/\/www.sfpf.fr\/actu\/colis-livre-pas-recu#breadcrumb"},"inLanguage":"fr-FR","potentialAction":[{"@type":"ReadAction","target":["https:\/\/www.sfpf.fr\/actu\/colis-livre-pas-recu"]}]},{"@type":"ImageObject","inLanguage":"fr-FR","@id":"https:\/\/www.sfpf.fr\/actu\/colis-livre-pas-recu#primaryimage","url":"https:\/\/www.sfpf.fr\/actu\/wp-content\/uploads\/2026\/02\/colis_livre_introuvable-scaled.png","contentUrl":"https:\/\/www.sfpf.fr\/actu\/wp-content\/uploads\/2026\/02\/colis_livre_introuvable-scaled.png","width":1200,"height":673,"caption":"Personne d\u00e9couvrant l\u2019absence d\u2019un colis marqu\u00e9 comme livr\u00e9 devant l\u2019entr\u00e9e d\u2019une maison r\u00e9elle."},{"@type":"BreadcrumbList","@id":"https:\/\/www.sfpf.fr\/actu\/colis-livre-pas-recu#breadcrumb","itemListElement":[{"@type":"ListItem","position":1,"name":"Accueil","item":"https:\/\/www.sfpf.fr\/actu"},{"@type":"ListItem","position":2,"name":"Conseils","item":"https:\/\/www.sfpf.fr\/actu\/categorie\/conseils"},{"@type":"ListItem","position":3,"name":"Colis marqu\u00e9 livr\u00e9 mais pas re\u00e7u : que faire concr\u00e8tement"}]},{"@type":"WebSite","@id":"https:\/\/www.sfpf.fr\/actu\/#website","url":"https:\/\/www.sfpf.fr\/actu\/","name":"SFPF","description":"","publisher":{"@id":"https:\/\/www.sfpf.fr\/actu\/#organization"},"potentialAction":[{"@type":"SearchAction","target":{"@type":"EntryPoint","urlTemplate":"https:\/\/www.sfpf.fr\/actu\/?s={search_term_string}"},"query-input":{"@type":"PropertyValueSpecification","valueRequired":true,"valueName":"search_term_string"}}],"inLanguage":"fr-FR"},{"@type":"Organization","@id":"https:\/\/www.sfpf.fr\/actu\/#organization","name":"SFPF","url":"https:\/\/www.sfpf.fr\/actu\/","logo":{"@type":"ImageObject","inLanguage":"fr-FR","@id":"https:\/\/www.sfpf.fr\/actu\/#\/schema\/logo\/image\/","url":"https:\/\/www.sfpf.fr\/actu\/wp-content\/uploads\/2025\/09\/media.png","contentUrl":"https:\/\/www.sfpf.fr\/actu\/wp-content\/uploads\/2025\/09\/media.png","width":178,"height":100,"caption":"SFPF"},"image":{"@id":"https:\/\/www.sfpf.fr\/actu\/#\/schema\/logo\/image\/"}},{"@type":"Person","@id":"https:\/\/www.sfpf.fr\/actu\/#\/schema\/person\/bd87396233d24e5e46c39394bfc2a378","name":"Laredac","image":{"@type":"ImageObject","inLanguage":"fr-FR","@id":"https:\/\/www.sfpf.fr\/actu\/#\/schema\/person\/image\/","url":"https:\/\/www.sfpf.fr\/actu\/wp-content\/uploads\/2025\/09\/Design-sans-titre-10.jpg","contentUrl":"https:\/\/www.sfpf.fr\/actu\/wp-content\/uploads\/2025\/09\/Design-sans-titre-10.jpg","caption":"Laredac"},"description":"La R\u00e9daction, c\u2019est une petite \u00e9quipe de b\u00e9n\u00e9voles curieux et passionn\u00e9s. Si chacun cultive ses propres centres d\u2019int\u00e9r\u00eat \u2014 timbres fiscaux, monnaies, documents anciens ou objets de collection en tout genre \u2014 tous partagent le go\u00fbt de la d\u00e9couverte, de l\u2019authentique et du savoir bien transmis. Attach\u00e9e \u00e0 la qualit\u00e9 de l\u2019information, la r\u00e9daction s\u2019attache \u00e0 couvrir l\u2019actualit\u00e9 des collections, les nouveaut\u00e9s du march\u00e9, les tendances, mais aussi les \u00e9v\u00e9nements, publications et projets li\u00e9s \u00e0 l\u2019univers du patrimoine et de la culture. Sans se prendre trop au s\u00e9rieux, La R\u00e9dac veille \u00e0 proposer un contenu fiable, vivant et accessible \u00e0 tous les curieux, collectionneurs ou simples amateurs.","url":"https:\/\/www.sfpf.fr\/actu\/author\/laredac"}]}},"_links":{"self":[{"href":"https:\/\/www.sfpf.fr\/actu\/wp-json\/wp\/v2\/posts\/11609","targetHints":{"allow":["GET"]}}],"collection":[{"href":"https:\/\/www.sfpf.fr\/actu\/wp-json\/wp\/v2\/posts"}],"about":[{"href":"https:\/\/www.sfpf.fr\/actu\/wp-json\/wp\/v2\/types\/post"}],"author":[{"embeddable":true,"href":"https:\/\/www.sfpf.fr\/actu\/wp-json\/wp\/v2\/users\/29"}],"replies":[{"embeddable":true,"href":"https:\/\/www.sfpf.fr\/actu\/wp-json\/wp\/v2\/comments?post=11609"}],"version-history":[{"count":1,"href":"https:\/\/www.sfpf.fr\/actu\/wp-json\/wp\/v2\/posts\/11609\/revisions"}],"predecessor-version":[{"id":11799,"href":"https:\/\/www.sfpf.fr\/actu\/wp-json\/wp\/v2\/posts\/11609\/revisions\/11799"}],"wp:featuredmedia":[{"embeddable":true,"href":"https:\/\/www.sfpf.fr\/actu\/wp-json\/wp\/v2\/media\/11607"}],"wp:attachment":[{"href":"https:\/\/www.sfpf.fr\/actu\/wp-json\/wp\/v2\/media?parent=11609"}],"wp:term":[{"taxonomy":"category","embeddable":true,"href":"https:\/\/www.sfpf.fr\/actu\/wp-json\/wp\/v2\/categories?post=11609"},{"taxonomy":"post_tag","embeddable":true,"href":"https:\/\/www.sfpf.fr\/actu\/wp-json\/wp\/v2\/tags?post=11609"}],"curies":[{"name":"wp","href":"https:\/\/api.w.org\/{rel}","templated":true}]}}