{"id":11591,"date":"2026-03-09T16:00:00","date_gmt":"2026-03-09T14:00:00","guid":{"rendered":"https:\/\/www.sfpf.fr\/actu\/?p=11591"},"modified":"2026-03-09T16:00:00","modified_gmt":"2026-03-09T14:00:00","slug":"derniere-levee-la-poste","status":"publish","type":"post","link":"https:\/\/www.sfpf.fr\/actu\/derniere-levee-la-poste","title":{"rendered":"Derni\u00e8re lev\u00e9e La Poste : trouver les horaires dans sa ville"},"content":{"rendered":"<p>Entre une facture \u00e0 envoyer en urgence, un courrier recommand\u00e9 \u00e0 poster avant une \u00e9ch\u00e9ance et une carte \u00e0 faire partir le jour m\u00eame, l\u2019horaire de <strong>derni\u00e8re lev\u00e9e La Poste<\/strong> devient vite un d\u00e9tail d\u00e9cisif. Quelques minutes de retard suffisent pour d\u00e9caler l\u2019acheminement d\u2019un courrier d\u2019un jour, parfois plus.<\/p><p>Les r\u00e8gles ont chang\u00e9 en 2026, les volumes de lettres baissent, les tarifs augmentent, et les horaires s\u2019adaptent. Comprendre comment fonctionnent les lev\u00e9es, selon la r\u00e9gion, le type de service ou le jour de la semaine, donne un vrai avantage pour organiser ses envois au bon moment.<\/p><div style='background:#e8f9e6; border-radius:12px; padding:16px; font-family:Arial, sans-serif;'>\n<table style='width:100%; border-collapse:collapse; font-size:14px;'>\n<tr style='background:#d9f2d3; font-weight:bold;'>\n<td style='padding:8px; border:1px solid #c6e5c1;'>\u00c9l\u00e9ment cl\u00e9<\/td>\n<td style='padding:8px; border:1px solid #c6e5c1;'>Synth\u00e8se<\/td>\n<\/tr>\n<tr>\n<td style='padding:8px; border:1px solid #c6e5c1;'>But<\/td>\n<td style='padding:8px; border:1px solid #c6e5c1;'>Identifier rapidement l&rsquo;heure de derni\u00e8re lev\u00e9e des courriers pr\u00e8s de chez soi.<\/td>\n<\/tr>\n<tr>\n<td style='padding:8px; border:1px solid #c6e5c1;'>Acc\u00e8s aux horaires<\/td>\n<td style='padding:8px; border:1px solid #c6e5c1;'>Consulte via le site ou l&rsquo;application La Poste pour une info fiable en temps r\u00e9el.<\/td>\n<\/tr>\n<tr>\n<td style='padding:8px; border:1px solid #c6e5c1;'>Variations locales<\/td>\n<td style='padding:8px; border:1px solid #c6e5c1;'>Les horaires diff\u00e8rent selon la ville, le type de bo\u00eete aux lettres et les jours.<\/td>\n<\/tr>\n<tr>\n<td style='padding:8px; border:1px solid #c6e5c1;'>Conseil pratique<\/td>\n<td style='padding:8px; border:1px solid #c6e5c1;'>V\u00e9rifier avant de poster pour optimiser les d\u00e9lais d\u2019acheminement \ud83d\udcec.<\/td>\n<\/tr>\n<\/table>\n<\/div><div style=\"max-width:600px;margin:15px auto;text-align:center\">\n\n  <div style=\"position:relative;display:inline-block;width:100%\">\n\n    <a href=\"https:\/\/www.pinterest.com\/pin\/create\/button\/?media=https:\/\/www.sfpf.fr\/actu\/wp-content\/uploads\/2026\/02\/horaireslaposteparville.jpg&#038;url=https:\/\/www.sfpf.fr\/actu\/wp-content\/uploads\/2026\/02\/horaireslaposteparville.jpg\"\n      target=\"_blank\"\n      rel=\"noopener\"\n      aria-label=\"Enregistrer l\u2019image sur Pinterest\"\n      style=\"position:absolute;top:10px;right:10px;z-index:5;font-size:22px;line-height:1;text-decoration:none\"\n     class=\"external-link\" target=\"_blank\" rel=\"noopener\">\n      \ud83d\udccc\n    <\/a>\n\n    <img\n      src=\"https:\/\/www.sfpf.fr\/actu\/wp-content\/uploads\/2026\/02\/horaireslaposteparville.jpg\"\n      style=\"width:100%;max-height:70vh;object-fit:contain;display:block\"\n      loading=\"eager\"\n      decoding=\"async\"\n    >\n\n  <\/div>\n\n  <div style=\"margin-top:6px;display:flex;gap:8px;justify-content:center\">\n\n    <a\n      href=\"https:\/\/www.sfpf.fr\/actu\/wp-content\/uploads\/2026\/02\/horaireslaposteparville.jpg\"\n      class=\"button\"\n      download\n    >\n      T\u00e9l\u00e9charger l\u2019image\n    <\/a>\n\n    <button\n      type=\"button\"\n      class=\"button\"\n      onclick=\"(function(){\n        if (navigator.share) {\n          navigator.share({\n            title: document.title,\n            url: 'https:\/\/www.sfpf.fr\/actu\/wp-content\/uploads\/2026\/02\/horaireslaposteparville.jpg'\n          });\n        }\n      })();\"\n    >\n      Partager l\u2019image\n    <\/button>\n\n  <\/div>\n\n<\/div>\n\n\n<div id=\"lpds-simulator-container\" style=\"max-width:700px;margin:20px auto;font-family:'Segoe UI',Arial,sans-serif;background:#ffffff;border:3px solid #003DA5;border-radius:16px;overflow:hidden;\">\n\n<div id=\"lpds-header\" style=\"background:#003DA5;padding:20px 24px;text-align:center;\">\n<h5 style=\"margin:0;color:#FFCD00;font-size:22px;font-weight:700;letter-spacing:0.5px;\">Simulateur de Dernier Delai d Envoi La Poste<\/h5>\n<p style=\"margin:6px 0 0;color:#ffffff;font-size:13px;\">Verifiez si votre courrier partira aujourd hui et estimez la date de reception<\/p>\n<\/div>\n\n<div id=\"lpds-form-section\" style=\"padding:24px;\">\n\n<div style=\"margin-bottom:18px;\">\n<label for=\"lpds-ville\" style=\"display:block;font-weight:600;color:#003DA5;margin-bottom:6px;font-size:14px;\">Taille de la ville<\/label>\n<select id=\"lpds-ville\" style=\"width:100%;padding:10px 12px;border:2px solid #003DA5;border-radius:8px;font-size:15px;background:#f8f9ff;color:#222;cursor:pointer;\">\n<option value=\"grande\">Grande ville (plus de 200 000 hab.)<\/option>\n<option value=\"moyenne\">Ville moyenne (20 000 a 200 000 hab.)<\/option>\n<option value=\"petite\">Petite ville (5 000 a 20 000 hab.)<\/option>\n<option value=\"rurale\">Zone rurale (moins de 5 000 hab.)<\/option>\n<\/select>\n<\/div>\n\n<div style=\"margin-bottom:18px;\">\n<label style=\"display:block;font-weight:600;color:#003DA5;margin-bottom:8px;font-size:14px;\">Mode de depot<\/label>\n<div style=\"display:flex;gap:16px;flex-wrap:wrap;\">\n<label id=\"lpds-radio-label-boite\" style=\"display:flex;align-items:center;gap:8px;padding:10px 16px;border:2px solid #003DA5;border-radius:8px;cursor:pointer;background:#f8f9ff;flex:1;min-width:180px;font-size:14px;color:#222;\">\n<input type=\"radio\" name=\"lpds-depot\" value=\"boite\" checked style=\"accent-color:#003DA5;width:18px;height:18px;cursor:pointer;\">\nBoite aux lettres jaune\n<\/label>\n<label id=\"lpds-radio-label-bureau\" style=\"display:flex;align-items:center;gap:8px;padding:10px 16px;border:2px solid #003DA5;border-radius:8px;cursor:pointer;background:#f8f9ff;flex:1;min-width:180px;font-size:14px;color:#222;\">\n<input type=\"radio\" name=\"lpds-depot\" value=\"bureau\" style=\"accent-color:#003DA5;width:18px;height:18px;cursor:pointer;\">\nBureau de poste\n<\/label>\n<\/div>\n<\/div>\n\n<div style=\"margin-bottom:18px;\">\n<label for=\"lpds-envoi\" style=\"display:block;font-weight:600;color:#003DA5;margin-bottom:6px;font-size:14px;\">Type d envoi<\/label>\n<select id=\"lpds-envoi\" style=\"width:100%;padding:10px 12px;border:2px solid #003DA5;border-radius:8px;font-size:15px;background:#f8f9ff;color:#222;cursor:pointer;\">\n<option value=\"prioritaire\">Lettre prioritaire (timbre rouge)<\/option>\n<option value=\"verte\">Lettre verte<\/option>\n<option value=\"suivie\">Lettre suivie<\/option>\n<option value=\"colissimo\">Colissimo France<\/option>\n<option value=\"colissimo_om\">Colissimo Outre-mer<\/option>\n<option value=\"chronopost\">Chronopost Express<\/option>\n<option value=\"recommandee\">Lettre recommandee<\/option>\n<\/select>\n<\/div>\n\n<div style=\"margin-bottom:22px;\">\n<label style=\"display:block;font-weight:600;color:#003DA5;margin-bottom:6px;font-size:14px;\">Date et heure<\/label>\n<div style=\"display:flex;gap:12px;flex-wrap:wrap;\">\n<input type=\"date\" id=\"lpds-date\" style=\"flex:1;min-width:160px;padding:10px 12px;border:2px solid #003DA5;border-radius:8px;font-size:15px;background:#f8f9ff;color:#222;\">\n<input type=\"time\" id=\"lpds-heure\" style=\"flex:1;min-width:120px;padding:10px 12px;border:2px solid #003DA5;border-radius:8px;font-size:15px;background:#f8f9ff;color:#222;\">\n<\/div>\n<\/div>\n\n<button id=\"lpds-btn-verifier\" style=\"width:100%;padding:14px;background:#FFCD00;color:#003DA5;border:none;border-radius:10px;font-size:17px;font-weight:700;cursor:pointer;letter-spacing:0.3px;transition:background 0.2s,transform 0.1s;\" onmouseover=\"this.style.background='#e6b800'\" onmouseout=\"this.style.background='#FFCD00'\" onmousedown=\"this.style.transform='scale(0.98)'\" onmouseup=\"this.style.transform='scale(1)'\">\nVerifier mon delai d envoi\n<\/button>\n\n<\/div>\n\n<div id=\"lpds-results\" style=\"display:none;padding:0 24px 24px;\"><\/div>\n\n<\/div>\n\n<script>\n(function(){\n  var lpdsJoursFeries2025 = [\n    '2025-01-01','2025-04-21','2025-05-01','2025-05-08','2025-05-29',\n    '2025-06-09','2025-07-14','2025-08-15','2025-11-01','2025-11-11','2025-12-25'\n  ];\n\n  var lpdsHoraires = {\n    grande:  { boite: 18, bureau: 19 },\n    moyenne: { boite: 16, bureau: 18 },\n    petite:  { boite: 14, bureau: 17 },\n    rurale:  { boite: 12, bureau: 16 }\n  };\n\n  var lpdsDelais = {\n    prioritaire: 1,\n    verte: 3,\n    suivie: 3,\n    colissimo: 2,\n    colissimo_om: 7,\n    chronopost: 1,\n    recommandee: 2\n  };\n\n  var lpdsNomsEnvoi = {\n    prioritaire: 'Lettre prioritaire (timbre rouge)',\n    verte: 'Lettre verte',\n    suivie: 'Lettre suivie',\n    colissimo: 'Colissimo France',\n    colissimo_om: 'Colissimo Outre-mer',\n    chronopost: 'Chronopost Express',\n    recommandee: 'Lettre recommandee'\n  };\n\n  var lpdsJoursNoms = ['Dimanche','Lundi','Mardi','Mercredi','Jeudi','Vendredi','Samedi'];\n  var lpdsMoisNoms = ['janvier','fevrier','mars','avril','mai','juin','juillet','aout','septembre','octobre','novembre','decembre'];\n\n  function lpdsFormatDateStr(d){\n    var y = d.getFullYear();\n    var m = ('0'+(d.getMonth()+1)).slice(-2);\n    var j = ('0'+d.getDate()).slice(-2);\n    return y+'-'+m+'-'+j;\n  }\n\n  function lpdsEstFerie(d){\n    return lpdsJoursFeries2025.indexOf(lpdsFormatDateStr(d)) !== -1;\n  }\n\n  function lpdsEstDimanche(d){\n    return d.getDay() === 0;\n  }\n\n  function lpdsEstJourOuvre(d){\n    return !lpdsEstDimanche(d) && !lpdsEstFerie(d);\n  }\n\n  function lpdsProchainJourOuvre(d){\n    var next = new Date(d.getTime());\n    do {\n      next.setDate(next.getDate()+1);\n    } while(!lpdsEstJourOuvre(next));\n    return next;\n  }\n\n  function lpdsDateReception(depart, joursOuvres){\n    var dr = new Date(depart.getTime());\n    var reste = joursOuvres;\n    while(reste > 0){\n      dr.setDate(dr.getDate()+1);\n      if(lpdsEstJourOuvre(dr)){\n        reste--;\n      }\n    }\n    return dr;\n  }\n\n  function lpdsFormatDateFR(d){\n    var jour = ('0'+d.getDate()).slice(-2);\n    var mois = ('0'+(d.getMonth()+1)).slice(-2);\n    return lpdsJoursNoms[d.getDay()]+' '+jour+'\/'+mois+'\/'+d.getFullYear();\n  }\n\n  function lpdsFormatDateLong(d){\n    return lpdsJoursNoms[d.getDay()]+' '+d.getDate()+' '+lpdsMoisNoms[d.getMonth()]+' '+d.getFullYear();\n  }\n\n  \/\/ Pre-remplir date et heure\n  var now = new Date();\n  var dateInput = document.getElementById('lpds-date');\n  var heureInput = document.getElementById('lpds-heure');\n  dateInput.value = lpdsFormatDateStr(now);\n  heureInput.value = ('0'+now.getHours()).slice(-2)+':'+('0'+now.getMinutes()).slice(-2);\n\n  document.getElementById('lpds-btn-verifier').addEventListener('click', function(){\n    var ville = document.getElementById('lpds-ville').value;\n    var depotRadios = document.querySelectorAll('input[name=\"lpds-depot\"]');\n    var depot = 'boite';\n    for(var i=0;i<depotRadios.length;i++){\n      if(depotRadios[i].checked) depot = depotRadios[i].value;\n    }\n    var envoi = document.getElementById('lpds-envoi').value;\n    var dateVal = document.getElementById('lpds-date').value;\n    var heureVal = document.getElementById('lpds-heure').value;\n\n    if(!dateVal || !heureVal){\n      alert('Veuillez renseigner la date et l heure.');\n      return;\n    }\n\n    var parts = dateVal.split('-');\n    var hparts = heureVal.split(':');\n    var dateChoisie = new Date(parseInt(parts[0]), parseInt(parts[1])-1, parseInt(parts[2]), parseInt(hparts[0]), parseInt(hparts[1]), 0);\n\n    var heureLimite = lpdsHoraires[ville][depot];\n    var heureLimiteStr = heureLimite + 'h00';\n    var heureActuelleMinutes = parseInt(hparts[0])*60 + parseInt(hparts[1]);\n    var heureLimiteMinutes = heureLimite * 60;\n\n    var jourOuvre = lpdsEstJourOuvre(dateChoisie);\n    var aTemps = jourOuvre &#038;&#038; (heureActuelleMinutes < heureLimiteMinutes);\n\n    var dateDepart, statutHTML, couleurBg, couleurBord;\n\n    if(aTemps){\n      var resteMin = heureLimiteMinutes - heureActuelleMinutes;\n      var resteH = Math.floor(resteMin\/60);\n      var resteM = resteMin % 60;\n      dateDepart = new Date(dateChoisie.getFullYear(), dateChoisie.getMonth(), dateChoisie.getDate());\n      couleurBg = '#e8f9e8';\n      couleurBord = '#1a8a1a';\n      statutHTML = '<div style=\"background:'+couleurBg+';border:2px solid '+couleurBord+';border-radius:10px;padding:16px;margin-bottom:16px;\">'\n        + '<div style=\"font-size:20px;font-weight:700;color:#1a8a1a;margin-bottom:6px;\">&#10003; Vous avez encore le temps !<\/div>'\n        + '<div style=\"font-size:15px;color:#1a6a1a;\">Il vous reste <strong>'+resteH+' heure'+(resteH>1?'s':'')+' et '+resteM+' minute'+(resteM>1?'s':'')+'<\/strong> pour poster votre envoi aujourd hui.<\/div>'\n        + '<\/div>';\n    } else {\n      var prochainJO = lpdsProchainJourOuvre(dateChoisie);\n      dateDepart = prochainJO;\n      couleurBg = '#fde8e8';\n      couleurBord = '#cc2222';\n      var raisonTxt = '';\n      if(!jourOuvre){\n        if(lpdsEstDimanche(dateChoisie)){\n          raisonTxt = 'Nous sommes un dimanche, il n y a pas de levee.';\n        } else if(lpdsEstFerie(dateChoisie)){\n          raisonTxt = 'Ce jour est un jour ferie, il n y a pas de levee.';\n        }\n      } else {\n        raisonTxt = 'La derniere levee de '+heureLimiteStr+' est passee.';\n      }\n      statutHTML = '<div style=\"background:'+couleurBg+';border:2px solid '+couleurBord+';border-radius:10px;padding:16px;margin-bottom:16px;\">'\n        + '<div style=\"font-size:20px;font-weight:700;color:#cc2222;margin-bottom:6px;\">&#10007; Trop tard pour aujourd hui<\/div>'\n        + '<div style=\"font-size:15px;color:#992222;\">'+raisonTxt+'<br>Votre envoi partira le prochain jour ouvre : <strong>'+lpdsFormatDateLong(prochainJO)+'<\/strong>.<\/div>'\n        + '<\/div>';\n    }\n\n    var delaiJours = lpdsDelais[envoi];\n    var dateRecep = lpdsDateReception(dateDepart, delaiJours);\n\n    var depotLabel = (depot === 'boite') ? 'Boite aux lettres jaune' : 'Bureau de poste';\n    var villeLabels = {grande:'Grande ville',moyenne:'Ville moyenne',petite:'Petite ville',rurale:'Zone rurale'};\n\n    var recapHTML = '<div style=\"background:#f0f4ff;border:2px solid #003DA5;border-radius:10px;padding:20px;\">'\n      + '<div style=\"font-size:16px;font-weight:700;color:#003DA5;margin-bottom:14px;border-bottom:2px solid #FFCD00;padding-bottom:8px;\">Recapitulatif de votre envoi<\/div>'\n      + '<table style=\"width:100%;border-collapse:collapse;font-size:14px;\">'\n      + '<tr><td style=\"padding:8px 6px;color:#555;font-weight:600;width:45%;border-bottom:1px solid #dde3f0;\">Type d envoi<\/td><td style=\"padding:8px 6px;color:#222;border-bottom:1px solid #dde3f0;font-weight:500;\">'+lpdsNomsEnvoi[envoi]+'<\/td><\/tr>'\n      + '<tr><td style=\"padding:8px 6px;color:#555;font-weight:600;border-bottom:1px solid #dde3f0;\">Lieu de depot<\/td><td style=\"padding:8px 6px;color:#222;border-bottom:1px solid #dde3f0;font-weight:500;\">'+depotLabel+' ('+villeLabels[ville]+')<\/td><\/tr>'\n      + '<tr><td style=\"padding:8px 6px;color:#555;font-weight:600;border-bottom:1px solid #dde3f0;\">Heure limite de depot<\/td><td style=\"padding:8px 6px;color:#222;border-bottom:1px solid #dde3f0;font-weight:700;font-size:16px;\">'+heureLimiteStr+'<\/td><\/tr>'\n      + '<tr><td style=\"padding:8px 6px;color:#555;font-weight:600;border-bottom:1px solid #dde3f0;\">Date de depart effective<\/td><td style=\"padding:8px 6px;color:#222;border-bottom:1px solid #dde3f0;font-weight:500;\">'+lpdsFormatDateLong(dateDepart)+'<\/td><\/tr>'\n      + '<tr><td style=\"padding:8px 6px;color:#555;font-weight:600;border-bottom:1px solid #dde3f0;\">Delai d acheminement<\/td><td style=\"padding:8px 6px;color:#222;border-bottom:1px solid #dde3f0;font-weight:500;\">'+delaiJours+' jour'+(delaiJours>1?'s':'')+' ouvre'+(delaiJours>1?'s':'')+'<\/td><\/tr>'\n      + '<tr style=\"background:#FFCD00;\"><td style=\"padding:10px 6px;color:#003DA5;font-weight:700;border-radius:0 0 0 8px;\">Date de reception estimee<\/td><td style=\"padding:10px 6px;color:#003DA5;font-weight:700;font-size:16px;border-radius:0 0 8px 0;\">'+lpdsFormatDateLong(dateRecep)+'<\/td><\/tr>'\n      + '<\/table>'\n      + '<\/div>';\n\n    var resultsDiv = document.getElementById('lpds-results');\n    resultsDiv.style.display = 'block';\n    resultsDiv.innerHTML = statutHTML + recapHTML;\n\n    resultsDiv.scrollIntoView({behavior:'smooth',block:'start'});\n  });\n\n})();\n<\/script>\n\n <h2>Comprendre la derni\u00e8re lev\u00e9e La Poste en 2026<\/h2>\n<p>La notion de <strong>derni\u00e8re lev\u00e9e<\/strong> correspond \u00e0 l\u2019heure limite \u00e0 laquelle les agents postaux r\u00e9cup\u00e8rent le courrier dans une bo\u00eete aux lettres de rue ou dans un bureau de poste pour l\u2019acheminer le jour m\u00eame vers les centres de tri. Une lettre post\u00e9e apr\u00e8s cette heure part le lendemain, ce qui modifie automatiquement le d\u00e9lai d\u2019acheminement.<\/p>\n<p>Depuis plusieurs ann\u00e9es, La Poste adapte ses organisations. La baisse continue du <strong>volume de courrier papier<\/strong> et la hausse des co\u00fbts logistiques conduisent \u00e0 ajuster les tourn\u00e9es de collecte et les horaires. Au 1er janvier 2026, une hausse tarifaire de <strong>7,4&nbsp;%<\/strong> entre en vigueur, en parall\u00e8le d\u2019une rationalisation des circuits de distribution.<\/p>\n<p>Pour l\u2019usager, la cons\u00e9quence principale repose sur deux \u00e9l\u00e9ments&nbsp;:<\/p>\n<ul>\n  <li>des <strong>horaires de lev\u00e9e par r\u00e9gion<\/strong> en journ\u00e9e (cadre g\u00e9n\u00e9ral) ;<\/li>\n  <li>des <strong>horaires pr\u00e9cis propres \u00e0 chaque bo\u00eete<\/strong>, affich\u00e9s sur place et parfois diff\u00e9rents du cadre national.<\/li>\n<\/ul>\n\n<div style=\"border:1px solid #f0c36d; background:#fff8e5; padding:12px 16px; margin:18px 0;\">\n  <strong>Conseil pratique&nbsp;:<\/strong> pour un envoi urgent, raisonner toujours en \u00ab\u00a0heure de lev\u00e9e\u00a0\u00bb et non en heure de d\u00e9p\u00f4t. Un courrier gliss\u00e9 dans la bo\u00eete \u00e0 11h58 avec une lev\u00e9e affich\u00e9e \u00e0 12h00 part le jour m\u00eame, le m\u00eame courrier \u00e0 12h05 sera trait\u00e9 le lendemain.\n<\/div>\n\n<h2>Horaires de derni\u00e8re lev\u00e9e La Poste par r\u00e9gion en 2026<\/h2>\n<p>Les informations disponibles pour 2026 fournissent des rep\u00e8res par grandes zones g\u00e9ographiques. Ces indications servent de trame g\u00e9n\u00e9rale&nbsp;; chaque bureau et chaque bo\u00eete de rue fixe ensuite ses propres horaires, affich\u00e9s sur l\u2019\u00e9tiquette signal\u00e9tique.<\/p>\n\n<h3>Cadre horaire r\u00e9gional pour la derni\u00e8re lev\u00e9e<\/h3>\n<p>Voici un r\u00e9capitulatif clair des horaires de <strong>derni\u00e8re lev\u00e9e indicatifs<\/strong> pour les principales r\u00e9gions m\u00e9tropolitaines en 2026&nbsp;:<\/p>\n\n<table border=\"1\" cellpadding=\"8\" cellspacing=\"0\" style=\"border-collapse:collapse; width:100%;\">\n  <thead>\n    <tr>\n      <th>R\u00e9gion<\/th>\n      <th>Heure indicative de derni\u00e8re lev\u00e9e (lundi \u00e0 vendredi)<\/th>\n      <th>Particularit\u00e9s signal\u00e9es<\/th>\n    <\/tr>\n  <\/thead>\n  <tbody>\n    <tr>\n      <td>Ile-de-France<\/td>\n      <td>12h00<\/td>\n      <td>Zones \u00e0 forte densit\u00e9 de bo\u00eetes et de bureaux<\/td>\n    <\/tr>\n    <tr>\n      <td>Occitanie<\/td>\n      <td>11h30<\/td>\n      <td>Variations entre grandes villes et zones rurales<\/td>\n    <\/tr>\n    <tr>\n      <td>Bretagne<\/td>\n      <td>11h00<\/td>\n      <td>Lev\u00e9es parfois avanc\u00e9es dans les petites communes<\/td>\n    <\/tr>\n    <tr>\n      <td>Grand Est<\/td>\n      <td>12h30<\/td>\n      <td>Amplitude plus large autour des m\u00e9tropoles r\u00e9gionales<\/td>\n    <\/tr>\n    <tr>\n      <td>Provence-Alpes-C\u00f4te d\u2019Azur<\/td>\n      <td>13h00<\/td>\n      <td>Lev\u00e9es plus tardives dans certaines zones urbaines<\/td>\n    <\/tr>\n    <tr>\n      <td>Auvergne-Rh\u00f4ne-Alpes<\/td>\n      <td>Non pr\u00e9cis\u00e9 au niveau national<\/td>\n      <td>Horaires ajust\u00e9s localement, consulter l\u2019\u00e9tiquette de bo\u00eete<\/td>\n    <\/tr>\n    <tr>\n      <td>Bourgogne-Franche-Comt\u00e9<\/td>\n      <td>Non pr\u00e9cis\u00e9 au niveau national<\/td>\n      <td>Diff\u00e9rences sensibles entre villes et campagnes<\/td>\n    <\/tr>\n    <tr>\n      <td>Centre-Val de Loire<\/td>\n      <td>Non pr\u00e9cis\u00e9 au niveau national<\/td>\n      <td>Horaires \u00e0 v\u00e9rifier en bureau ou sur la bo\u00eete<\/td>\n    <\/tr>\n    <tr>\n      <td>Corse<\/td>\n      <td>Non pr\u00e9cis\u00e9 au niveau national<\/td>\n      <td>Contraintes d\u2019acheminement sp\u00e9cifiques insulaires<\/td>\n    <\/tr>\n    <tr>\n      <td>Hauts-de-France<\/td>\n      <td>Non pr\u00e9cis\u00e9 au niveau national<\/td>\n      <td>Forte h\u00e9t\u00e9rog\u00e9n\u00e9it\u00e9 entre agglom\u00e9rations et zones rurales<\/td>\n    <\/tr>\n    <tr>\n      <td>Normandie<\/td>\n      <td>Non pr\u00e9cis\u00e9 au niveau national<\/td>\n      <td>Horaires souvent proches de la fin de matin\u00e9e<\/td>\n    <\/tr>\n    <tr>\n      <td>Nouvelle-Aquitaine<\/td>\n      <td>Non pr\u00e9cis\u00e9 au niveau national<\/td>\n      <td>Grand territoire, d\u00e9lais variables selon les d\u00e9partements<\/td>\n    <\/tr>\n    <tr>\n      <td>Pays de la Loire<\/td>\n      <td>Non pr\u00e9cis\u00e9 au niveau national<\/td>\n      <td>Lev\u00e9es plus pr\u00e9coces dans certaines communes rurales<\/td>\n    <\/tr>\n    <tr>\n      <td>Martinique<\/td>\n      <td>Non pr\u00e9cis\u00e9 au niveau national<\/td>\n      <td>Sp\u00e9cificit\u00e9s de lev\u00e9e li\u00e9es \u00e0 l\u2019acheminement a\u00e9rien<\/td>\n    <\/tr>\n    <tr>\n      <td>Guadeloupe<\/td>\n      <td>Non pr\u00e9cis\u00e9 au niveau national<\/td>\n      <td>Organisation d\u00e9pendante des liaisons maritimes et a\u00e9riennes<\/td>\n    <\/tr>\n    <tr>\n      <td>La R\u00e9union<\/td>\n      <td>Non pr\u00e9cis\u00e9 au niveau national<\/td>\n      <td>Cadre sp\u00e9cifique aux territoires ultramarins<\/td>\n    <\/tr>\n  <\/tbody>\n<\/table>\n\n<p>Ces cr\u00e9neaux repr\u00e9sentent un cadre g\u00e9n\u00e9ral. La mention officielle, celle qui fait foi pour un envoi donn\u00e9, figure toujours sur l\u2019\u00e9tiquette de la bo\u00eete aux lettres ou sur l\u2019affichage du bureau de poste concern\u00e9.<\/p>\n\n<div style=\"border:1px solid #e0e0e0; background:#f8f8f8; padding:12px 16px; margin:18px 0;\">\n  <strong>\u00c0 retenir&nbsp;:<\/strong> les horaires r\u00e9gionaux donnent un ordre de grandeur. Pour conna\u00eetre l\u2019horaire opposable en cas de litige, seule l\u2019information locale affich\u00e9e par La Poste sur la bo\u00eete ou dans le bureau compte.\n<\/div>\n\n<h3>Sp\u00e9cificit\u00e9s horaires selon les jours de la semaine<\/h3>\n<p>Les <strong>jours de collecte<\/strong> jouent un r\u00f4le central pour anticiper le d\u00e9part r\u00e9el d\u2019un courrier. En 2026, l\u2019organisation g\u00e9n\u00e9rale s\u2019articule de la mani\u00e8re suivante&nbsp;:<\/p>\n<ul>\n  <li><strong>Lundi \u00e0 vendredi<\/strong>&nbsp;: application des horaires r\u00e9guliers par zone, avec la derni\u00e8re lev\u00e9e situ\u00e9e en fin de matin\u00e9e ou d\u00e9but d\u2019apr\u00e8s-midi selon la r\u00e9gion.<\/li>\n  <li><strong>Samedi<\/strong>&nbsp;: passage annonc\u00e9 comme \u00ab&nbsp;normal&nbsp;\u00bb dans le cadre communiqu\u00e9, ce qui signifie une lev\u00e9e dans la continuit\u00e9 de la semaine, mais parfois l\u00e9g\u00e8rement avanc\u00e9e localement.<\/li>\n  <li><strong>Dimanche<\/strong>&nbsp;: aucune lev\u00e9e ni distribution, les courriers post\u00e9s ce jour-l\u00e0 attendent la collecte du lundi.<\/li>\n<\/ul>\n<p>Les entreprises qui organisent leurs flux d\u2019envois, tout comme les particuliers soucieux des d\u00e9lais, ont donc int\u00e9r\u00eat \u00e0 int\u00e9grer ces rythmes hebdomadaires dans leur planification.<\/p>\n\n<h2>Comment trouver l\u2019horaire de derni\u00e8re lev\u00e9e dans sa ville<\/h2>\n<p>Pour conna\u00eetre l\u2019horaire exact qui s\u2019applique \u00e0 un point donn\u00e9, plusieurs m\u00e9thodes se compl\u00e8tent. Le but consiste \u00e0 obtenir l\u2019information la plus locale possible, \u00e0 l\u2019\u00e9chelle de la <strong>bo\u00eete aux lettres<\/strong> ou du <strong>bureau de poste<\/strong>, et non seulement \u00e0 l\u2019\u00e9chelle de la r\u00e9gion.<\/p>\n\n<h3>Lire l\u2019\u00e9tiquette sur la bo\u00eete aux lettres de rue<\/h3>\n<p>Chaque bo\u00eete jaune install\u00e9e sur la voie publique comporte une \u00e9tiquette normalis\u00e9e avec plusieurs informations&nbsp;:<\/p>\n<ul>\n  <li>l\u2019<strong>horaire de derni\u00e8re lev\u00e9e<\/strong> en jours ouvr\u00e9s ;<\/li>\n  <li>l\u2019horaire applicable le samedi s\u2019il diff\u00e8re ;<\/li>\n  <li>le <strong>num\u00e9ro de la bo\u00eete<\/strong> ou son identifiant de localisation ;<\/li>\n  <li>parfois une mention sp\u00e9cifique en cas de lev\u00e9e anticip\u00e9e pendant certaines p\u00e9riodes.<\/li>\n<\/ul>\n<p>Pour un courrier urgent, lire cette \u00e9tiquette en d\u00e9tail avant de poster la lettre \u00e9vite les mauvaises surprises. L\u2019horaire est donn\u00e9 avec pr\u00e9cision, souvent au quart d\u2019heure pr\u00e8s, et refl\u00e8te l\u2019organisation r\u00e9elle des tourn\u00e9es.<\/p>\n<p>Pour localiser la bo\u00eete la plus pratique ou la plus tardive, une recherche de <a href=\"\/boite-jaune-pres-de-moi\/\">bo\u00eete jaune pr\u00e8s de moi<\/a> reste pertinente, surtout en ville o\u00f9 plusieurs points de collecte coexistent avec des horaires l\u00e9g\u00e8rement diff\u00e9rents.<\/p>\n\n<h3>Consulter les horaires en bureau de poste<\/h3>\n<p>Les <strong>bureaux de poste<\/strong> affichent \u00e9galement les horaires de lev\u00e9e des bo\u00eetes situ\u00e9es \u00e0 l\u2019int\u00e9rieur ou devant l\u2019\u00e9tablissement. Ces horaires ne co\u00efncident pas toujours exactement avec les horaires d\u2019ouverture au public.<\/p>\n<p>Un bureau peut fermer ses guichets \u00e0 18h00 et organiser la lev\u00e9e de la bo\u00eete int\u00e9rieure \u00e0 17h30, ou l\u2019inverse selon son sch\u00e9ma logistique. Le recours aux <a href=\"\/horaires-bureau-poste\/\">horaires de bureau de poste<\/a> permet d\u00e9j\u00e0 de cibler un point d\u2019accueil ouvert, puis de v\u00e9rifier sur place la mention de derni\u00e8re lev\u00e9e.<\/p>\n\n<div style=\"border:1px solid #4a90e2; background:#f0f6ff; padding:12px 16px; margin:18px 0;\">\n  <strong>Point de vigilance&nbsp;:<\/strong> l\u2019horaire de fermeture du bureau n\u2019assure jamais \u00e0 lui seul un d\u00e9part le jour m\u00eame. Seule l\u2019indication \u00ab&nbsp;derni\u00e8re lev\u00e9e&nbsp;\u00bb affich\u00e9e sur la bo\u00eete fait foi pour l\u2019acheminement.\n<\/div>\n\n<h3>Utiliser les outils en ligne pour affiner l\u2019horaire<\/h3>\n<p>Outre les informations physiques sur les bo\u00eetes et les bureaux, plusieurs outils en ligne aident \u00e0 rep\u00e9rer l\u2019horaire applicable dans une zone donn\u00e9e&nbsp;:<\/p>\n<ul>\n  <li>les cartes interactives localisant les bo\u00eetes de rue et indiquant parfois les <strong>horaires de lev\u00e9e<\/strong> ;<\/li>\n  <li>les simulateurs de d\u00e9lai d\u2019acheminement qui prennent en compte la date de d\u00e9p\u00f4t ;<\/li>\n  <li>les annuaires de points de services postaux (agences communales, relais partenaires).<\/li>\n<\/ul>\n<p>Pour les utilisateurs r\u00e9guliers, cr\u00e9er des rep\u00e8res sur les bo\u00eetes strat\u00e9giques de leur quartier, avec heure de lev\u00e9e tardive, apporte un vrai confort pour g\u00e9rer les envois de derni\u00e8re minute.<\/p>\n\n<h2>Derni\u00e8re lev\u00e9e et services sp\u00e9cifiques&nbsp;: Lettre24, Merci Facteur et envois acc\u00e9l\u00e9r\u00e9s<\/h2>\n<p>Certains services postaux b\u00e9n\u00e9ficient d\u2019une organisation de collecte distincte, avec des <strong>lev\u00e9es plus tardives<\/strong>. En 2026, deux services se distinguent dans les informations disponibles&nbsp;: <strong>Lettre24<\/strong> et <strong>Merci Facteur<\/strong>, avec une heure de r\u00e9f\u00e9rence annonc\u00e9e \u00e0 <strong>17h00<\/strong>.<\/p>\n\n<h3>Lettre24&nbsp;: envois rapides avec lev\u00e9e jusqu\u2019\u00e0 17h00<\/h3>\n<p>Le service Lettre24 s\u2019adresse aux utilisateurs qui recherchent un <strong>d\u00e9lai d\u2019acheminement resserr\u00e9<\/strong> avec une collecte plus tardive. L\u2019horaire de 17h00 correspond \u00e0 une organisation logistique sp\u00e9cifique, centr\u00e9e sur des circuits de collecte optimis\u00e9s et des plateformes de tri d\u00e9di\u00e9es.<\/p>\n<p>Concr\u00e8tement, cela signifie qu\u2019un courrier Lettre24 d\u00e9pos\u00e9 dans un point \u00e9ligible avant 17h00 rejoint le flux du jour, alors qu\u2019un courrier classique d\u00e9pos\u00e9 sur une bo\u00eete de rue lev\u00e9e \u00e0 12h00 part d\u00e9j\u00e0 dans le flux du lendemain. La souplesse pour les envois de fin de journ\u00e9e s\u2019en trouve renforc\u00e9e.<\/p>\n\n<h3>Merci Facteur&nbsp;: service en ligne et gestion de la lev\u00e9e<\/h3>\n<p>Merci Facteur fonctionne comme un <strong>interm\u00e9diaire num\u00e9rique<\/strong> qui prend en charge l\u2019impression, la mise sous pli et le d\u00e9p\u00f4t des lettres dans le circuit postal. L\u2019horaire de 17h00 mentionn\u00e9 pour ce service renvoie \u00e0 l\u2019heure limite \u00e0 laquelle la commande peut \u00eatre pass\u00e9e pour une injection dans le flux de courrier du jour.<\/p>\n<p>L\u2019utilisateur envoie son courrier en ligne, Merci Facteur g\u00e8re la partie mat\u00e9rielle et d\u00e9pose les plis dans des points de collecte adapt\u00e9s \u00e0 une lev\u00e9e tardive. L\u2019information d\u2019heure limite joue ici le m\u00eame r\u00f4le que l\u2019horaire de derni\u00e8re lev\u00e9e d\u2019une bo\u00eete physique.<\/p>\n\n<div style=\"border:1px solid #f0c36d; background:#fff8e5; padding:12px 16px; margin:18px 0;\">\n  <strong>Astuce organisationnelle&nbsp;:<\/strong> pour les professionnels qui envoient des documents juridiques ou contractuels, combiner une bo\u00eete de rue avec lev\u00e9e en fin de matin\u00e9e et un service type Lettre24 ou Merci Facteur jusqu\u2019en fin d\u2019apr\u00e8s-midi offre une marge de man\u0153uvre confortable sur toute la journ\u00e9e.\n<\/div>\n\n<h2>Impact des nouveaux horaires et de la baisse du courrier papier<\/h2>\n<p>Les ajustements d\u2019horaires de derni\u00e8re lev\u00e9e s\u2019inscrivent dans un contexte plus large&nbsp;: la <strong>transition num\u00e9rique<\/strong> des communications et la baisse du volume de lettres ordinaires. Les services postaux concentrent leurs moyens sur des tourn\u00e9es mieux calibr\u00e9es, avec des passages parfois moins fr\u00e9quents ou des plages de lev\u00e9e raccourcies.<\/p>\n<p>Pour l\u2019usager, ces \u00e9volutions se traduisent par&nbsp;:<\/p>\n<ul>\n  <li>des <strong>lev\u00e9es plus concentr\u00e9es<\/strong> en fin de matin\u00e9e ou d\u00e9but d\u2019apr\u00e8s-midi ;<\/li>\n  <li>une r\u00e9duction progressive des bo\u00eetes dans certaines zones tr\u00e8s peu utilis\u00e9es ;<\/li>\n  <li>un recours accru \u00e0 des services d\u00e9mat\u00e9rialis\u00e9s, en particulier pour les d\u00e9marches administratives.<\/li>\n<\/ul>\n<p>Dans le m\u00eame temps, la hausse tarifaire de 7,4&nbsp;% au 1er janvier 2026 renforce l\u2019id\u00e9e de r\u00e9server le courrier papier \u00e0 des usages cibl\u00e9s&nbsp;: envois sensibles, archives, notifications formelles, marketing adress\u00e9, etc.<\/p>\n\n<blockquote>\n  \u00ab&nbsp;Nous observons une baisse r\u00e9guli\u00e8re des volumes de lettres, mais aussi une mont\u00e9e en valeur des envois qui restent. Les utilisateurs cherchent davantage de fiabilit\u00e9, de tra\u00e7abilit\u00e9 et de clart\u00e9 sur les horaires de lev\u00e9e.&nbsp;\u00bb\n<\/blockquote>\n\n<p>Cette tendance explique la volont\u00e9 de rendre plus lisible l\u2019information sur la derni\u00e8re lev\u00e9e, notamment via l\u2019affichage sur les bo\u00eetes et la mise \u00e0 jour des horaires r\u00e9gionaux de r\u00e9f\u00e9rence.<\/p>\n\n<h2>Derni\u00e8re lev\u00e9e, d\u00e9lais d\u2019acheminement et choix du jour d\u2019envoi<\/h2>\n<p>Conna\u00eetre l\u2019heure limite de collecte n\u2019a d\u2019int\u00e9r\u00eat que si elle se combine avec une bonne compr\u00e9hension des <strong>d\u00e9lais postaux<\/strong>. Le jour et l\u2019horaire du d\u00e9p\u00f4t fa\u00e7onnent directement la date de distribution pr\u00e9visionnelle.<\/p>\n\n<h3>Relation entre heure de lev\u00e9e et jour de d\u00e9part<\/h3>\n<p>Un courrier d\u00e9pos\u00e9 avant l\u2019heure officielle de derni\u00e8re lev\u00e9e int\u00e8gre le flux de tri du jour. \u00c0 l\u2019inverse, une lettre d\u00e9pos\u00e9e apr\u00e8s cette heure est trait\u00e9e comme un d\u00e9p\u00f4t du lendemain. La diff\u00e9rence para\u00eet modeste, mais un \u00e9cart d\u2019un quart d\u2019heure peut se traduire par un jour complet de d\u00e9calage.<\/p>\n<p>Par exemple&nbsp;:<\/p>\n<ul>\n  <li>d\u00e9p\u00f4t \u00e0 11h50 sur une bo\u00eete lev\u00e9e \u00e0 12h00&nbsp;: d\u00e9part le jour m\u00eame, distribution selon le d\u00e9lai du produit choisi ;<\/li>\n  <li>d\u00e9p\u00f4t \u00e0 12h10 sur la m\u00eame bo\u00eete&nbsp;: d\u00e9part le lendemain, allongement du d\u00e9lai global d\u2019au moins une journ\u00e9e.<\/li>\n<\/ul>\n<p>Cet effet s\u2019amplifie lorsque l\u2019on se situe en fin de semaine. Un d\u00e9p\u00f4t apr\u00e8s l\u2019ultime lev\u00e9e du samedi peut repousser la prise en charge effective au lundi, soit deux jours ouvr\u00e9s plus tard.<\/p>\n\n<h3>Influence du week-end et des jours sans distribution<\/h3>\n<p>Le <strong>dimanche sans lev\u00e9e ni distribution<\/strong> joue un r\u00f4le structurant. Un courrier urgemment attendu le lundi n\u00e9cessite un envoi suffisamment anticip\u00e9 en fin de semaine, en tenant compte du dernier passage du samedi et de la distance \u00e0 parcourir.<\/p>\n<p>Pour s\u00e9curiser un d\u00e9lai, mieux vaut raisonner en jours ouvr\u00e9s et int\u00e9grer les jours f\u00e9ri\u00e9s qui s\u2019ajoutent aux dimanches. La derni\u00e8re lev\u00e9e pr\u00e9c\u00e9dant un jour f\u00e9ri\u00e9 long fonctionne alors comme une fronti\u00e8re temporelle nette.<\/p>\n\n<div style=\"border:1px solid #e0e0e0; background:#f8f8f8; padding:12px 16px; margin:18px 0;\">\n  <strong>R\u00e9flexe utile&nbsp;:<\/strong> avant un pont ou un long week-end, toujours v\u00e9rifier l\u2019horaire de lev\u00e9e de la bo\u00eete choisie et, en cas d\u2019enjeu fort, se tourner vers des services avec lev\u00e9e tardive ou distribution prioritaire.\n<\/div>\n\n<h2>Trouver la derni\u00e8re lev\u00e9e la plus tardive pr\u00e8s de chez soi<\/h2>\n<p>Dans une m\u00eame ville, toutes les bo\u00eetes ne sont pas collect\u00e9es \u00e0 la m\u00eame heure. Certaines, positionn\u00e9es \u00e0 proximit\u00e9 des grands axes, des centres de tri ou des bureaux principaux, b\u00e9n\u00e9ficient d\u2019une <strong>derni\u00e8re lev\u00e9e plus tardive<\/strong>. Les usagers avertis s\u2019appuient sur ces bo\u00eetes pour leurs envois serr\u00e9s.<\/p>\n\n<h3>Comparer les bo\u00eetes de la m\u00eame commune<\/h3>\n<p>Une d\u00e9marche simple consiste \u00e0 lister plusieurs bo\u00eetes situ\u00e9es dans un p\u00e9rim\u00e8tre raisonnable (domicile, travail, trajets r\u00e9guliers) et \u00e0 relever les horaires affich\u00e9s sur chacune. Rapidement, un sch\u00e9ma se dessine&nbsp;:<\/p>\n<ul>\n  <li>bo\u00eetes collect\u00e9es assez t\u00f4t dans la matin\u00e9e, souvent dans les quartiers r\u00e9sidentiels \u00e9loign\u00e9s des axes ;<\/li>\n  <li>bo\u00eetes avec lev\u00e9e plus tardive, souvent proches des <strong>bureaux centraux<\/strong> ou des zones de passage des v\u00e9hicules postaux.<\/li>\n<\/ul>\n<p>Les outils de localisation en ligne ou les services type <a href=\"\/boite-jaune-pres-de-moi\/\">bo\u00eete jaune pr\u00e8s de moi<\/a> simplifient ce rep\u00e9rage, surtout lorsqu\u2019on se trouve dans une ville que l\u2019on conna\u00eet peu.<\/p>\n\n<h3>Strat\u00e9gies pour les envois de derni\u00e8re minute<\/h3>\n<p>Une fois ces bo\u00eetes identifi\u00e9es, plusieurs strat\u00e9gies se dessinent pour optimiser ses envois&nbsp;:<\/p>\n<ul>\n  <li>pr\u00e9parer syst\u00e9matiquement les courriers en amont pour \u00eatre libre de choisir la bo\u00eete la plus tardive ;<\/li>\n  <li>garder en m\u00e9moire un \u00ab&nbsp;parcours postal&nbsp;\u00bb combinant une bo\u00eete de quartier et une bo\u00eete centrale pr\u00e8s du travail ou d\u2019une gare ;<\/li>\n  <li>appuyer les envois critiques sur un service \u00e0 lev\u00e9e tardive (Lettre24, Merci Facteur) lorsque la journ\u00e9e a d\u00e9j\u00e0 bien avanc\u00e9.<\/li>\n<\/ul>\n<p>Ce type d\u2019organisation r\u00e9duit le stress li\u00e9 aux d\u00e9lais et limite les allers-retours inutiles vers des bo\u00eetes d\u00e9j\u00e0 lev\u00e9es.<\/p>\n\n<h2>Derni\u00e8re lev\u00e9e, suivi des courriers et s\u00e9curisation des envois<\/h2>\n<p>La connaissance des horaires de lev\u00e9e s\u2019articule aussi avec la <strong>tra\u00e7abilit\u00e9 des envois<\/strong>. Les services de suivi (lettres suivies, recommand\u00e9s, colis) fournissent un niveau de s\u00e9curit\u00e9 suppl\u00e9mentaire, surtout lorsque l\u2019on jongle avec des contraintes de d\u00e9lai.<\/p>\n\n<h3>Articuler heure de lev\u00e9e et num\u00e9ro de suivi<\/h3>\n<p>Pour un courrier suivi ou recommand\u00e9, relever l\u2019horaire de derni\u00e8re lev\u00e9e puis conserver le re\u00e7u et le num\u00e9ro de suivi permet de :<\/p>\n<ul>\n  <li>v\u00e9rifier rapidement \u00e0 quel moment le pli entre r\u00e9ellement dans le r\u00e9seau ;<\/li>\n  <li>suivre l\u2019acheminement dans les centres de tri ;<\/li>\n  <li>documenter une \u00e9ventuelle r\u00e9clamation aupr\u00e8s du service client.<\/li>\n<\/ul>\n<p>Lors d\u2019un d\u00e9p\u00f4t juste avant la lev\u00e9e, il est fr\u00e9quent que le suivi n\u2019actualise les informations qu\u2019en soir\u00e9e ou le lendemain matin. Ce comportement reste coh\u00e9rent avec le temps n\u00e9cessaire au traitement dans le centre de tri.<\/p>\n\n<h3>Gestion des envois sensibles et juridiques<\/h3>\n<p>Pour les documents \u00e0 valeur probante (contrats, r\u00e9siliations, notifications l\u00e9gales), l\u2019association de la <strong>preuve de d\u00e9p\u00f4t<\/strong> (accus\u00e9, recommand\u00e9) et du respect de l\u2019horaire de derni\u00e8re lev\u00e9e apporte une s\u00e9curit\u00e9 renforc\u00e9e.<\/p>\n\n<blockquote>\n  \u00ab&nbsp;En cas de litige sur la date d\u2019envoi, la combinaison du ticket de d\u00e9p\u00f4t, de l\u2019heure de derni\u00e8re lev\u00e9e affich\u00e9e et du suivi \u00e9lectronique permet de reconstituer le parcours du courrier avec pr\u00e9cision.&nbsp;\u00bb\n<\/blockquote>\n\n<p>Certaines d\u00e9marches comportent des \u00e9ch\u00e9ances strictes (r\u00e9siliation de bail, opposition, r\u00e9clamation administrative). Dans ces cas, poster la lettre en amont de la derni\u00e8re lev\u00e9e, de pr\u00e9f\u00e9rence un jour ouvr\u00e9 \u00e9loign\u00e9 des week-ends et jours f\u00e9ri\u00e9s, r\u00e9duit nettement le risque de discussion sur le respect des d\u00e9lais.<\/p>\n\n<h2>\u00c9volutions possibles des horaires de derni\u00e8re lev\u00e9e<\/h2>\n<p>Les horaires de lev\u00e9e ne restent pas fig\u00e9s. Ils \u00e9voluent en fonction des <strong>contraintes logistiques<\/strong>, des travaux de voirie, de la densit\u00e9 de population, ou encore de la fr\u00e9quentation r\u00e9elle des bo\u00eetes. Une bo\u00eete peu utilis\u00e9e peut voir son horaire avanc\u00e9, ou \u00eatre d\u00e9plac\u00e9e vers un endroit plus fr\u00e9quent\u00e9.<\/p>\n<p>Inversement, dans les quartiers dynamiques ou les zones d\u2019activit\u00e9, certaines bo\u00eetes b\u00e9n\u00e9ficient d\u2019une lev\u00e9e plus tardive, voire de lev\u00e9es suppl\u00e9mentaires lors de p\u00e9riodes de forte activit\u00e9 (fin d\u2019ann\u00e9e, campagnes fiscales, etc.).<\/p>\n\n<div style=\"border:1px solid #4a90e2; background:#f0f6ff; padding:12px 16px; margin:18px 0;\">\n  <strong>R\u00e9flexe \u00e0 adopter&nbsp;:<\/strong> ne pas se fier \u00e0 un horaire m\u00e9moris\u00e9 depuis plusieurs ann\u00e9es. Un passage visuel rapide devant l\u2019\u00e9tiquette de la bo\u00eete, de temps \u00e0 autre, permet de rep\u00e9rer une \u00e9ventuelle mise \u00e0 jour d\u2019horaire.\n<\/div>\n\n<p>Les postes communales, agences postales partenaires et relais commer\u00e7ants suivent la m\u00eame dynamique&nbsp;: ajustement des heures d\u2019ouverture, adaptation des lev\u00e9es, concentration des flux sur certains cr\u00e9neaux. Le recours ponctuel aux <a href=\"\/horaires-bureau-poste\/\">horaires de bureau de poste<\/a> et aux outils de localisation en ligne reste donc pertinent pour disposer d\u2019une information \u00e0 jour.<\/p>\n\n<h2>R\u00e9sum\u00e9 op\u00e9rationnel pour ma\u00eetriser la derni\u00e8re lev\u00e9e La Poste<\/h2>\n<p>Pour g\u00e9rer ses envois avec m\u00e9thode, quelques rep\u00e8res servent de fil conducteur&nbsp;:<\/p>\n<ul>\n  <li>se r\u00e9f\u00e9rer au cadrage r\u00e9gional (par exemple 12h00 en Ile-de-France, 11h30 en Occitanie, 11h00 en Bretagne, 12h30 dans le Grand Est, 13h00 en Provence-Alpes-C\u00f4te d\u2019Azur) pour disposer d\u2019un ordre d\u2019id\u00e9e ;<\/li>\n  <li>v\u00e9rifier syst\u00e9matiquement <strong>l\u2019\u00e9tiquette de la bo\u00eete<\/strong> utilis\u00e9e, seule source opposable ;<\/li>\n  <li>int\u00e9grer le rythme hebdomadaire&nbsp;: lev\u00e9es r\u00e9guli\u00e8res du lundi au samedi, aucune collecte le dimanche ;<\/li>\n  <li>exploiter les services \u00e0 lev\u00e9e tardive comme Lettre24 ou Merci Facteur lorsque l\u2019on se rapproche de 17h00 ;<\/li>\n  <li>choisir les bo\u00eetes les plus tardives de son environnement pour les envois serr\u00e9s ;<\/li>\n  <li>associer, pour les courriers sensibles, suivi, recommand\u00e9 et respect strict de la derni\u00e8re lev\u00e9e.<\/li>\n<\/ul>\n<p>En combinant ces diff\u00e9rents leviers, l\u2019usager reprend la main sur les d\u00e9lais de ses courriers et r\u00e9duit nettement les incertitudes li\u00e9es aux horaires de collecte. Les pages d\u00e9di\u00e9es aux horaires de lev\u00e9e, comme une ressource type <a href=\"\/heure-levee-courrier\/\">heure lev\u00e9e courrier<\/a>, offrent enfin un point de rep\u00e8re compl\u00e9mentaire pour structurer ses habitudes d\u2019envoi au quotidien.<\/p>\n","protected":false},"excerpt":{"rendered":"","protected":false},"author":29,"featured_media":11589,"comment_status":"open","ping_status":"","sticky":false,"template":"","format":"standard","meta":{"_acf_changed":false,"subtitle":"","footnotes":""},"categories":[520],"tags":[],"class_list":["post-11591","post","type-post","status-publish","format-standard","has-post-thumbnail","hentry","category-conseils","generate-columns","tablet-grid-50","mobile-grid-100","grid-parent","grid-33"],"acf":false,"yoast_head":"<!-- This site is optimized with the Yoast SEO plugin v25.8 - https:\/\/yoast.com\/wordpress\/plugins\/seo\/ -->\n<title>Derni\u00e8re lev\u00e9e La Poste : trouver les horaires dans sa ville | SFPF<\/title>\n<meta name=\"description\" content=\"Entre une facture \u00e0 envoyer en urgence, un courrier recommand\u00e9 \u00e0 poster avant une \u00e9ch\u00e9ance et une carte \u00e0 faire partir le jour m\u00eame, l\u2019horaire de derni\u00e8re\" \/>\n<meta name=\"robots\" content=\"index, follow, max-snippet:-1, max-image-preview:large, max-video-preview:-1\" \/>\n<link rel=\"canonical\" href=\"https:\/\/www.sfpf.fr\/actu\/derniere-levee-la-poste\" \/>\n<meta property=\"og:locale\" content=\"fr_FR\" \/>\n<meta property=\"og:type\" content=\"article\" \/>\n<meta property=\"og:title\" content=\"Derni\u00e8re lev\u00e9e La Poste : trouver les horaires dans sa ville | SFPF\" \/>\n<meta property=\"og:description\" content=\"Entre une facture \u00e0 envoyer en urgence, un courrier recommand\u00e9 \u00e0 poster avant une \u00e9ch\u00e9ance et une carte \u00e0 faire partir le jour m\u00eame, l\u2019horaire de derni\u00e8re\" \/>\n<meta property=\"og:url\" content=\"https:\/\/www.sfpf.fr\/actu\/derniere-levee-la-poste\" \/>\n<meta property=\"og:site_name\" content=\"SFPF\" \/>\n<meta property=\"article:published_time\" content=\"2026-03-09T14:00:00+00:00\" \/>\n<meta property=\"og:image\" content=\"https:\/\/www.sfpf.fr\/actu\/wp-content\/uploads\/2026\/02\/horaireleveecourrier-scaled.png\" \/>\n\t<meta property=\"og:image:width\" content=\"1200\" \/>\n\t<meta property=\"og:image:height\" content=\"673\" \/>\n\t<meta property=\"og:image:type\" content=\"image\/png\" \/>\n<meta name=\"author\" content=\"Laredac\" \/>\n<meta name=\"twitter:card\" content=\"summary_large_image\" \/>\n<meta name=\"twitter:label1\" content=\"\u00c9crit par\" \/>\n\t<meta name=\"twitter:data1\" content=\"Laredac\" \/>\n\t<meta name=\"twitter:label2\" content=\"Dur\u00e9e de lecture estim\u00e9e\" \/>\n\t<meta name=\"twitter:data2\" content=\"18 minutes\" \/>\n<script type=\"application\/ld+json\" class=\"yoast-schema-graph\">{\"@context\":\"https:\/\/schema.org\",\"@graph\":[{\"@type\":\"NewsArticle\",\"@id\":\"https:\/\/www.sfpf.fr\/actu\/derniere-levee-la-poste#article\",\"isPartOf\":{\"@id\":\"https:\/\/www.sfpf.fr\/actu\/derniere-levee-la-poste\"},\"author\":{\"name\":\"Laredac\",\"@id\":\"https:\/\/www.sfpf.fr\/actu\/#\/schema\/person\/bd87396233d24e5e46c39394bfc2a378\"},\"headline\":\"Derni\u00e8re lev\u00e9e La Poste : trouver les horaires dans sa ville\",\"datePublished\":\"2026-03-09T14:00:00+00:00\",\"mainEntityOfPage\":{\"@id\":\"https:\/\/www.sfpf.fr\/actu\/derniere-levee-la-poste\"},\"wordCount\":3598,\"commentCount\":0,\"publisher\":{\"@id\":\"https:\/\/www.sfpf.fr\/actu\/#organization\"},\"image\":{\"@id\":\"https:\/\/www.sfpf.fr\/actu\/derniere-levee-la-poste#primaryimage\"},\"thumbnailUrl\":\"https:\/\/www.sfpf.fr\/actu\/wp-content\/uploads\/2026\/02\/horaireleveecourrier-scaled.png\",\"articleSection\":[\"Conseils\"],\"inLanguage\":\"fr-FR\",\"potentialAction\":[{\"@type\":\"CommentAction\",\"name\":\"Comment\",\"target\":[\"https:\/\/www.sfpf.fr\/actu\/derniere-levee-la-poste#respond\"]}]},{\"@type\":\"WebPage\",\"@id\":\"https:\/\/www.sfpf.fr\/actu\/derniere-levee-la-poste\",\"url\":\"https:\/\/www.sfpf.fr\/actu\/derniere-levee-la-poste\",\"name\":\"Derni\u00e8re lev\u00e9e La Poste : trouver les horaires dans sa ville | SFPF\",\"isPartOf\":{\"@id\":\"https:\/\/www.sfpf.fr\/actu\/#website\"},\"primaryImageOfPage\":{\"@id\":\"https:\/\/www.sfpf.fr\/actu\/derniere-levee-la-poste#primaryimage\"},\"image\":{\"@id\":\"https:\/\/www.sfpf.fr\/actu\/derniere-levee-la-poste#primaryimage\"},\"thumbnailUrl\":\"https:\/\/www.sfpf.fr\/actu\/wp-content\/uploads\/2026\/02\/horaireleveecourrier-scaled.png\",\"datePublished\":\"2026-03-09T14:00:00+00:00\",\"description\":\"Entre une facture \u00e0 envoyer en urgence, un courrier recommand\u00e9 \u00e0 poster avant une \u00e9ch\u00e9ance et une carte \u00e0 faire partir le jour m\u00eame, l\u2019horaire de derni\u00e8re\",\"breadcrumb\":{\"@id\":\"https:\/\/www.sfpf.fr\/actu\/derniere-levee-la-poste#breadcrumb\"},\"inLanguage\":\"fr-FR\",\"potentialAction\":[{\"@type\":\"ReadAction\",\"target\":[\"https:\/\/www.sfpf.fr\/actu\/derniere-levee-la-poste\"]}]},{\"@type\":\"ImageObject\",\"inLanguage\":\"fr-FR\",\"@id\":\"https:\/\/www.sfpf.fr\/actu\/derniere-levee-la-poste#primaryimage\",\"url\":\"https:\/\/www.sfpf.fr\/actu\/wp-content\/uploads\/2026\/02\/horaireleveecourrier-scaled.png\",\"contentUrl\":\"https:\/\/www.sfpf.fr\/actu\/wp-content\/uploads\/2026\/02\/horaireleveecourrier-scaled.png\",\"width\":1200,\"height\":673,\"caption\":\"Sc\u00e8ne r\u00e9aliste d\u2019une rue fran\u00e7aise o\u00f9 une personne consulte l\u2019horaire de lev\u00e9e sur une bo\u00eete aux lettres jaune.\"},{\"@type\":\"BreadcrumbList\",\"@id\":\"https:\/\/www.sfpf.fr\/actu\/derniere-levee-la-poste#breadcrumb\",\"itemListElement\":[{\"@type\":\"ListItem\",\"position\":1,\"name\":\"Accueil\",\"item\":\"https:\/\/www.sfpf.fr\/actu\"},{\"@type\":\"ListItem\",\"position\":2,\"name\":\"Conseils\",\"item\":\"https:\/\/www.sfpf.fr\/actu\/categorie\/conseils\"},{\"@type\":\"ListItem\",\"position\":3,\"name\":\"Derni\u00e8re lev\u00e9e La Poste : trouver les horaires dans sa ville\"}]},{\"@type\":\"WebSite\",\"@id\":\"https:\/\/www.sfpf.fr\/actu\/#website\",\"url\":\"https:\/\/www.sfpf.fr\/actu\/\",\"name\":\"SFPF\",\"description\":\"\",\"publisher\":{\"@id\":\"https:\/\/www.sfpf.fr\/actu\/#organization\"},\"potentialAction\":[{\"@type\":\"SearchAction\",\"target\":{\"@type\":\"EntryPoint\",\"urlTemplate\":\"https:\/\/www.sfpf.fr\/actu\/?s={search_term_string}\"},\"query-input\":{\"@type\":\"PropertyValueSpecification\",\"valueRequired\":true,\"valueName\":\"search_term_string\"}}],\"inLanguage\":\"fr-FR\"},{\"@type\":\"Organization\",\"@id\":\"https:\/\/www.sfpf.fr\/actu\/#organization\",\"name\":\"SFPF\",\"url\":\"https:\/\/www.sfpf.fr\/actu\/\",\"logo\":{\"@type\":\"ImageObject\",\"inLanguage\":\"fr-FR\",\"@id\":\"https:\/\/www.sfpf.fr\/actu\/#\/schema\/logo\/image\/\",\"url\":\"https:\/\/www.sfpf.fr\/actu\/wp-content\/uploads\/2025\/09\/media.png\",\"contentUrl\":\"https:\/\/www.sfpf.fr\/actu\/wp-content\/uploads\/2025\/09\/media.png\",\"width\":178,\"height\":100,\"caption\":\"SFPF\"},\"image\":{\"@id\":\"https:\/\/www.sfpf.fr\/actu\/#\/schema\/logo\/image\/\"}},{\"@type\":\"Person\",\"@id\":\"https:\/\/www.sfpf.fr\/actu\/#\/schema\/person\/bd87396233d24e5e46c39394bfc2a378\",\"name\":\"Laredac\",\"image\":{\"@type\":\"ImageObject\",\"inLanguage\":\"fr-FR\",\"@id\":\"https:\/\/www.sfpf.fr\/actu\/#\/schema\/person\/image\/\",\"url\":\"https:\/\/www.sfpf.fr\/actu\/wp-content\/uploads\/2025\/09\/Design-sans-titre-10.jpg\",\"contentUrl\":\"https:\/\/www.sfpf.fr\/actu\/wp-content\/uploads\/2025\/09\/Design-sans-titre-10.jpg\",\"caption\":\"Laredac\"},\"description\":\"La R\u00e9daction, c\u2019est une petite \u00e9quipe de b\u00e9n\u00e9voles curieux et passionn\u00e9s. Si chacun cultive ses propres centres d\u2019int\u00e9r\u00eat \u2014 timbres fiscaux, monnaies, documents anciens ou objets de collection en tout genre \u2014 tous partagent le go\u00fbt de la d\u00e9couverte, de l\u2019authentique et du savoir bien transmis. Attach\u00e9e \u00e0 la qualit\u00e9 de l\u2019information, la r\u00e9daction s\u2019attache \u00e0 couvrir l\u2019actualit\u00e9 des collections, les nouveaut\u00e9s du march\u00e9, les tendances, mais aussi les \u00e9v\u00e9nements, publications et projets li\u00e9s \u00e0 l\u2019univers du patrimoine et de la culture. Sans se prendre trop au s\u00e9rieux, La R\u00e9dac veille \u00e0 proposer un contenu fiable, vivant et accessible \u00e0 tous les curieux, collectionneurs ou simples amateurs.\",\"url\":\"https:\/\/www.sfpf.fr\/actu\/author\/laredac\"}]}<\/script>\n<!-- \/ Yoast SEO plugin. -->","yoast_head_json":{"title":"Derni\u00e8re lev\u00e9e La Poste : trouver les horaires dans sa ville | SFPF","description":"Entre une facture \u00e0 envoyer en urgence, un courrier recommand\u00e9 \u00e0 poster avant une \u00e9ch\u00e9ance et une carte \u00e0 faire partir le jour m\u00eame, l\u2019horaire de derni\u00e8re","robots":{"index":"index","follow":"follow","max-snippet":"max-snippet:-1","max-image-preview":"max-image-preview:large","max-video-preview":"max-video-preview:-1"},"canonical":"https:\/\/www.sfpf.fr\/actu\/derniere-levee-la-poste","og_locale":"fr_FR","og_type":"article","og_title":"Derni\u00e8re lev\u00e9e La Poste : trouver les horaires dans sa ville | SFPF","og_description":"Entre une facture \u00e0 envoyer en urgence, un courrier recommand\u00e9 \u00e0 poster avant une \u00e9ch\u00e9ance et une carte \u00e0 faire partir le jour m\u00eame, l\u2019horaire de derni\u00e8re","og_url":"https:\/\/www.sfpf.fr\/actu\/derniere-levee-la-poste","og_site_name":"SFPF","article_published_time":"2026-03-09T14:00:00+00:00","og_image":[{"width":1200,"height":673,"url":"https:\/\/www.sfpf.fr\/actu\/wp-content\/uploads\/2026\/02\/horaireleveecourrier-scaled.png","type":"image\/png"}],"author":"Laredac","twitter_card":"summary_large_image","twitter_misc":{"\u00c9crit par":"Laredac","Dur\u00e9e de lecture estim\u00e9e":"18 minutes"},"schema":{"@context":"https:\/\/schema.org","@graph":[{"@type":"NewsArticle","@id":"https:\/\/www.sfpf.fr\/actu\/derniere-levee-la-poste#article","isPartOf":{"@id":"https:\/\/www.sfpf.fr\/actu\/derniere-levee-la-poste"},"author":{"name":"Laredac","@id":"https:\/\/www.sfpf.fr\/actu\/#\/schema\/person\/bd87396233d24e5e46c39394bfc2a378"},"headline":"Derni\u00e8re lev\u00e9e La Poste : trouver les horaires dans sa ville","datePublished":"2026-03-09T14:00:00+00:00","mainEntityOfPage":{"@id":"https:\/\/www.sfpf.fr\/actu\/derniere-levee-la-poste"},"wordCount":3598,"commentCount":0,"publisher":{"@id":"https:\/\/www.sfpf.fr\/actu\/#organization"},"image":{"@id":"https:\/\/www.sfpf.fr\/actu\/derniere-levee-la-poste#primaryimage"},"thumbnailUrl":"https:\/\/www.sfpf.fr\/actu\/wp-content\/uploads\/2026\/02\/horaireleveecourrier-scaled.png","articleSection":["Conseils"],"inLanguage":"fr-FR","potentialAction":[{"@type":"CommentAction","name":"Comment","target":["https:\/\/www.sfpf.fr\/actu\/derniere-levee-la-poste#respond"]}]},{"@type":"WebPage","@id":"https:\/\/www.sfpf.fr\/actu\/derniere-levee-la-poste","url":"https:\/\/www.sfpf.fr\/actu\/derniere-levee-la-poste","name":"Derni\u00e8re lev\u00e9e La Poste : trouver les horaires dans sa ville | SFPF","isPartOf":{"@id":"https:\/\/www.sfpf.fr\/actu\/#website"},"primaryImageOfPage":{"@id":"https:\/\/www.sfpf.fr\/actu\/derniere-levee-la-poste#primaryimage"},"image":{"@id":"https:\/\/www.sfpf.fr\/actu\/derniere-levee-la-poste#primaryimage"},"thumbnailUrl":"https:\/\/www.sfpf.fr\/actu\/wp-content\/uploads\/2026\/02\/horaireleveecourrier-scaled.png","datePublished":"2026-03-09T14:00:00+00:00","description":"Entre une facture \u00e0 envoyer en urgence, un courrier recommand\u00e9 \u00e0 poster avant une \u00e9ch\u00e9ance et une carte \u00e0 faire partir le jour m\u00eame, l\u2019horaire de derni\u00e8re","breadcrumb":{"@id":"https:\/\/www.sfpf.fr\/actu\/derniere-levee-la-poste#breadcrumb"},"inLanguage":"fr-FR","potentialAction":[{"@type":"ReadAction","target":["https:\/\/www.sfpf.fr\/actu\/derniere-levee-la-poste"]}]},{"@type":"ImageObject","inLanguage":"fr-FR","@id":"https:\/\/www.sfpf.fr\/actu\/derniere-levee-la-poste#primaryimage","url":"https:\/\/www.sfpf.fr\/actu\/wp-content\/uploads\/2026\/02\/horaireleveecourrier-scaled.png","contentUrl":"https:\/\/www.sfpf.fr\/actu\/wp-content\/uploads\/2026\/02\/horaireleveecourrier-scaled.png","width":1200,"height":673,"caption":"Sc\u00e8ne r\u00e9aliste d\u2019une rue fran\u00e7aise o\u00f9 une personne consulte l\u2019horaire de lev\u00e9e sur une bo\u00eete aux lettres jaune."},{"@type":"BreadcrumbList","@id":"https:\/\/www.sfpf.fr\/actu\/derniere-levee-la-poste#breadcrumb","itemListElement":[{"@type":"ListItem","position":1,"name":"Accueil","item":"https:\/\/www.sfpf.fr\/actu"},{"@type":"ListItem","position":2,"name":"Conseils","item":"https:\/\/www.sfpf.fr\/actu\/categorie\/conseils"},{"@type":"ListItem","position":3,"name":"Derni\u00e8re lev\u00e9e La Poste : trouver les horaires dans sa ville"}]},{"@type":"WebSite","@id":"https:\/\/www.sfpf.fr\/actu\/#website","url":"https:\/\/www.sfpf.fr\/actu\/","name":"SFPF","description":"","publisher":{"@id":"https:\/\/www.sfpf.fr\/actu\/#organization"},"potentialAction":[{"@type":"SearchAction","target":{"@type":"EntryPoint","urlTemplate":"https:\/\/www.sfpf.fr\/actu\/?s={search_term_string}"},"query-input":{"@type":"PropertyValueSpecification","valueRequired":true,"valueName":"search_term_string"}}],"inLanguage":"fr-FR"},{"@type":"Organization","@id":"https:\/\/www.sfpf.fr\/actu\/#organization","name":"SFPF","url":"https:\/\/www.sfpf.fr\/actu\/","logo":{"@type":"ImageObject","inLanguage":"fr-FR","@id":"https:\/\/www.sfpf.fr\/actu\/#\/schema\/logo\/image\/","url":"https:\/\/www.sfpf.fr\/actu\/wp-content\/uploads\/2025\/09\/media.png","contentUrl":"https:\/\/www.sfpf.fr\/actu\/wp-content\/uploads\/2025\/09\/media.png","width":178,"height":100,"caption":"SFPF"},"image":{"@id":"https:\/\/www.sfpf.fr\/actu\/#\/schema\/logo\/image\/"}},{"@type":"Person","@id":"https:\/\/www.sfpf.fr\/actu\/#\/schema\/person\/bd87396233d24e5e46c39394bfc2a378","name":"Laredac","image":{"@type":"ImageObject","inLanguage":"fr-FR","@id":"https:\/\/www.sfpf.fr\/actu\/#\/schema\/person\/image\/","url":"https:\/\/www.sfpf.fr\/actu\/wp-content\/uploads\/2025\/09\/Design-sans-titre-10.jpg","contentUrl":"https:\/\/www.sfpf.fr\/actu\/wp-content\/uploads\/2025\/09\/Design-sans-titre-10.jpg","caption":"Laredac"},"description":"La R\u00e9daction, c\u2019est une petite \u00e9quipe de b\u00e9n\u00e9voles curieux et passionn\u00e9s. Si chacun cultive ses propres centres d\u2019int\u00e9r\u00eat \u2014 timbres fiscaux, monnaies, documents anciens ou objets de collection en tout genre \u2014 tous partagent le go\u00fbt de la d\u00e9couverte, de l\u2019authentique et du savoir bien transmis. Attach\u00e9e \u00e0 la qualit\u00e9 de l\u2019information, la r\u00e9daction s\u2019attache \u00e0 couvrir l\u2019actualit\u00e9 des collections, les nouveaut\u00e9s du march\u00e9, les tendances, mais aussi les \u00e9v\u00e9nements, publications et projets li\u00e9s \u00e0 l\u2019univers du patrimoine et de la culture. Sans se prendre trop au s\u00e9rieux, La R\u00e9dac veille \u00e0 proposer un contenu fiable, vivant et accessible \u00e0 tous les curieux, collectionneurs ou simples amateurs.","url":"https:\/\/www.sfpf.fr\/actu\/author\/laredac"}]}},"_links":{"self":[{"href":"https:\/\/www.sfpf.fr\/actu\/wp-json\/wp\/v2\/posts\/11591","targetHints":{"allow":["GET"]}}],"collection":[{"href":"https:\/\/www.sfpf.fr\/actu\/wp-json\/wp\/v2\/posts"}],"about":[{"href":"https:\/\/www.sfpf.fr\/actu\/wp-json\/wp\/v2\/types\/post"}],"author":[{"embeddable":true,"href":"https:\/\/www.sfpf.fr\/actu\/wp-json\/wp\/v2\/users\/29"}],"replies":[{"embeddable":true,"href":"https:\/\/www.sfpf.fr\/actu\/wp-json\/wp\/v2\/comments?post=11591"}],"version-history":[{"count":1,"href":"https:\/\/www.sfpf.fr\/actu\/wp-json\/wp\/v2\/posts\/11591\/revisions"}],"predecessor-version":[{"id":11757,"href":"https:\/\/www.sfpf.fr\/actu\/wp-json\/wp\/v2\/posts\/11591\/revisions\/11757"}],"wp:featuredmedia":[{"embeddable":true,"href":"https:\/\/www.sfpf.fr\/actu\/wp-json\/wp\/v2\/media\/11589"}],"wp:attachment":[{"href":"https:\/\/www.sfpf.fr\/actu\/wp-json\/wp\/v2\/media?parent=11591"}],"wp:term":[{"taxonomy":"category","embeddable":true,"href":"https:\/\/www.sfpf.fr\/actu\/wp-json\/wp\/v2\/categories?post=11591"},{"taxonomy":"post_tag","embeddable":true,"href":"https:\/\/www.sfpf.fr\/actu\/wp-json\/wp\/v2\/tags?post=11591"}],"curies":[{"name":"wp","href":"https:\/\/api.w.org\/{rel}","templated":true}]}}