{"id":11588,"date":"2026-03-09T09:30:00","date_gmt":"2026-03-09T07:30:00","guid":{"rendered":"https:\/\/www.sfpf.fr\/actu\/?p=11588"},"modified":"2026-03-09T09:30:00","modified_gmt":"2026-03-09T07:30:00","slug":"heure-levee-courrier","status":"publish","type":"post","link":"https:\/\/www.sfpf.fr\/actu\/heure-levee-courrier","title":{"rendered":"Heure de lev\u00e9e du courrier : comment conna\u00eetre les horaires de sa bo\u00eete jaune"},"content":{"rendered":"<p>Entre les r\u00e9unions, les d\u00e9placements et les journ\u00e9es qui filent, glisser un courrier dans une bo\u00eete jaune devient un geste millim\u00e9tr\u00e9. L\u2019heure de lev\u00e9e conditionne directement la date d\u2019acheminement, mais les r\u00e8gles ont chang\u00e9, les horaires varient selon les r\u00e9gions et les bo\u00eetes ne fonctionnent plus comme il y a quelques ann\u00e9es.<\/p>\n<p>Des r\u00e9organisations logistiques r\u00e9centes, une chute du volume de lettres, des samedis particuliers : le fonctionnement des bo\u00eetes aux lettres de La Poste repose d\u00e9sormais sur une logique fine, r\u00e9gion par r\u00e9gion, quartier par quartier. En comprenant ces m\u00e9canismes, il devient beaucoup plus simple de choisir la bonne bo\u00eete, au bon moment, pour que son courrier parte le jour m\u00eame.<\/p>\n<div style=\"background:#e6f9e6;border-radius:12px;padding:16px;font-family:Arial,sans-serif;\">\n<table style=\"width:100%;border-collapse:collapse;font-size:14px;\">\n<tr style=\"background:#d4f5d4;font-weight:bold;\">\n<td style=\"padding:8px;border:1px solid #b6e7b6;\">\u00c9l\u00e9ment cl\u00e9<\/td>\n<td style=\"padding:8px;border:1px solid #b6e7b6;\">\u00c0 retenir<\/td>\n<\/tr>\n<tr>\n<td style=\"padding:8px;border:1px solid #b6e7b6;\">Lieu de la bo\u00eete jaune<\/td>\n<td style=\"padding:8px;border:1px solid #b6e7b6;\">Les horaires varient selon l\u2019emplacement (rue, bureau de poste, zone rurale ou urbaine).<\/td>\n<\/tr>\n<tr>\n<td style=\"padding:8px;border:1px solid #b6e7b6;\">Indication sur la bo\u00eete \ud83d\udcee<\/td>\n<td style=\"padding:8px;border:1px solid #b6e7b6;\">Une \u00e9tiquette pr\u00e9cise g\u00e9n\u00e9ralement la derni\u00e8re lev\u00e9e du jour.<\/td>\n<\/tr>\n<tr>\n<td style=\"padding:8px;border:1px solid #b6e7b6;\">Recherche en ligne<\/td>\n<td style=\"padding:8px;border:1px solid #b6e7b6;\">Le site de La Poste permet de v\u00e9rifier les horaires par adresse ou code postal.<\/td>\n<\/tr>\n<tr>\n<td style=\"padding:8px;border:1px solid #b6e7b6;\">Conseil pratique<\/td>\n<td style=\"padding:8px;border:1px solid #b6e7b6;\">D\u00e9poser le courrier plus t\u00f4t en fin de journ\u00e9e pour \u00e9viter le passage d\u00e9j\u00e0 effectu\u00e9.<\/td>\n<\/tr>\n<\/table><\/div>\n<div style=\"max-width:600px;margin:15px auto;text-align:center\">\n<div style=\"position:relative;display:inline-block;width:100%\">\n<p>    <a href=\"https:\/\/www.pinterest.com\/pin\/create\/button\/?media=https:\/\/www.sfpf.fr\/actu\/wp-content\/uploads\/2026\/02\/horairesleveecourrierboitejaune.jpg&#038;url=https:\/\/www.sfpf.fr\/actu\/wp-content\/uploads\/2026\/02\/horairesleveecourrierboitejaune.jpg\"\n      target=\"_blank\"\n      rel=\"noopener\"\n      aria-label=\"Enregistrer l\u2019image sur Pinterest\"\n      style=\"position:absolute;top:10px;right:10px;z-index:5;font-size:22px;line-height:1;text-decoration:none\"\n     class=\"external-link\" target=\"_blank\" rel=\"noopener\"><br \/>\n      \ud83d\udccc<br \/>\n    <\/a><\/p>\n<p>    <img\n      src=\"https:\/\/www.sfpf.fr\/actu\/wp-content\/uploads\/2026\/02\/horairesleveecourrierboitejaune.jpg\"\n      style=\"width:100%;max-height:70vh;object-fit:contain;display:block\"\n      loading=\"eager\"\n      decoding=\"async\"\n    ><\/p><\/div>\n<div style=\"margin-top:6px;display:flex;gap:8px;justify-content:center\">\n<p>    <a\n      href=\"https:\/\/www.sfpf.fr\/actu\/wp-content\/uploads\/2026\/02\/horairesleveecourrierboitejaune.jpg\"\n      class=\"button\"\n      download\n    ><br \/>\n      T\u00e9l\u00e9charger l\u2019image<br \/>\n    <\/a><\/p>\n<p>    <button\n      type=\"button\"\n      class=\"button\"\n      onclick=\"(function(){\n        if (navigator.share) {\n          navigator.share({\n            title: document.title,\n            url: 'https:\/\/www.sfpf.fr\/actu\/wp-content\/uploads\/2026\/02\/horairesleveecourrierboitejaune.jpg'\n          });\n        }\n      })();\"\n    ><br \/>\n      Partager l\u2019image<br \/>\n    <\/button><\/p><\/div>\n<\/div>\n<h2>Heure de lev\u00e9e du courrier : comprendre le nouveau fonctionnement des bo\u00eetes jaunes<\/h2>\n<p>Les bo\u00eetes jaunes ne sont plus relev\u00e9es partout \u00e0 la m\u00eame heure. La Poste adapte d\u00e9sormais les horaires de lev\u00e9e au <strong>volume r\u00e9el de courrier<\/strong>, aux <strong>contraintes de distribution<\/strong> et \u00e0 la <strong>localisation g\u00e9ographique<\/strong>. Cette organisation change la mani\u00e8re d\u2019envoyer une lettre au bon timing, surtout pour un envoi urgent ou un courrier administratif.<\/p>\n<p>Pour \u00e9viter les mauvaises surprises, la bonne strat\u00e9gie consiste \u00e0 combiner trois sources : l\u2019\u00e9tiquette pr\u00e9sente sur la bo\u00eete, les informations officielles en ligne et une compr\u00e9hension globale des nouveaux horaires en France. Ensemble, ces \u00e9l\u00e9ments donnent une vision claire du moment o\u00f9 votre courrier quitte r\u00e9ellement la bo\u00eete.<\/p>\n<div style=\"border:1px solid #f0c040;padding:12px 16px;margin:18px 0;background:#fffaf0;font-size:0.95em;\">\n<strong>Info pratique :<\/strong> l\u2019absence d\u2019\u00ab heure de lev\u00e9e nationale unique \u00bb est d\u00e9sormais assum\u00e9e. Une bo\u00eete \u00e0 quelques rues d\u2019\u00e9cart peut avoir une heure limite diff\u00e9rente. Pour un envoi press\u00e9, comparer deux ou trois bo\u00eetes autour de soi devient un vrai r\u00e9flexe utile.<\/div>\n<h2>Comment conna\u00eetre l\u2019heure de lev\u00e9e de sa bo\u00eete aux lettres jaune<\/h2>\n<p>Chaque bo\u00eete aux lettres publique dispose d\u2019informations directement visibles sur place et compl\u00e9t\u00e9es par les services en ligne de La Poste. En combinant ces sources, on obtient une vision pr\u00e9cise des horaires de lev\u00e9e pour sa zone.<\/p>\n<h3>Lire correctement l\u2019\u00e9tiquette de lev\u00e9e sur la bo\u00eete<\/h3>\n<p>Sur la porte de la bo\u00eete jaune, une \u00e9tiquette mentionne l\u2019<strong>heure limite de d\u00e9p\u00f4t pour un d\u00e9part le jour m\u00eame<\/strong>. Ce rep\u00e8re reste la r\u00e9f\u00e9rence la plus s\u00fbre pour cette bo\u00eete en particulier, m\u00eame si les horaires g\u00e9n\u00e9raux de la r\u00e9gion donnent d\u00e9j\u00e0 une bonne indication.<\/p>\n<p>On trouve g\u00e9n\u00e9ralement sur cette \u00e9tiquette :<\/p>\n<ul>\n<li>l\u2019<strong>heure de lev\u00e9e du lundi au vendredi<\/strong> ;<\/li>\n<li>l\u2019<strong>heure de lev\u00e9e du samedi<\/strong> (lorsqu\u2019il y en a une) ;<\/li>\n<li>parfois une mention particuli\u00e8re pour les <strong>jours f\u00e9ri\u00e9s<\/strong> ;<\/li>\n<li>un num\u00e9ro de contact ou un renvoi vers le site de La Poste.<\/li>\n<\/ul>\n<p>La mention affich\u00e9e sur la bo\u00eete reste prioritaire sur toute information g\u00e9n\u00e9rique trouv\u00e9e ailleurs, car elle tient compte du <strong>tri local<\/strong> et des contraintes de tourn\u00e9e du facteur.<\/p>\n<blockquote><p>\n\u00ab L\u2019heure de lev\u00e9e est indiqu\u00e9e sur chaque bo\u00eete aux lettres. Elle correspond \u00e0 l\u2019heure limite pour que le courrier soit pris en charge le jour m\u00eame. \u00bb\n<\/p><\/blockquote>\n<h3>Utiliser le site laposte.fr pour affiner les horaires<\/h3>\n<p>Le site officiel de La Poste fournit une vue d\u2019ensemble utile, notamment pour les bureaux de poste, agences partenaires et points de contact. L\u2019utilisateur acc\u00e8de en quelques clics :<\/p>\n<ul>\n<li>aux <strong>horaires d\u2019ouverture des bureaux<\/strong> ;<\/li>\n<li>aux <strong>horaires de d\u00e9p\u00f4t limite<\/strong> pour certaines op\u00e9rations ;<\/li>\n<li>aux coordonn\u00e9es et plans d\u2019acc\u00e8s.<\/li>\n<\/ul>\n<p>Pour aller plus loin sur les services postaux du quotidien, un contenu compl\u00e9mentaire sur les prestations et options offertes est disponible via la page <a href=\"\/la-poste-services-guide\/\">guide des services La Poste<\/a>. Cet aper\u00e7u aide \u00e0 choisir la bonne solution selon le type de courrier ou de colis.<\/p>\n<div style=\"border-left:4px solid #0070c9;padding:10px 14px;margin:18px 0;background:#f5f9ff;font-size:0.95em;\">\n<strong>Conseil terrain :<\/strong> en cas de doute entre deux bo\u00eetes (par exemple, une pr\u00e8s du domicile et une pr\u00e8s du bureau), v\u00e9rifier les deux \u00e9tiquettes une fois pour toutes. On rep\u00e8re vite laquelle offre l\u2019heure de lev\u00e9e la plus tardive et on la garde en t\u00eate pour les envois press\u00e9s.<\/div>\n<h3>Localiser une bo\u00eete jaune pr\u00e8s de chez soi<\/h3>\n<p>Avec la r\u00e9duction progressive du nombre de bo\u00eetes aux lettres, rep\u00e9rer le point de d\u00e9p\u00f4t le plus proche devient strat\u00e9gique, surtout en zone rurale ou p\u00e9riurbaine. La recherche de <strong>bo\u00eete jaune pr\u00e8s de moi<\/strong> prend alors tout son sens.<\/p>\n<p>Un contenu d\u00e9di\u00e9 sur la localisation des bo\u00eetes de La Poste est accessible via la page <a href=\"\/boite-jaune-pres-de-moi\/\">bo\u00eete jaune pr\u00e8s de moi<\/a>. On y trouve des indications pour identifier rapidement un point de d\u00e9p\u00f4t, comparer les emplacements et optimiser le trajet quotidien.<\/p>\n<h2>Les nouveaux horaires de lev\u00e9e du courrier en 2026 : panorama par r\u00e9gion<\/h2>\n<p>\u00c0 partir de 2026, les horaires de lev\u00e9e connaissent une r\u00e9organisation structur\u00e9e, avec des r\u00e9f\u00e9rences r\u00e9gionales. Les heures suivantes servent de rep\u00e8res moyens, mais chaque bo\u00eete peut pr\u00e9senter un ajustement local, indiqu\u00e9 sur son \u00e9tiquette.<\/p>\n<table border=\"1\" cellpadding=\"8\" cellspacing=\"0\" style=\"border-collapse:collapse;width:100%;margin:18px 0;font-size:0.95em;\">\n<thead>\n<tr>\n<th>R\u00e9gion<\/th>\n<th>Heure de lev\u00e9e moyenne 2026<\/th>\n<th>Plage habituelle observ\u00e9e<\/th>\n<th>Remarques<\/th>\n<\/tr>\n<\/thead>\n<tbody>\n<tr>\n<td>\u00cele-de-France<\/td>\n<td><strong>12h00<\/strong><\/td>\n<td>entre 11h00 et 13h00<\/td>\n<td>Zones denses, organisation tourn\u00e9e vers le tri m\u00e9canis\u00e9.<\/td>\n<\/tr>\n<tr>\n<td>Occitanie<\/td>\n<td><strong>11h30<\/strong><\/td>\n<td>entre 11h00 et 12h30<\/td>\n<td>Horaires plus pr\u00e9coces dans certaines communes rurales.<\/td>\n<\/tr>\n<tr>\n<td>Bretagne<\/td>\n<td><strong>11h00<\/strong><\/td>\n<td>limite plut\u00f4t basse, autour de 11h<\/td>\n<td>Lev\u00e9es avanc\u00e9es pour optimiser les tourn\u00e9es longues.<\/td>\n<\/tr>\n<tr>\n<td>Grand Est<\/td>\n<td><strong>12h30<\/strong><\/td>\n<td>entre 11h30 et 12h30<\/td>\n<td>\u00c9quilibre entre grandes agglom\u00e9rations et zones frontali\u00e8res.<\/td>\n<\/tr>\n<tr>\n<td>Provence-Alpes-C\u00f4te d&rsquo;Azur<\/td>\n<td><strong>13h00<\/strong><\/td>\n<td>jusqu\u2019\u00e0 13h selon les secteurs<\/td>\n<td>Heures tardives dans plusieurs villes et zones touristiques.<\/td>\n<\/tr>\n<\/tbody>\n<\/table>\n<p>Au-del\u00e0 de ces exemples, la plage de variation officielle se situe <strong>entre 11h et 13h<\/strong>. Chaque bureau ou centre de distribution adapte l\u2019horaire de lev\u00e9e en fonction de :<\/p>\n<ul>\n<li>la <strong>densit\u00e9 de population<\/strong> ;<\/li>\n<li>le <strong>volume de courrier trait\u00e9<\/strong> au quotidien ;<\/li>\n<li>la <strong>distance au centre de tri<\/strong> ;<\/li>\n<li>les contraintes de tourn\u00e9es et de transport.<\/li>\n<\/ul>\n<p>Les r\u00e9gions concern\u00e9es par cette r\u00e9organisation couvrent la quasi-totalit\u00e9 du territoire : Auvergne\u2011Rh\u00f4ne\u2011Alpes, Bourgogne\u2011Franche\u2011Comt\u00e9, Bretagne, Centre\u2011Val de Loire, Corse, Grand Est, Hauts\u2011de\u2011France, \u00cele\u2011de\u2011France, Normandie, Nouvelle\u2011Aquitaine, Occitanie, Pays de la Loire, Provence\u2011Alpes\u2011C\u00f4te d\u2019Azur, ainsi que Martinique, Guadeloupe et La R\u00e9union.<\/p>\n<div style=\"border:1px dashed #999;padding:10px 14px;margin:18px 0;background:#fcfcfc;font-size:0.95em;\">\n<strong>\u00c0 retenir :<\/strong> l\u2019horaire r\u00e9gional donne une tendance. L\u2019horaire r\u00e9el de la bo\u00eete d\u00e9pend n\u00e9anmoins de l\u2019<strong>adaptation locale<\/strong>, d\u00e9cid\u00e9e en fonction des volumes et des itin\u00e9raires du facteur. L\u2019\u00e9tiquette sur la bo\u00eete reste la source finale.<\/div>\n<h2>Pourquoi les horaires de lev\u00e9e ont chang\u00e9 : volumes, co\u00fbts et organisation postale<\/h2>\n<p>Les \u00e9volutions d\u2019horaires de lev\u00e9e s\u2019inscrivent dans un contexte plus vaste : transition num\u00e9rique, recul de la lettre papier, r\u00e9organisation des tourn\u00e9es et enjeux de financement du service postal sur l\u2019ensemble du territoire.<\/p>\n<h3>Une chute marqu\u00e9e du volume de courrier<\/h3>\n<p>Entre 2018 et 2023, le nombre de lettres achemin\u00e9es en France est pass\u00e9 d\u2019environ <strong>18 milliards<\/strong> \u00e0 <strong>6 milliards<\/strong>, soit une baisse de <strong>67 %<\/strong>. Les pr\u00e9visions annoncent moins de <strong>3 milliards<\/strong> de lettres d\u2019ici 2030. Ce glissement massif vers le num\u00e9rique impacte directement la pertinence d\u2019un r\u00e9seau de bo\u00eetes dense, relev\u00e9 \u00e0 horaires serr\u00e9s.<\/p>\n<p>Une \u00e9tude men\u00e9e sur <strong>103 000 bo\u00eetes<\/strong> en 2024 r\u00e9v\u00e8le que :<\/p>\n<ul>\n<li><strong>64 %<\/strong> des bo\u00eetes re\u00e7oivent <strong>moins de 5 courriers par jour<\/strong> ;<\/li>\n<li><strong>49 %<\/strong> re\u00e7oivent m\u00eame <strong>moins de 2 courriers par jour<\/strong>.<\/li>\n<\/ul>\n<p>Dans ces conditions, maintenir des tourn\u00e9es nombreux et des heures de lev\u00e9e tardives dans toutes les communes alourdit les co\u00fbts logistiques sans correspondre au niveau r\u00e9el d\u2019utilisation.<\/p>\n<h3>Une adaptation progressive du nombre de bo\u00eetes jaunes<\/h3>\n<p>Face \u00e0 cette baisse de trafic, le r\u00e9seau de bo\u00eetes aux lettres \u00e9volue. Au niveau national, on comptait environ <strong>122 000 bo\u00eetes<\/strong>. En neuf mois en 2025, une baisse de <strong>5,2 %<\/strong> a \u00e9t\u00e9 enregistr\u00e9e, pour arriver \u00e0 <strong>moins de 115 000 bo\u00eetes<\/strong> fin septembre 2025.<\/p>\n<p>Les suppressions restent concentr\u00e9es dans certains d\u00e9partements, par exemple :<\/p>\n<ul>\n<li>Sa\u00f4ne\u2011et\u2011Loire ;<\/li>\n<li>C\u00f4tes\u2011d\u2019Armor ;<\/li>\n<li>Ni\u00e8vre ;<\/li>\n<li>Puy\u2011de\u2011D\u00f4me ;<\/li>\n<li>Dordogne.<\/li>\n<\/ul>\n<p>En Vend\u00e9e, certaines zones ont vu la disparition d\u2019<strong>une bo\u00eete sur quatre<\/strong>. Ces ajustements s\u2019appuient sur des relev\u00e9s d\u2019utilisation, pour conserver en priorit\u00e9 les bo\u00eetes les plus fr\u00e9quent\u00e9es et rapproch\u00e9es des axes de circulation.<\/p>\n<blockquote><p>\n\u00ab Sur de nombreuses bo\u00eetes, moins de deux lettres sont d\u00e9pos\u00e9es par jour. Les tourn\u00e9es et horaires de lev\u00e9e s\u2019adaptent progressivement \u00e0 cette r\u00e9alit\u00e9 d\u2019usage. \u00bb\n<\/p><\/blockquote>\n<h3>Un service postal encadr\u00e9 par un financement sp\u00e9cifique<\/h3>\n<p>La pr\u00e9sence postale reste un enjeu de politique publique. Un budget annuel de <strong>174 millions d\u2019euros<\/strong> finance le maintien du r\u00e9seau, dans le cadre d\u2019un contrat de pr\u00e9sence postale territoriale engag\u00e9 depuis 2008 et prolong\u00e9 jusqu\u2019\u00e0 la fin 2026.<\/p>\n<p>Le r\u00e9seau postal fran\u00e7ais compte environ <strong>17 000 points de contact<\/strong> (bureaux de poste, agences communales, relais commer\u00e7ants). Les ajustements des horaires de lev\u00e9e s\u2019inscrivent donc dans un compromis : pr\u00e9server une <strong>couverture territoriale large<\/strong> tout en adaptant les moyens \u00e0 l\u2019usage r\u00e9el du courrier.<\/p>\n<div style=\"border-left:4px solid #555;padding:10px 14px;margin:18px 0;background:#f4f4f4;font-size:0.95em;\">\n<strong>Rep\u00e8re utile :<\/strong> m\u00eame en cas de suppression d\u2019une bo\u00eete isol\u00e9e, une solution de d\u00e9p\u00f4t subsiste presque toujours \u00e0 proximit\u00e9 : autre bo\u00eete, bureau de poste ou relais partenaire. Le maillage global reste encadr\u00e9 par le contrat de pr\u00e9sence postale.<\/div>\n<h2>Lev\u00e9e du courrier le samedi : fonctionnement r\u00e9el et id\u00e9es re\u00e7ues<\/h2>\n<p>Le samedi concentre beaucoup de questions : les bo\u00eetes sont\u2011elles relev\u00e9es ? Le courrier part\u2011il r\u00e9ellement le jour m\u00eame ? Les r\u00e9ponses varient selon la localisation et le type d\u2019envoi (lettres simples, recommand\u00e9s, colis).<\/p>\n<h3>Lev\u00e9e du courrier dans les grandes villes le samedi<\/h3>\n<p>Dans certaines grandes agglom\u00e9rations, une <strong>lev\u00e9e le samedi<\/strong> subsiste dans des bureaux ou bo\u00eetes strat\u00e9giques, souvent jusqu\u2019\u00e0 <strong>12h<\/strong>. Cette lev\u00e9e se combine avec une distribution de courrier le matin, sur une plage d\u2019environ <strong>8h \u00e0 12h30<\/strong>.<\/p>\n<p>Pour les colis, les tourn\u00e9es Colissimo du samedi matin couvrent souvent la tranche <strong>9h \u2013 13h<\/strong>, selon les secteurs. L\u2019heure de d\u00e9p\u00f4t avant traitement d\u00e9pend alors du bureau ou du relais utilis\u00e9, d\u2019o\u00f9 l\u2019int\u00e9r\u00eat de v\u00e9rifier les horaires affich\u00e9s localement.<\/p>\n<h3>Et dans les autres communes : lev\u00e9e report\u00e9e au lundi<\/h3>\n<p>En dehors des grandes villes, nombreux sont les secteurs o\u00f9 le courrier d\u00e9pos\u00e9 le samedi est en r\u00e9alit\u00e9 relev\u00e9 <strong>le lundi matin<\/strong>. Les \u00e9tiquettes peuvent mentionner une lev\u00e9e unique \u00ab du lundi au vendredi \u00bb ou pr\u00e9ciser le cas particulier du samedi.<\/p>\n<p>Concr\u00e8tement, pour un courrier urgent d\u00e9pos\u00e9 en milieu de journ\u00e9e le samedi dans une petite commune, le d\u00e9part effectif intervient souvent le lundi. Cette situation allonge m\u00e9caniquement les d\u00e9lais d\u2019acheminement d\u2019un \u00e0 deux jours calendaires.<\/p>\n<div style=\"border:1px solid #c9302c;padding:10px 14px;margin:18px 0;background:#fff5f5;color:#333;font-size:0.95em;\">\n<strong>Point de vigilance samedi :<\/strong> pour un document \u00e0 \u00e9ch\u00e9ance proche (r\u00e9siliation, r\u00e9ponse administrative, dossier \u00e0 date limite), pr\u00e9f\u00e9rer un d\u00e9p\u00f4t <strong>avant l\u2019heure de lev\u00e9e du vendredi<\/strong> ou utiliser un envoi suivi ou recommand\u00e9 depuis un bureau encore ouvert le samedi matin.<\/div>\n<h2>Exemples concrets sur le terrain : communes et bo\u00eetes r\u00e9organis\u00e9es<\/h2>\n<p>La r\u00e9organisation des bo\u00eetes et des horaires se manifeste diff\u00e9remment selon la taille des communes. Quelques cas illustrent ces ajustements.<\/p>\n<h3>Petites communes rurales : rationalisation des tourn\u00e9es<\/h3>\n<p>Dans certaines communes rurales de quelques centaines d\u2019habitants, une bo\u00eete peu utilis\u00e9e conduit souvent \u00e0 des horaires de lev\u00e9e plus pr\u00e9coces ou \u00e0 un regroupement avec une bo\u00eete voisine.<\/p>\n<ul>\n<li><strong>Farges\u2011l\u00e8s\u2011Chalon<\/strong> (environ 820 habitants) illustre ces zones o\u00f9 le trafic de courrier reste limit\u00e9. Une optimisation des points de d\u00e9p\u00f4t conduit parfois \u00e0 concentrer les envois pr\u00e8s de la mairie, de l\u2019\u00e9cole ou d\u2019un commerce de proximit\u00e9.<\/li>\n<li><strong>Moriat<\/strong>, avec moins de 400 habitants, se trouve dans une configuration comparable, o\u00f9 la lev\u00e9e quotidienne s\u2019adapte \u00e0 la r\u00e9alit\u00e9 du volume trait\u00e9.<\/li>\n<\/ul>\n<p>Dans ces communes, la bo\u00eete restante devient un rep\u00e8re central : son emplacement et son horaire de lev\u00e9e prennent une importance accrue pour tous les habitants.<\/p>\n<h3>Villes moyennes : r\u00e9partition plus fine des bo\u00eetes<\/h3>\n<p>Dans les agglom\u00e9rations de plusieurs milliers d\u2019habitants, la logique repose davantage sur une <strong>r\u00e9organisation interne du maillage<\/strong> plut\u00f4t que sur la seule suppression.<\/p>\n<p>\u00c0 <strong>Marsac\u2011sur\u2011l\u2019Isle<\/strong> (environ 3 165 habitants), la commune disposait de 13 bo\u00eetes. Trois ont \u00e9t\u00e9 supprim\u00e9es et trois autres d\u00e9plac\u00e9es vers des emplacements jug\u00e9s plus pertinents (axes passants, commerces, lieux de services). Cette r\u00e9partition vise \u00e0 :<\/p>\n<ul>\n<li>rapprocher les bo\u00eetes des flux r\u00e9els de passage ;<\/li>\n<li>offrir des heures de lev\u00e9e coh\u00e9rentes avec les tourn\u00e9es ;<\/li>\n<li>maintenir une accessibilit\u00e9 raisonnable pour les habitants.<\/li>\n<\/ul>\n<p>Les horaires de lev\u00e9e conserv\u00e9s sur les bo\u00eetes restantes viennent alors s\u2019aligner avec les nouveaux circuits de collecte, pour garantir un circuit courrier coh\u00e9rent.<\/p>\n<h2>Comment optimiser l\u2019envoi de son courrier avec les nouvelles heures de lev\u00e9e<\/h2>\n<p>Comprendre les horaires de lev\u00e9e permet de mieux organiser ses envois quotidiens, qu\u2019il s\u2019agisse de courrier personnel, de documents administratifs ou d\u2019\u00e9changes professionnels sensibles aux d\u00e9lais.<\/p>\n<h3>Adopter le bon r\u00e9flexe horaire selon le type d\u2019envoi<\/h3>\n<p>Pour un courrier prioritaire, quelques r\u00e8gles simples am\u00e9liorent la fiabilit\u00e9 du d\u00e9lai :<\/p>\n<ul>\n<li>viser un <strong>d\u00e9p\u00f4t avant l\u2019heure de lev\u00e9e affich\u00e9e<\/strong>, id\u00e9alement avec une marge de 30 minutes ;<\/li>\n<li>privil\u00e9gier une <strong>bo\u00eete \u00e0 heure de lev\u00e9e tardive<\/strong> dans le quartier, identifi\u00e9e \u00e0 l\u2019avance ;<\/li>\n<li>utiliser un <strong>bureau de poste<\/strong> lorsque l\u2019on a besoin d\u2019un horodatage (recommand\u00e9, d\u00e9p\u00f4t contre preuve) ;<\/li>\n<li>anticiper le cas particulier des <strong>week\u2011ends et jours f\u00e9ri\u00e9s<\/strong>.<\/li>\n<\/ul>\n<p>Pour les \u00e9changes ne n\u00e9cessitant pas de preuve d\u2019exp\u00e9dition mais sensibles en d\u00e9lai (factures, dossiers, relances), combiner le courrier avec un suivi en ligne ou un envoi num\u00e9rique parall\u00e8le rassure souvent l\u2019interlocuteur.<\/p>\n<h3>Comparer bo\u00eetes, bureaux et services annexes<\/h3>\n<p>L\u2019utilisateur dispose de plusieurs canaux d\u2019envoi. La lev\u00e9e en bo\u00eete jaune reste un mode de d\u00e9p\u00f4t de proximit\u00e9, mais d\u2019autres solutions compl\u00e8tent le dispositif :<\/p>\n<ul>\n<li><strong>Bureau de poste<\/strong> : d\u00e9p\u00f4t jusqu\u2019\u00e0 l\u2019heure limite de traitement interne, souvent un peu plus tardive que la lev\u00e9e des bo\u00eetes voisines ;<\/li>\n<li><strong>Relais commer\u00e7ant<\/strong> : pratique pour les colis et certains services, avec des horaires parfois \u00e9tendus en soir\u00e9e ;<\/li>\n<li><strong>Services en ligne<\/strong> de La Poste : affranchissement \u00e0 domicile, lettre en ligne imprim\u00e9e et distribu\u00e9e par le r\u00e9seau postal.<\/li>\n<\/ul>\n<p>Pour comprendre tout l\u2019\u00e9ventail des solutions propos\u00e9es, la page <a href=\"\/la-poste-services-guide\/\">La Poste services guide<\/a> fournit un panorama utile : types d\u2019envois, options de suivi, assurances, services num\u00e9riques.<\/p>\n<div style=\"border:1px solid #0c8f42;padding:10px 14px;margin:18px 0;background:#f3fff7;font-size:0.95em;\">\n<strong>Astuce organisation :<\/strong> noter dans son agenda les deux ou trois points d\u2019envoi habituels (bo\u00eete la plus tardive, bureau de poste avec ses horaires, relais colis pr\u00e9f\u00e9r\u00e9). En cas d\u2019impr\u00e9vu, le choix du bon point de d\u00e9p\u00f4t se fait en quelques secondes.<\/div>\n<h2>Questions fr\u00e9quentes autour des heures de lev\u00e9e du courrier<\/h2>\n<p>Plusieurs interrogations reviennent r\u00e9guli\u00e8rement d\u00e8s qu\u2019il s\u2019agit d\u2019horaires de lev\u00e9e et de d\u00e9lais d\u2019acheminement. Les \u00e9l\u00e9ments ci\u2011dessous synth\u00e9tisent les situations les plus courantes.<\/p>\n<h3>Mon courrier est\u2011il forc\u00e9ment exp\u00e9di\u00e9 le jour m\u00eame ?<\/h3>\n<p>Un courrier d\u00e9pos\u00e9 <strong>avant l\u2019heure de lev\u00e9e affich\u00e9e<\/strong> est pris en charge dans la tourn\u00e9e du jour. L\u2019acheminement vers le centre de tri intervient ensuite dans la foul\u00e9e, selon l\u2019organisation locale.<\/p>\n<p>Un courrier d\u00e9pos\u00e9 <strong>apr\u00e8s l\u2019heure de lev\u00e9e<\/strong> reste dans la bo\u00eete jusqu\u2019\u00e0 la prochaine tourn\u00e9e. En pratique, cela signifie souvent un d\u00e9part le lendemain, voire apr\u00e8s le week\u2011end si le d\u00e9p\u00f4t a lieu un samedi apr\u00e8s la derni\u00e8re lev\u00e9e.<\/p>\n<h3>Pourquoi l\u2019heure de lev\u00e9e diff\u00e8re\u2011t\u2011elle entre deux bo\u00eetes proches ?<\/h3>\n<p>Deux bo\u00eetes \u00e0 quelques centaines de m\u00e8tres peuvent pr\u00e9senter des horaires diff\u00e9rents. Cette diff\u00e9rence s\u2019explique par :<\/p>\n<ul>\n<li>leur <strong>int\u00e9gration sur des tourn\u00e9es distinctes<\/strong> ;<\/li>\n<li>leur <strong>niveau de fr\u00e9quentation<\/strong> ;<\/li>\n<li>leur <strong>distance au point de collecte principal<\/strong> ;<\/li>\n<li>les contraintes de circulation (zones pi\u00e9tonnes, acc\u00e8s limit\u00e9, stationnement compliqu\u00e9).<\/li>\n<\/ul>\n<p>La bo\u00eete situ\u00e9e sur un axe plus accessible ou mieux int\u00e9gr\u00e9 au parcours du facteur b\u00e9n\u00e9ficie souvent d\u2019une lev\u00e9e plus tardive.<\/p>\n<h3>Comment suivre l\u2019\u00e9volution des horaires et des points de d\u00e9p\u00f4t ?<\/h3>\n<p>Les changements d\u2019horaires ou de localisation des bo\u00eetes font l\u2019objet d\u2019une <strong>mise \u00e0 jour de l\u2019\u00e9tiquette<\/strong> sur place et d\u2019une adaptation des informations diffus\u00e9es via les canaux officiels (site, affichage en bureau).<\/p>\n<p>Pour rester \u00e0 jour :<\/p>\n<ul>\n<li>v\u00e9rifier ponctuellement les \u00e9tiquettes des bo\u00eetes que l\u2019on utilise le plus ;<\/li>\n<li>consulter les informations en ligne avant un envoi sensible en d\u00e9lai ;<\/li>\n<li>se renseigner en bureau de poste lors d\u2019une visite, notamment en cas de travaux ou de r\u00e9am\u00e9nagement urbain.<\/li>\n<\/ul>\n<blockquote><p>\n\u00ab L\u2019heure de lev\u00e9e indiqu\u00e9e sur la bo\u00eete constitue la r\u00e9f\u00e9rence op\u00e9rationnelle. En cas de modification, c\u2019est ce support qui refl\u00e8te le plus directement la r\u00e9alit\u00e9 de la tourn\u00e9e. \u00bb\n<\/p><\/blockquote>\n<h2>Heure de lev\u00e9e, derni\u00e8re lev\u00e9e et d\u00e9lai d\u2019acheminement : bien articuler les trois<\/h2>\n<p>L\u2019heure mentionn\u00e9e sur la bo\u00eete ne repr\u00e9sente qu\u2019un des param\u00e8tres du d\u00e9lai global. La <strong>derni\u00e8re lev\u00e9e<\/strong> dans la zone, les heures de fonctionnement du centre de tri et la destination du courrier interviennent aussi dans l\u2019\u00e9quation.<\/p>\n<p>Pour approfondir la notion de derni\u00e8re rel\u00e8ve dans votre secteur, un contenu compl\u00e9mentaire est disponible via la page <a href=\"\/derniere-levee-la-poste\/\">derni\u00e8re lev\u00e9e La Poste<\/a>. Elle \u00e9claire les horaires limites de prise en charge dans la journ\u00e9e, au\u2011del\u00e0 de la seule bo\u00eete de quartier.<\/p>\n<p>En articulant ces informations, chacun ajuste sa strat\u00e9gie d\u2019envoi : choisir la bonne bo\u00eete, respecter l\u2019horaire de lev\u00e9e, tenir compte des week\u2011ends, et, si n\u00e9cessaire, s\u2019appuyer sur un bureau ou un service en ligne pour s\u00e9curiser un d\u00e9lai pr\u00e9cis.<\/p>\n","protected":false},"excerpt":{"rendered":"","protected":false},"author":29,"featured_media":11586,"comment_status":"open","ping_status":"","sticky":false,"template":"","format":"standard","meta":{"_acf_changed":false,"subtitle":"","footnotes":""},"categories":[520],"tags":[],"class_list":["post-11588","post","type-post","status-publish","format-standard","has-post-thumbnail","hentry","category-conseils","generate-columns","tablet-grid-50","mobile-grid-100","grid-parent","grid-33"],"acf":false,"yoast_head":"<!-- This site is optimized with the Yoast SEO plugin v25.8 - https:\/\/yoast.com\/wordpress\/plugins\/seo\/ -->\n<title>Heure de lev\u00e9e du courrier : comment conna\u00eetre les horaires de sa bo\u00eete jaune | SFPF<\/title>\n<meta name=\"description\" content=\"Entre les r\u00e9unions, les d\u00e9placements et les journ\u00e9es qui filent, glisser un courrier dans une bo\u00eete jaune devient un geste millim\u00e9tr\u00e9. L\u2019heure de lev\u00e9e\" \/>\n<meta name=\"robots\" content=\"index, follow, max-snippet:-1, max-image-preview:large, max-video-preview:-1\" \/>\n<link rel=\"canonical\" href=\"https:\/\/www.sfpf.fr\/actu\/heure-levee-courrier\" \/>\n<meta property=\"og:locale\" content=\"fr_FR\" \/>\n<meta property=\"og:type\" content=\"article\" \/>\n<meta property=\"og:title\" content=\"Heure de lev\u00e9e du courrier : comment conna\u00eetre les horaires de sa bo\u00eete jaune | SFPF\" \/>\n<meta property=\"og:description\" content=\"Entre les r\u00e9unions, les d\u00e9placements et les journ\u00e9es qui filent, glisser un courrier dans une bo\u00eete jaune devient un geste millim\u00e9tr\u00e9. L\u2019heure de lev\u00e9e\" \/>\n<meta property=\"og:url\" content=\"https:\/\/www.sfpf.fr\/actu\/heure-levee-courrier\" \/>\n<meta property=\"og:site_name\" content=\"SFPF\" \/>\n<meta property=\"article:published_time\" content=\"2026-03-09T07:30:00+00:00\" \/>\n<meta property=\"og:image\" content=\"https:\/\/www.sfpf.fr\/actu\/wp-content\/uploads\/2026\/02\/unnamed-file-2-scaled.png\" \/>\n\t<meta property=\"og:image:width\" content=\"1200\" \/>\n\t<meta property=\"og:image:height\" content=\"673\" \/>\n\t<meta property=\"og:image:type\" content=\"image\/png\" \/>\n<meta name=\"author\" content=\"Laredac\" \/>\n<meta name=\"twitter:card\" content=\"summary_large_image\" \/>\n<meta name=\"twitter:label1\" content=\"\u00c9crit par\" \/>\n\t<meta name=\"twitter:data1\" content=\"Laredac\" \/>\n\t<meta name=\"twitter:label2\" content=\"Dur\u00e9e de lecture estim\u00e9e\" \/>\n\t<meta name=\"twitter:data2\" content=\"16 minutes\" \/>\n<script type=\"application\/ld+json\" class=\"yoast-schema-graph\">{\"@context\":\"https:\/\/schema.org\",\"@graph\":[{\"@type\":\"NewsArticle\",\"@id\":\"https:\/\/www.sfpf.fr\/actu\/heure-levee-courrier#article\",\"isPartOf\":{\"@id\":\"https:\/\/www.sfpf.fr\/actu\/heure-levee-courrier\"},\"author\":{\"name\":\"Laredac\",\"@id\":\"https:\/\/www.sfpf.fr\/actu\/#\/schema\/person\/bd87396233d24e5e46c39394bfc2a378\"},\"headline\":\"Heure de lev\u00e9e du courrier : comment conna\u00eetre les horaires de sa bo\u00eete jaune\",\"datePublished\":\"2026-03-09T07:30:00+00:00\",\"mainEntityOfPage\":{\"@id\":\"https:\/\/www.sfpf.fr\/actu\/heure-levee-courrier\"},\"wordCount\":3237,\"commentCount\":0,\"publisher\":{\"@id\":\"https:\/\/www.sfpf.fr\/actu\/#organization\"},\"image\":{\"@id\":\"https:\/\/www.sfpf.fr\/actu\/heure-levee-courrier#primaryimage\"},\"thumbnailUrl\":\"https:\/\/www.sfpf.fr\/actu\/wp-content\/uploads\/2026\/02\/unnamed-file-2-scaled.png\",\"articleSection\":[\"Conseils\"],\"inLanguage\":\"fr-FR\",\"potentialAction\":[{\"@type\":\"CommentAction\",\"name\":\"Comment\",\"target\":[\"https:\/\/www.sfpf.fr\/actu\/heure-levee-courrier#respond\"]}]},{\"@type\":\"WebPage\",\"@id\":\"https:\/\/www.sfpf.fr\/actu\/heure-levee-courrier\",\"url\":\"https:\/\/www.sfpf.fr\/actu\/heure-levee-courrier\",\"name\":\"Heure de lev\u00e9e du courrier : comment conna\u00eetre les horaires de sa bo\u00eete jaune | SFPF\",\"isPartOf\":{\"@id\":\"https:\/\/www.sfpf.fr\/actu\/#website\"},\"primaryImageOfPage\":{\"@id\":\"https:\/\/www.sfpf.fr\/actu\/heure-levee-courrier#primaryimage\"},\"image\":{\"@id\":\"https:\/\/www.sfpf.fr\/actu\/heure-levee-courrier#primaryimage\"},\"thumbnailUrl\":\"https:\/\/www.sfpf.fr\/actu\/wp-content\/uploads\/2026\/02\/unnamed-file-2-scaled.png\",\"datePublished\":\"2026-03-09T07:30:00+00:00\",\"description\":\"Entre les r\u00e9unions, les d\u00e9placements et les journ\u00e9es qui filent, glisser un courrier dans une bo\u00eete jaune devient un geste millim\u00e9tr\u00e9. L\u2019heure de lev\u00e9e\",\"breadcrumb\":{\"@id\":\"https:\/\/www.sfpf.fr\/actu\/heure-levee-courrier#breadcrumb\"},\"inLanguage\":\"fr-FR\",\"potentialAction\":[{\"@type\":\"ReadAction\",\"target\":[\"https:\/\/www.sfpf.fr\/actu\/heure-levee-courrier\"]}]},{\"@type\":\"ImageObject\",\"inLanguage\":\"fr-FR\",\"@id\":\"https:\/\/www.sfpf.fr\/actu\/heure-levee-courrier#primaryimage\",\"url\":\"https:\/\/www.sfpf.fr\/actu\/wp-content\/uploads\/2026\/02\/unnamed-file-2-scaled.png\",\"contentUrl\":\"https:\/\/www.sfpf.fr\/actu\/wp-content\/uploads\/2026\/02\/unnamed-file-2-scaled.png\",\"width\":1200,\"height\":673},{\"@type\":\"BreadcrumbList\",\"@id\":\"https:\/\/www.sfpf.fr\/actu\/heure-levee-courrier#breadcrumb\",\"itemListElement\":[{\"@type\":\"ListItem\",\"position\":1,\"name\":\"Accueil\",\"item\":\"https:\/\/www.sfpf.fr\/actu\"},{\"@type\":\"ListItem\",\"position\":2,\"name\":\"Conseils\",\"item\":\"https:\/\/www.sfpf.fr\/actu\/categorie\/conseils\"},{\"@type\":\"ListItem\",\"position\":3,\"name\":\"Heure de lev\u00e9e du courrier : comment conna\u00eetre les horaires de sa bo\u00eete jaune\"}]},{\"@type\":\"WebSite\",\"@id\":\"https:\/\/www.sfpf.fr\/actu\/#website\",\"url\":\"https:\/\/www.sfpf.fr\/actu\/\",\"name\":\"SFPF\",\"description\":\"\",\"publisher\":{\"@id\":\"https:\/\/www.sfpf.fr\/actu\/#organization\"},\"potentialAction\":[{\"@type\":\"SearchAction\",\"target\":{\"@type\":\"EntryPoint\",\"urlTemplate\":\"https:\/\/www.sfpf.fr\/actu\/?s={search_term_string}\"},\"query-input\":{\"@type\":\"PropertyValueSpecification\",\"valueRequired\":true,\"valueName\":\"search_term_string\"}}],\"inLanguage\":\"fr-FR\"},{\"@type\":\"Organization\",\"@id\":\"https:\/\/www.sfpf.fr\/actu\/#organization\",\"name\":\"SFPF\",\"url\":\"https:\/\/www.sfpf.fr\/actu\/\",\"logo\":{\"@type\":\"ImageObject\",\"inLanguage\":\"fr-FR\",\"@id\":\"https:\/\/www.sfpf.fr\/actu\/#\/schema\/logo\/image\/\",\"url\":\"https:\/\/www.sfpf.fr\/actu\/wp-content\/uploads\/2025\/09\/media.png\",\"contentUrl\":\"https:\/\/www.sfpf.fr\/actu\/wp-content\/uploads\/2025\/09\/media.png\",\"width\":178,\"height\":100,\"caption\":\"SFPF\"},\"image\":{\"@id\":\"https:\/\/www.sfpf.fr\/actu\/#\/schema\/logo\/image\/\"}},{\"@type\":\"Person\",\"@id\":\"https:\/\/www.sfpf.fr\/actu\/#\/schema\/person\/bd87396233d24e5e46c39394bfc2a378\",\"name\":\"Laredac\",\"image\":{\"@type\":\"ImageObject\",\"inLanguage\":\"fr-FR\",\"@id\":\"https:\/\/www.sfpf.fr\/actu\/#\/schema\/person\/image\/\",\"url\":\"https:\/\/www.sfpf.fr\/actu\/wp-content\/uploads\/2025\/09\/Design-sans-titre-10.jpg\",\"contentUrl\":\"https:\/\/www.sfpf.fr\/actu\/wp-content\/uploads\/2025\/09\/Design-sans-titre-10.jpg\",\"caption\":\"Laredac\"},\"description\":\"La R\u00e9daction, c\u2019est une petite \u00e9quipe de b\u00e9n\u00e9voles curieux et passionn\u00e9s. Si chacun cultive ses propres centres d\u2019int\u00e9r\u00eat \u2014 timbres fiscaux, monnaies, documents anciens ou objets de collection en tout genre \u2014 tous partagent le go\u00fbt de la d\u00e9couverte, de l\u2019authentique et du savoir bien transmis. Attach\u00e9e \u00e0 la qualit\u00e9 de l\u2019information, la r\u00e9daction s\u2019attache \u00e0 couvrir l\u2019actualit\u00e9 des collections, les nouveaut\u00e9s du march\u00e9, les tendances, mais aussi les \u00e9v\u00e9nements, publications et projets li\u00e9s \u00e0 l\u2019univers du patrimoine et de la culture. Sans se prendre trop au s\u00e9rieux, La R\u00e9dac veille \u00e0 proposer un contenu fiable, vivant et accessible \u00e0 tous les curieux, collectionneurs ou simples amateurs.\",\"url\":\"https:\/\/www.sfpf.fr\/actu\/author\/laredac\"}]}<\/script>\n<!-- \/ Yoast SEO plugin. -->","yoast_head_json":{"title":"Heure de lev\u00e9e du courrier : comment conna\u00eetre les horaires de sa bo\u00eete jaune | SFPF","description":"Entre les r\u00e9unions, les d\u00e9placements et les journ\u00e9es qui filent, glisser un courrier dans une bo\u00eete jaune devient un geste millim\u00e9tr\u00e9. L\u2019heure de lev\u00e9e","robots":{"index":"index","follow":"follow","max-snippet":"max-snippet:-1","max-image-preview":"max-image-preview:large","max-video-preview":"max-video-preview:-1"},"canonical":"https:\/\/www.sfpf.fr\/actu\/heure-levee-courrier","og_locale":"fr_FR","og_type":"article","og_title":"Heure de lev\u00e9e du courrier : comment conna\u00eetre les horaires de sa bo\u00eete jaune | SFPF","og_description":"Entre les r\u00e9unions, les d\u00e9placements et les journ\u00e9es qui filent, glisser un courrier dans une bo\u00eete jaune devient un geste millim\u00e9tr\u00e9. L\u2019heure de lev\u00e9e","og_url":"https:\/\/www.sfpf.fr\/actu\/heure-levee-courrier","og_site_name":"SFPF","article_published_time":"2026-03-09T07:30:00+00:00","og_image":[{"width":1200,"height":673,"url":"https:\/\/www.sfpf.fr\/actu\/wp-content\/uploads\/2026\/02\/unnamed-file-2-scaled.png","type":"image\/png"}],"author":"Laredac","twitter_card":"summary_large_image","twitter_misc":{"\u00c9crit par":"Laredac","Dur\u00e9e de lecture estim\u00e9e":"16 minutes"},"schema":{"@context":"https:\/\/schema.org","@graph":[{"@type":"NewsArticle","@id":"https:\/\/www.sfpf.fr\/actu\/heure-levee-courrier#article","isPartOf":{"@id":"https:\/\/www.sfpf.fr\/actu\/heure-levee-courrier"},"author":{"name":"Laredac","@id":"https:\/\/www.sfpf.fr\/actu\/#\/schema\/person\/bd87396233d24e5e46c39394bfc2a378"},"headline":"Heure de lev\u00e9e du courrier : comment conna\u00eetre les horaires de sa bo\u00eete jaune","datePublished":"2026-03-09T07:30:00+00:00","mainEntityOfPage":{"@id":"https:\/\/www.sfpf.fr\/actu\/heure-levee-courrier"},"wordCount":3237,"commentCount":0,"publisher":{"@id":"https:\/\/www.sfpf.fr\/actu\/#organization"},"image":{"@id":"https:\/\/www.sfpf.fr\/actu\/heure-levee-courrier#primaryimage"},"thumbnailUrl":"https:\/\/www.sfpf.fr\/actu\/wp-content\/uploads\/2026\/02\/unnamed-file-2-scaled.png","articleSection":["Conseils"],"inLanguage":"fr-FR","potentialAction":[{"@type":"CommentAction","name":"Comment","target":["https:\/\/www.sfpf.fr\/actu\/heure-levee-courrier#respond"]}]},{"@type":"WebPage","@id":"https:\/\/www.sfpf.fr\/actu\/heure-levee-courrier","url":"https:\/\/www.sfpf.fr\/actu\/heure-levee-courrier","name":"Heure de lev\u00e9e du courrier : comment conna\u00eetre les horaires de sa bo\u00eete jaune | SFPF","isPartOf":{"@id":"https:\/\/www.sfpf.fr\/actu\/#website"},"primaryImageOfPage":{"@id":"https:\/\/www.sfpf.fr\/actu\/heure-levee-courrier#primaryimage"},"image":{"@id":"https:\/\/www.sfpf.fr\/actu\/heure-levee-courrier#primaryimage"},"thumbnailUrl":"https:\/\/www.sfpf.fr\/actu\/wp-content\/uploads\/2026\/02\/unnamed-file-2-scaled.png","datePublished":"2026-03-09T07:30:00+00:00","description":"Entre les r\u00e9unions, les d\u00e9placements et les journ\u00e9es qui filent, glisser un courrier dans une bo\u00eete jaune devient un geste millim\u00e9tr\u00e9. L\u2019heure de lev\u00e9e","breadcrumb":{"@id":"https:\/\/www.sfpf.fr\/actu\/heure-levee-courrier#breadcrumb"},"inLanguage":"fr-FR","potentialAction":[{"@type":"ReadAction","target":["https:\/\/www.sfpf.fr\/actu\/heure-levee-courrier"]}]},{"@type":"ImageObject","inLanguage":"fr-FR","@id":"https:\/\/www.sfpf.fr\/actu\/heure-levee-courrier#primaryimage","url":"https:\/\/www.sfpf.fr\/actu\/wp-content\/uploads\/2026\/02\/unnamed-file-2-scaled.png","contentUrl":"https:\/\/www.sfpf.fr\/actu\/wp-content\/uploads\/2026\/02\/unnamed-file-2-scaled.png","width":1200,"height":673},{"@type":"BreadcrumbList","@id":"https:\/\/www.sfpf.fr\/actu\/heure-levee-courrier#breadcrumb","itemListElement":[{"@type":"ListItem","position":1,"name":"Accueil","item":"https:\/\/www.sfpf.fr\/actu"},{"@type":"ListItem","position":2,"name":"Conseils","item":"https:\/\/www.sfpf.fr\/actu\/categorie\/conseils"},{"@type":"ListItem","position":3,"name":"Heure de lev\u00e9e du courrier : comment conna\u00eetre les horaires de sa bo\u00eete jaune"}]},{"@type":"WebSite","@id":"https:\/\/www.sfpf.fr\/actu\/#website","url":"https:\/\/www.sfpf.fr\/actu\/","name":"SFPF","description":"","publisher":{"@id":"https:\/\/www.sfpf.fr\/actu\/#organization"},"potentialAction":[{"@type":"SearchAction","target":{"@type":"EntryPoint","urlTemplate":"https:\/\/www.sfpf.fr\/actu\/?s={search_term_string}"},"query-input":{"@type":"PropertyValueSpecification","valueRequired":true,"valueName":"search_term_string"}}],"inLanguage":"fr-FR"},{"@type":"Organization","@id":"https:\/\/www.sfpf.fr\/actu\/#organization","name":"SFPF","url":"https:\/\/www.sfpf.fr\/actu\/","logo":{"@type":"ImageObject","inLanguage":"fr-FR","@id":"https:\/\/www.sfpf.fr\/actu\/#\/schema\/logo\/image\/","url":"https:\/\/www.sfpf.fr\/actu\/wp-content\/uploads\/2025\/09\/media.png","contentUrl":"https:\/\/www.sfpf.fr\/actu\/wp-content\/uploads\/2025\/09\/media.png","width":178,"height":100,"caption":"SFPF"},"image":{"@id":"https:\/\/www.sfpf.fr\/actu\/#\/schema\/logo\/image\/"}},{"@type":"Person","@id":"https:\/\/www.sfpf.fr\/actu\/#\/schema\/person\/bd87396233d24e5e46c39394bfc2a378","name":"Laredac","image":{"@type":"ImageObject","inLanguage":"fr-FR","@id":"https:\/\/www.sfpf.fr\/actu\/#\/schema\/person\/image\/","url":"https:\/\/www.sfpf.fr\/actu\/wp-content\/uploads\/2025\/09\/Design-sans-titre-10.jpg","contentUrl":"https:\/\/www.sfpf.fr\/actu\/wp-content\/uploads\/2025\/09\/Design-sans-titre-10.jpg","caption":"Laredac"},"description":"La R\u00e9daction, c\u2019est une petite \u00e9quipe de b\u00e9n\u00e9voles curieux et passionn\u00e9s. Si chacun cultive ses propres centres d\u2019int\u00e9r\u00eat \u2014 timbres fiscaux, monnaies, documents anciens ou objets de collection en tout genre \u2014 tous partagent le go\u00fbt de la d\u00e9couverte, de l\u2019authentique et du savoir bien transmis. Attach\u00e9e \u00e0 la qualit\u00e9 de l\u2019information, la r\u00e9daction s\u2019attache \u00e0 couvrir l\u2019actualit\u00e9 des collections, les nouveaut\u00e9s du march\u00e9, les tendances, mais aussi les \u00e9v\u00e9nements, publications et projets li\u00e9s \u00e0 l\u2019univers du patrimoine et de la culture. Sans se prendre trop au s\u00e9rieux, La R\u00e9dac veille \u00e0 proposer un contenu fiable, vivant et accessible \u00e0 tous les curieux, collectionneurs ou simples amateurs.","url":"https:\/\/www.sfpf.fr\/actu\/author\/laredac"}]}},"_links":{"self":[{"href":"https:\/\/www.sfpf.fr\/actu\/wp-json\/wp\/v2\/posts\/11588","targetHints":{"allow":["GET"]}}],"collection":[{"href":"https:\/\/www.sfpf.fr\/actu\/wp-json\/wp\/v2\/posts"}],"about":[{"href":"https:\/\/www.sfpf.fr\/actu\/wp-json\/wp\/v2\/types\/post"}],"author":[{"embeddable":true,"href":"https:\/\/www.sfpf.fr\/actu\/wp-json\/wp\/v2\/users\/29"}],"replies":[{"embeddable":true,"href":"https:\/\/www.sfpf.fr\/actu\/wp-json\/wp\/v2\/comments?post=11588"}],"version-history":[{"count":1,"href":"https:\/\/www.sfpf.fr\/actu\/wp-json\/wp\/v2\/posts\/11588\/revisions"}],"predecessor-version":[{"id":11756,"href":"https:\/\/www.sfpf.fr\/actu\/wp-json\/wp\/v2\/posts\/11588\/revisions\/11756"}],"wp:featuredmedia":[{"embeddable":true,"href":"https:\/\/www.sfpf.fr\/actu\/wp-json\/wp\/v2\/media\/11586"}],"wp:attachment":[{"href":"https:\/\/www.sfpf.fr\/actu\/wp-json\/wp\/v2\/media?parent=11588"}],"wp:term":[{"taxonomy":"category","embeddable":true,"href":"https:\/\/www.sfpf.fr\/actu\/wp-json\/wp\/v2\/categories?post=11588"},{"taxonomy":"post_tag","embeddable":true,"href":"https:\/\/www.sfpf.fr\/actu\/wp-json\/wp\/v2\/tags?post=11588"}],"curies":[{"name":"wp","href":"https:\/\/api.w.org\/{rel}","templated":true}]}}