{"id":11576,"date":"2026-03-07T10:45:00","date_gmt":"2026-03-07T08:45:00","guid":{"rendered":"https:\/\/www.sfpf.fr\/actu\/?p=11576"},"modified":"2026-03-07T10:45:00","modified_gmt":"2026-03-07T08:45:00","slug":"lettre-recommandee-tarif","status":"publish","type":"post","link":"https:\/\/www.sfpf.fr\/actu\/lettre-recommandee-tarif","title":{"rendered":"Lettre recommand\u00e9e : tarif, proc\u00e9dure et suivi en 2026"},"content":{"rendered":"<p>La lettre recommand\u00e9e en 2026 reste l\u2019outil de r\u00e9f\u00e9rence pour donner une date certaine \u00e0 un envoi, s\u00e9curiser un contrat, contester une facture ou envoyer un pr\u00e9avis. Entre les niveaux de recommandation R1, R2 et R3, les options d\u2019avis de r\u00e9ception et les d\u00e9lais pour d\u00e9poser une r\u00e9clamation, chaque choix impacte le co\u00fbt et la port\u00e9e juridique de votre courrier.<\/p><p>Les nouveaux tarifs, les conditions d\u2019indemnisation, ainsi que les proc\u00e9dures en bureau de poste et en ligne \u00e9voluent. En comprenant pr\u00e9cis\u00e9ment les r\u00e8gles applicables en 2026, vous gagnez en efficacit\u00e9, vous limitez les risques de litige et vous ajustez au mieux vos envois \u00e0 votre situation.<\/p><table style='width:100%; border-collapse:collapse; font-family:Arial; font-size:14px; overflow-x:auto; display:block; border:1px solid #ddd;'>\n  <thead style='background:#f2f2f2;'>\n    <tr>\n      <th style='padding:10px; border:1px solid #ddd;'>\u00c9l\u00e9ment cl\u00e9<\/th>\n      <th style='padding:10px; border:1px solid #ddd;'>Ce qu\u2019il faut retenir en 2026<\/th>\n      <th style='padding:10px; border:1px solid #ddd;'>Astuce pratique<\/th>\n    <\/tr>\n  <\/thead>\n  <tbody>\n    <tr>\n      <td style='padding:10px; border:1px solid #ddd;'>D\u00e9lais typiques<\/td>\n      <td style='padding:10px; border:1px solid #ddd;'>1 \u00e0 3 jours ouvr\u00e9s selon le niveau recommand\u00e9 (R1 \u00e0 R3)<\/td>\n      <td style='padding:10px; border:1px solid #ddd;'>Envoyez avant 15h pour optimiser les d\u00e9lais<\/td>\n    <\/tr>\n    <tr>\n      <td style='padding:10px; border:1px solid #ddd;'>Niveaux de recommandation<\/td>\n      <td style='padding:10px; border:1px solid #ddd;'>R1 : info \/ R2 : preuve renforc\u00e9e \/ R3 : valeur juridique maximale<\/td>\n      <td style='padding:10px; border:1px solid #ddd;'>Choisissez R2 pour les litiges courants, R3 pour le juridique sensible<\/td>\n    <\/tr>\n    <tr>\n      <td style='padding:10px; border:1px solid #ddd;'>Preuve de d\u00e9p\u00f4t<\/td>\n      <td style='padding:10px; border:1px solid #ddd;'>Fournie imm\u00e9diatement en bureau ou g\u00e9n\u00e9r\u00e9e automatiquement en ligne<\/td>\n      <td style='padding:10px; border:1px solid #ddd;'>Conservez-la num\u00e9riquement, elle fait foi l\u00e9galement<\/td>\n    <\/tr>\n    <tr>\n      <td style='padding:10px; border:1px solid #ddd;'>Accus\u00e9 de r\u00e9ception<\/td>\n      <td style='padding:10px; border:1px solid #ddd;'>Disponible en papier ou version \u00e9lectronique<\/td>\n      <td style='padding:10px; border:1px solid #ddd;'>La version num\u00e9rique est plus rapide et archivable facilement<\/td>\n    <\/tr>\n    <tr>\n      <td style='padding:10px; border:1px solid #ddd;'>Suivi du courrier<\/td>\n      <td style='padding:10px; border:1px solid #ddd;'>Accessible en temps r\u00e9el via num\u00e9ro de suivi<\/td>\n      <td style='padding:10px; border:1px solid #ddd;'>Activez les notifications SMS pour ne rien manquer<\/td>\n    <\/tr>\n  <\/tbody>\n<\/table><div style=\"max-width:600px;margin:15px auto;text-align:center\">\n\n  <div style=\"position:relative;display:inline-block;width:100%\">\n\n    <a href=\"https:\/\/www.pinterest.com\/pin\/create\/button\/?media=https:\/\/www.sfpf.fr\/actu\/wp-content\/uploads\/2026\/02\/lettre_recommandee_tarif_procedure_suivi_2026.jpg&#038;url=https:\/\/www.sfpf.fr\/actu\/wp-content\/uploads\/2026\/02\/lettre_recommandee_tarif_procedure_suivi_2026.jpg\"\n      target=\"_blank\"\n      rel=\"noopener\"\n      aria-label=\"Enregistrer l\u2019image sur Pinterest\"\n      style=\"position:absolute;top:10px;right:10px;z-index:5;font-size:22px;line-height:1;text-decoration:none\"\n     class=\"external-link\" target=\"_blank\" rel=\"noopener\">\n      \ud83d\udccc\n    <\/a>\n\n    <img\n      src=\"https:\/\/www.sfpf.fr\/actu\/wp-content\/uploads\/2026\/02\/lettre_recommandee_tarif_procedure_suivi_2026.jpg\"\n      style=\"width:100%;max-height:70vh;object-fit:contain;display:block\"\n      loading=\"eager\"\n      decoding=\"async\"\n    >\n\n  <\/div>\n\n  <div style=\"margin-top:6px;display:flex;gap:8px;justify-content:center\">\n\n    <a\n      href=\"https:\/\/www.sfpf.fr\/actu\/wp-content\/uploads\/2026\/02\/lettre_recommandee_tarif_procedure_suivi_2026.jpg\"\n      class=\"button\"\n      download\n    >\n      T\u00e9l\u00e9charger l\u2019image\n    <\/a>\n\n    <button\n      type=\"button\"\n      class=\"button\"\n      onclick=\"(function(){\n        if (navigator.share) {\n          navigator.share({\n            title: document.title,\n            url: 'https:\/\/www.sfpf.fr\/actu\/wp-content\/uploads\/2026\/02\/lettre_recommandee_tarif_procedure_suivi_2026.jpg'\n          });\n        }\n      })();\"\n    >\n      Partager l\u2019image\n    <\/button>\n\n  <\/div>\n\n<\/div>\n\n\n<div id=\"lrCalc2026-container\">\n<style>\n#lrCalc2026-container{max-width:680px;margin:30px auto;font-family:-apple-system,BlinkMacSystemFont,\"Segoe UI\",Roboto,sans-serif;background:#F7F7F7;border-radius:16px;padding:28px 24px;box-sizing:border-box;border-top:6px solid #FFD500;box-shadow:0 4px 24px rgba(0,0,0,.1)}\n#lrCalc2026-container *{box-sizing:border-box;margin:0;padding:0}\n#lrCalc2026-title{text-align:center;color:#003DA5;font-size:1.25rem;margin-bottom:22px;line-height:1.4}\n#lrCalc2026-form{display:grid;grid-template-columns:1fr 1fr;gap:16px}\n.lrCalc2026-field{display:flex;flex-direction:column;gap:6px}\n.lrCalc2026-field.lrCalc2026-full{grid-column:1\/-1}\n.lrCalc2026-label{font-size:.85rem;font-weight:600;color:#222}\n.lrCalc2026-select,.lrCalc2026-input{width:100%;padding:10px 12px;border:2px solid #d0d0d0;border-radius:8px;font-size:.95rem;color:#222;background:#fff;transition:border-color .2s;appearance:auto;-webkit-appearance:auto}\n.lrCalc2026-select:focus,.lrCalc2026-input:focus{outline:none;border-color:#003DA5}\n.lrCalc2026-checkbox-wrap{display:flex;align-items:center;gap:10px;padding-top:6px}\n.lrCalc2026-checkbox-wrap input[type=checkbox]{width:20px;height:20px;accent-color:#003DA5;cursor:pointer}\n.lrCalc2026-checkbox-wrap label{font-size:.95rem;color:#222;cursor:pointer;font-weight:500}\n#lrCalc2026-results{margin-top:22px;background:#fff;border-radius:12px;padding:22px 20px;border-left:5px solid #FFD500;box-shadow:0 2px 12px rgba(0,0,0,.06)}\n#lrCalc2026-results h6{font-size:1rem;color:#003DA5;margin-bottom:14px;font-weight:700;text-transform:uppercase;letter-spacing:.5px}\n.lrCalc2026-row{display:flex;justify-content:space-between;align-items:center;padding:9px 0;border-bottom:1px solid #eee;font-size:.9rem}\n.lrCalc2026-row:last-child{border-bottom:none}\n.lrCalc2026-row-label{color:#555;font-weight:500}\n.lrCalc2026-row-value{color:#222;font-weight:700;text-align:right}\n.lrCalc2026-price-main{font-size:1.5rem;color:#003DA5;animation:lrCalc2026-pulse .4s ease}\n.lrCalc2026-price-total{font-size:1.3rem;color:#b8860b}\n@keyframes lrCalc2026-pulse{0%{transform:scale(.92);opacity:.5}100%{transform:scale(1);opacity:1}}\n#lrCalc2026-row-total{display:none}\n#lrCalc2026-resetBtn{display:block;margin:18px auto 0;padding:10px 28px;background:#003DA5;color:#fff;border:none;border-radius:8px;font-size:.9rem;font-weight:600;cursor:pointer;transition:background .2s}\n#lrCalc2026-resetBtn:hover{background:#002a7a}\n#lrCalc2026-info{margin-top:16px;padding:12px 16px;background:#FFFDE7;border-radius:8px;border:1px solid #FFD500;font-size:.8rem;color:#555;line-height:1.5}\n@media(max-width:520px){#lrCalc2026-form{grid-template-columns:1fr}.lrCalc2026-field.lrCalc2026-full{grid-column:auto}#lrCalc2026-container{padding:20px 16px;margin:16px 10px}}\n<\/style>\n\n<h5 id=\"lrCalc2026-title\">Calculateur de Tarif de Lettre Recommandee 2026<\/h5>\n\n<div id=\"lrCalc2026-form\">\n<div class=\"lrCalc2026-field\">\n<span class=\"lrCalc2026-label\">Niveau de recommandation<\/span>\n<select id=\"lrCalc2026-niveau\" class=\"lrCalc2026-select\">\n<option value=\"R1\">R1 &#8211; Indemnisation forfaitaire (16 EUR)<\/option>\n<option value=\"R2\">R2 &#8211; Indemnisation jusqu a 153 EUR<\/option>\n<option value=\"R3\">R3 &#8211; Indemnisation jusqu a 458 EUR<\/option>\n<\/select>\n<\/div>\n<div class=\"lrCalc2026-field\">\n<span class=\"lrCalc2026-label\">Poids de l envoi<\/span>\n<select id=\"lrCalc2026-poids\" class=\"lrCalc2026-select\">\n<option value=\"20\">Jusqu a 20g<\/option>\n<option value=\"100\">Jusqu a 100g<\/option>\n<option value=\"250\">Jusqu a 250g<\/option>\n<option value=\"500\">Jusqu a 500g<\/option>\n<option value=\"3000\">Jusqu a 3kg<\/option>\n<\/select>\n<\/div>\n<div class=\"lrCalc2026-field\">\n<span class=\"lrCalc2026-label\">Destination<\/span>\n<select id=\"lrCalc2026-dest\" class=\"lrCalc2026-select\">\n<option value=\"metro\">France metropolitaine<\/option>\n<option value=\"outremer\">Outre-mer<\/option>\n<option value=\"europe\">Europe<\/option>\n<\/select>\n<\/div>\n<div class=\"lrCalc2026-field\">\n<span class=\"lrCalc2026-label\">Nombre de lettres<\/span>\n<input type=\"number\" id=\"lrCalc2026-nombre\" class=\"lrCalc2026-input\" value=\"1\" min=\"1\" max=\"50\">\n<\/div>\n<div class=\"lrCalc2026-field lrCalc2026-full\">\n<div class=\"lrCalc2026-checkbox-wrap\">\n<input type=\"checkbox\" id=\"lrCalc2026-ar\">\n<label for=\"lrCalc2026-ar\">Avis de reception (AR) : + 1,66 EUR<\/label>\n<\/div>\n<\/div>\n<\/div>\n\n<div id=\"lrCalc2026-results\">\n<h6>Recapitulatif<\/h6>\n<div class=\"lrCalc2026-row\">\n<span class=\"lrCalc2026-row-label\">Tarif unitaire<\/span>\n<span class=\"lrCalc2026-row-value lrCalc2026-price-main\" id=\"lrCalc2026-unitaire\">5,36 EUR<\/span>\n<\/div>\n<div class=\"lrCalc2026-row\" id=\"lrCalc2026-row-total\">\n<span class=\"lrCalc2026-row-label\">Tarif total<\/span>\n<span class=\"lrCalc2026-row-value lrCalc2026-price-total\" id=\"lrCalc2026-total\">5,36 EUR<\/span>\n<\/div>\n<div class=\"lrCalc2026-row\">\n<span class=\"lrCalc2026-row-label\">Niveau d indemnisation<\/span>\n<span class=\"lrCalc2026-row-value\" id=\"lrCalc2026-indem\">Forfaitaire : 16 EUR<\/span>\n<\/div>\n<div class=\"lrCalc2026-row\">\n<span class=\"lrCalc2026-row-label\">Supplement AR<\/span>\n<span class=\"lrCalc2026-row-value\" id=\"lrCalc2026-arInfo\">Non demande<\/span>\n<\/div>\n<div class=\"lrCalc2026-row\">\n<span class=\"lrCalc2026-row-label\">Delai estime<\/span>\n<span class=\"lrCalc2026-row-value\" id=\"lrCalc2026-delai\">2 jours ouvrables (J+2)<\/span>\n<\/div>\n<div class=\"lrCalc2026-row\">\n<span class=\"lrCalc2026-row-label\">Conservation en bureau<\/span>\n<span class=\"lrCalc2026-row-value\" id=\"lrCalc2026-conservation\">15 jours calendaires<\/span>\n<\/div>\n<\/div>\n\n<button id=\"lrCalc2026-resetBtn\" type=\"button\">Reinitialiser<\/button>\n\n<div id=\"lrCalc2026-info\">\nTarifs La Poste 2026 pour la France metropolitaine. Les tarifs outre-mer et Europe peuvent varier selon la destination exacte. La duree de conservation est de 15 jours calendaires a compter du lendemain de la premiere presentation.\n<\/div>\n\n<script>\n(function(){\nvar tarifs={\nR1:{sansAR:{20:5.36,100:6.59,250:7.49,500:8.49,3000:10.10},avecAR:{20:7.02,100:8.25,250:9.15,500:10.15,3000:11.76}},\nR2:{sansAR:{20:5.96,100:7.19,250:8.09,500:9.09,3000:10.70},avecAR:{20:7.62,100:8.85,250:9.75,500:10.75,3000:12.36}},\nR3:{sansAR:{20:6.55,100:7.78,250:8.68,500:9.68,3000:11.29},avecAR:{20:8.21,100:9.44,250:10.34,500:11.34,3000:12.95}}\n};\nvar indemnisation={R1:\"Forfaitaire : 16 EUR\",R2:\"Jusqu a 153 EUR\",R3:\"Jusqu a 458 EUR\"};\nvar delais={metro:\"2 jours ouvrables (J+2)\",outremer:\"5 a 8 jours ouvrables\",europe:\"3 a 5 jours ouvrables\"};\n\nvar elNiveau=document.getElementById(\"lrCalc2026-niveau\");\nvar elPoids=document.getElementById(\"lrCalc2026-poids\");\nvar elAr=document.getElementById(\"lrCalc2026-ar\");\nvar elDest=document.getElementById(\"lrCalc2026-dest\");\nvar elNombre=document.getElementById(\"lrCalc2026-nombre\");\nvar elUnitaire=document.getElementById(\"lrCalc2026-unitaire\");\nvar elTotal=document.getElementById(\"lrCalc2026-total\");\nvar elRowTotal=document.getElementById(\"lrCalc2026-row-total\");\nvar elIndem=document.getElementById(\"lrCalc2026-indem\");\nvar elArInfo=document.getElementById(\"lrCalc2026-arInfo\");\nvar elDelai=document.getElementById(\"lrCalc2026-delai\");\n\nfunction fmt(n){return n.toFixed(2).replace(\".\",\",\")+\" EUR\";}\n\nfunction calc(){\nvar niveau=elNiveau.value;\nvar poids=elPoids.value;\nvar ar=elAr.checked;\nvar dest=elDest.value;\nvar nb=parseInt(elNombre.value,10);\nif(isNaN(nb)||nb<1){nb=1;elNombre.value=1;}\nif(nb>50){nb=50;elNombre.value=50;}\n\nvar grille=ar?tarifs[niveau].avecAR:tarifs[niveau].sansAR;\nvar prix=grille[poids];\nvar total=prix*nb;\n\nelUnitaire.textContent=fmt(prix);\nelUnitaire.style.animation=\"none\";\nvoid elUnitaire.offsetWidth;\nelUnitaire.style.animation=\"lrCalc2026-pulse .4s ease\";\n\nelTotal.textContent=fmt(total);\nelRowTotal.style.display=nb>1?\"flex\":\"none\";\n\nelIndem.textContent=indemnisation[niveau];\nelArInfo.textContent=ar?\"Inclus (1,66 EUR)\":\"Non demande\";\nelDelai.textContent=delais[dest];\n}\n\nelNiveau.addEventListener(\"change\",calc);\nelPoids.addEventListener(\"change\",calc);\nelAr.addEventListener(\"change\",calc);\nelDest.addEventListener(\"change\",calc);\nelNombre.addEventListener(\"input\",calc);\n\ndocument.getElementById(\"lrCalc2026-resetBtn\").addEventListener(\"click\",function(){\nelNiveau.value=\"R1\";\nelPoids.value=\"20\";\nelAr.checked=false;\nelDest.value=\"metro\";\nelNombre.value=1;\ncalc();\n});\n\ncalc();\n})();\n<\/script>\n<\/div>\n\n <h2>Lettre recommand\u00e9e 2026 : d\u00e9finition, usages et cadre juridique<\/h2><p>La <strong>lettre recommand\u00e9e<\/strong> constitue un mode d\u2019envoi postal avec suivi renforc\u00e9 et preuve de d\u00e9p\u00f4t. En 2026, ce service conserve une dimension juridique forte : il permet d\u2019attester la date d\u2019envoi, de tracer le parcours du courrier et, avec certaines options, de prouver la remise au destinataire.<\/p><p>Ce canal reste privil\u00e9gi\u00e9 pour les d\u00e9marches sensibles : relations avec l\u2019administration, r\u00e9siliation de contrats, relations bailleur\/locataire, litiges commerciaux, \u00e9changes entre professionnels, notifications officielles ou encore envois d\u2019\u00e9l\u00e9ments probants dans un dossier contentieux.<\/p><blockquote>\u00ab La lettre recommand\u00e9e donne une date certaine \u00e0 l\u2019envoi et, le cas \u00e9ch\u00e9ant, \u00e0 la r\u00e9ception d\u2019un courrier. Elle renforce la valeur probante des \u00e9changes entre particuliers, professionnels et administrations. \u00bb<\/blockquote><p>Le recours \u00e0 la recommandation \u00e9vite de nombreux malentendus : contestation de r\u00e9ception, discussion sur les d\u00e9lais de pr\u00e9avis, perte de documents sensibles. L\u2019envoi recommand\u00e9 introduit une trace structur\u00e9e, exploitable devant un juge, un m\u00e9diateur ou un service contentieux.<\/p><h2>Tarifs de la lettre recommand\u00e9e en 2026 : R1, R2, R3 et options<\/h2><p>Les <strong>tarifs 2026<\/strong> de la lettre recommand\u00e9e en France varient selon le niveau de recommandation (R1, R2, R3) et le poids du courrier. Chaque niveau correspond \u00e0 un plafond d\u2019indemnisation distinct en cas de perte ou d\u2019endommagement.<\/p><h3>Grille des tarifs lettre recommand\u00e9e 2026 en France<\/h3><p>Voici une synth\u00e8se des prix pour un envoi national jusqu\u2019\u00e0 2 kg :<\/p><table><thead><tr><th>Poids<\/th><th>R1<\/th><th>R2<\/th><th>R3<\/th><\/tr><\/thead><tbody><tr><td>Jusqu\u2019\u00e0 20 g<\/td><td>6,11 \u20ac<\/td><td>7,29 \u20ac<\/td><td>8,97 \u20ac<\/td><\/tr><tr><td>Jusqu\u2019\u00e0 50 g<\/td><td>6,98 \u20ac<\/td><td>8,07 \u20ac<\/td><td>9,67 \u20ac<\/td><\/tr><tr><td>Jusqu\u2019\u00e0 100 g<\/td><td>7,88 \u20ac<\/td><td>8,97 \u20ac<\/td><td>10,54 \u20ac<\/td><\/tr><tr><td>Jusqu\u2019\u00e0 250 g<\/td><td>9,63 \u20ac<\/td><td>10,73 \u20ac<\/td><td>12,42 \u20ac<\/td><\/tr><tr><td>Jusqu\u2019\u00e0 500 g<\/td><td>11,32 \u20ac<\/td><td>12,35 \u20ac<\/td><td>13,90 \u20ac<\/td><\/tr><tr><td>Jusqu\u2019\u00e0 1 kg<\/td><td>13,02 \u20ac<\/td><td>14,11 \u20ac<\/td><td>15,65 \u20ac<\/td><\/tr><tr><td>Jusqu\u2019\u00e0 2 kg<\/td><td>15,42 \u20ac<\/td><td>16,48 \u20ac<\/td><td>18,18 \u20ac<\/td><\/tr><\/tbody><\/table><p>Le choix entre R1, R2 et R3 ne se limite pas au prix. Il conditionne le montant d\u2019indemnisation en cas d\u2019incident, l\u2019adaptation \u00e0 la valeur des documents envoy\u00e9s et la strat\u00e9gie de preuve envisag\u00e9e.<\/p><h3>\u00c9volution du tarif lettre recommand\u00e9e 20 g entre 2025 et 2026<\/h3><p>Pour un envoi R1 jusqu\u2019\u00e0 20 g, le tarif \u00e9volue comme suit :<\/p><table><thead><tr><th>Ann\u00e9e<\/th><th>Tarif R1 20 g<\/th><th>\u00c9volution<\/th><\/tr><\/thead><tbody><tr><td>2025<\/td><td>5,74 \u20ac<\/td><td>R\u00e9f\u00e9rence<\/td><\/tr><tr><td>2026<\/td><td>6,11 \u20ac<\/td><td>+ 0,37 \u20ac (+ 6,45 %)<\/td><\/tr><\/tbody><\/table><p>Cette progression refl\u00e8te \u00e0 la fois l\u2019augmentation g\u00e9n\u00e9rale des co\u00fbts postaux et la valorisation du service de suivi et de tra\u00e7abilit\u00e9. Pour des envois fr\u00e9quents, une anticipation budg\u00e9taire s\u2019impose, notamment pour les professionnels, syndics, avocats ou services RH.<\/p><div style=\"border:1px solid #e1e1e1;padding:12px 14px;margin:18px 0;background:#fafafa;\"><strong>Conseil pratique :<\/strong> pour les courriers simples sans n\u00e9cessit\u00e9 de forte indemnisation, \u00e9valuez l\u2019int\u00e9r\u00eat d\u2019une <a href=\"\/tarif-lettre-suivie\/\">lettre suivie<\/a>. Le co\u00fbt reste plus mod\u00e9r\u00e9 qu\u2019une recommand\u00e9e, tout en offrant un suivi d\u00e9taill\u00e9.<\/div><h2>Niveaux de recommandation R1, R2, R3 : quelle protection en 2026 ?<\/h2><p>En 2026, trois niveaux structurent la lettre recommand\u00e9e nationale : <strong>R1<\/strong>, <strong>R2<\/strong> et <strong>R3<\/strong>. Leur diff\u00e9rence tient principalement \u00e0 l\u2019indemnisation propos\u00e9e en cas de perte ou d\u2019endommagement de l\u2019envoi.<\/p><h3>Montants d\u2019indemnisation en France en fonction du niveau<\/h3><p>Les plafonds d\u2019indemnisation France sont les suivants :<\/p><ul><li><strong>R1<\/strong> : 16 \u20ac d\u2019indemnisation<\/li><li><strong>R2<\/strong> : 153 \u20ac d\u2019indemnisation<\/li><li><strong>R3<\/strong> : 458 \u20ac d\u2019indemnisation<\/li><\/ul><p>Ces montants s\u2019appliquent lorsque les conditions d\u2019indemnisation sont r\u00e9unies (perte reconnue, dommage av\u00e9r\u00e9, respect des d\u00e9lais de r\u00e9clamation). Le niveau R3 offre la couverture la plus \u00e9lev\u00e9e, adapt\u00e9e aux documents \u00e0 forte valeur probante ou financi\u00e8re.<\/p><h3>Quand choisir R1, R2 ou R3 ?<\/h3><p>Pour orienter le choix du niveau de recommandation, la valeur des documents et l\u2019enjeu juridique guident la d\u00e9cision :<\/p><ul><li><strong>R1<\/strong> : envois courants, correspondances administratives simples, r\u00e9siliations standards, \u00e9changes sans enjeu financier marqu\u00e9.<\/li><li><strong>R2<\/strong> : dossiers contenant des \u00e9l\u00e9ments contractuels, pi\u00e8ces justificatives financi\u00e8res, documents juridiques impliquant un risque mod\u00e9r\u00e9.<\/li><li><strong>R3<\/strong> : actes sensibles, \u00e9changes li\u00e9s \u00e0 des montants importants, litiges complexes, documents pouvant servir de pivot dans une proc\u00e9dure contentieuse.<\/li><\/ul><p>Un envoi recommand\u00e9 ne couvre pas la valeur affective d\u2019un document. La r\u00e9flexion doit s\u2019orienter vers la valeur juridique ou financi\u00e8re du contenu et les \u00e9ventuels recours \u00e0 engager en cas de probl\u00e8me de distribution.<\/p><div style=\"border:1px solid #f0d19b;padding:12px 14px;margin:18px 0;background:#fff9f0;\"><strong>\u00c0 retenir :<\/strong> la recommandation n\u2019\u00e9quivaut pas \u00e0 une assurance tous risques. L\u2019indemnisation reste forfaitaire, encadr\u00e9e par des plafonds. Pour des valeurs mat\u00e9rielles \u00e9lev\u00e9es, un autre mode d\u2019envoi assur\u00e9 ou s\u00e9curis\u00e9 doit \u00eatre envisag\u00e9.<\/div><h2>Avis de r\u00e9ception (AR) en 2026 : utilit\u00e9, tarif et valeur de preuve<\/h2><p>L\u2019<strong>avis de r\u00e9ception<\/strong> constitue une option compl\u00e9mentaire \u00e0 la lettre recommand\u00e9e. Il permet de prouver la <strong>date de remise<\/strong> au destinataire, avec un document sign\u00e9, physique ou num\u00e9rique, qui confirme la r\u00e9ception.<\/p><p>En 2026, le prix de l\u2019avis de r\u00e9ception est fix\u00e9 \u00e0 <strong>1,45 \u20ac<\/strong>, \u00e0 ajouter au tarif de base de la lettre recommand\u00e9e. Ce surco\u00fbt reste limit\u00e9 au regard de l\u2019enjeu juridique d\u2019un accus\u00e9 de r\u00e9ception dans de nombreux contextes.<\/p><blockquote>\u00ab L\u2019avis de r\u00e9ception agit comme un accus\u00e9 de r\u00e9ception officiel. Il mat\u00e9rialise la date de remise et l\u2019identit\u00e9 du signataire, donnant une force suppl\u00e9mentaire \u00e0 la preuve d\u2019envoi. \u00bb<\/blockquote><p>L\u2019AR se r\u00e9v\u00e8le pertinent dans plusieurs cas :<\/p><ul><li>lettres de r\u00e9siliation (assurance, abonnement, bail, etc.) ;<\/li><li>mises en demeure, rappels avant contentieux, sommations amiables ;<\/li><li>notifications de d\u00e9cision ou d\u2019opposition ;<\/li><li>\u00e9changes contractuels strat\u00e9giques entre entreprises.<\/li><\/ul><p>Le choix d\u2019un AR rassure l\u2019exp\u00e9diteur et structure la relation en cas de litige. L\u2019absence d\u2019avis de r\u00e9ception n\u2019annule pas la valeur de la lettre recommand\u00e9e, mais r\u00e9duit la solidit\u00e9 de la preuve quant \u00e0 la date exacte de remise.<\/p><h2>Conditions de couverture et cas d\u2019indemnisation en 2026<\/h2><p>La lettre recommand\u00e9e ne donne pas droit automatiquement \u00e0 une indemnisation. En 2026, plusieurs <strong>conditions de couverture<\/strong> structurent le r\u00e9gime d\u2019indemnisation, tant pour les envois nationaux qu\u2019internationaux.<\/p><h3>Situations ouvrant droit \u00e0 indemnisation<\/h3><p>Les conditions d\u2019indemnisation s\u2019articulent autour de plusieurs cas :<\/p><ul><li><strong>Perte ou endommagement<\/strong> du courrier, av\u00e9r\u00e9s et reconnus par le service postal ;<\/li><li><strong>D\u00e9faut de suivi<\/strong> manifeste, lorsque l\u2019absence de tra\u00e7abilit\u00e9 compromet la distribution ;<\/li><li><strong>Indemnisation r\u00e9serv\u00e9e \u00e0 l\u2019exp\u00e9diteur<\/strong> : seul l\u2019exp\u00e9diteur peut formuler la demande, et non le destinataire.<\/li><\/ul><p>Les situations de simple retard ne donnent pas syst\u00e9matiquement droit \u00e0 indemnisation. La preuve du dommage subi par l\u2019exp\u00e9diteur reste complexe \u00e0 \u00e9tablir pour un simple d\u00e9calage de d\u00e9lai.<\/p><h3>Conditions de couverture et preuves exig\u00e9es<\/h3><p>Pour b\u00e9n\u00e9ficier d\u2019une prise en charge, plusieurs \u00e9l\u00e9ments doivent \u00eatre r\u00e9unis :<\/p><ul><li><strong>Preuve de date d\u2019envoi<\/strong> : fournie par le r\u00e9c\u00e9piss\u00e9 \u00e9mis lors du d\u00e9p\u00f4t en bureau de poste ou via la preuve de d\u00e9p\u00f4t en ligne ;<\/li><li><strong>Preuve de date de r\u00e9ception<\/strong> (si AR) : avis de r\u00e9ception sign\u00e9, papier ou \u00e9lectronique ;<\/li><li><strong>Suivi 24h\/24<\/strong> : consultation des scans et \u00e9tapes de distribution sur l\u2019outil de suivi en ligne ;<\/li><li><strong>Valeur juridique<\/strong> : conformit\u00e9 des pi\u00e8ces et coh\u00e9rence entre valeur d\u00e9clar\u00e9e et niveau de recommandation.<\/li><\/ul><div style=\"border:1px solid #c4e0ff;padding:12px 14px;margin:18px 0;background:#f5f9ff;\"><strong>Point de vigilance :<\/strong> conserver soigneusement le r\u00e9c\u00e9piss\u00e9 et, le cas \u00e9ch\u00e9ant, l\u2019avis de r\u00e9ception. Sans ces documents, la d\u00e9marche d\u2019indemnisation devient complexe, voire impossible.<\/div><h3>Indemnisation \u00e0 l\u2019international : R1 et R2<\/h3><p>Pour les envois recommand\u00e9s \u00e0 l\u2019international, les niveaux d\u2019indemnisation s\u2019ajustent :<\/p><ul><li><strong>R1 international<\/strong> : 45 \u20ac d\u2019indemnisation ;<\/li><li><strong>R2 international<\/strong> : 150 \u20ac d\u2019indemnisation.<\/li><\/ul><p>Ces plafonds restent indicatifs et peuvent varier selon les accords bilat\u00e9raux et les conditions locales de distribution. Pour des documents \u00e0 enjeu financier fort, une r\u00e9flexion approfondie sur le canal d\u2019envoi s\u2019impose.<\/p><h2>Proc\u00e9dure : comment envoyer une lettre recommand\u00e9e en 2026<\/h2><p>En 2026, l\u2019envoi d\u2019une lettre recommand\u00e9e suit un processus ma\u00eetrisable aussi bien en bureau de poste qu\u2019en ligne. Chaque \u00e9tape influe sur la qualit\u00e9 de la preuve, le niveau de tra\u00e7abilit\u00e9 et la satisfaction des exigences l\u00e9gales.<\/p><h3>Envoi en bureau de poste : \u00e9tapes cl\u00e9s<\/h3><p>En agence postale, la proc\u00e9dure reste structur\u00e9e :<\/p><ul><li>pr\u00e9paration du courrier : r\u00e9daction du contenu, insertion dans l\u2019enveloppe, v\u00e9rification de l\u2019adresse du destinataire ;<\/li><li>choix du type d\u2019envoi : R1, R2, R3, avec ou sans avis de r\u00e9ception ;<\/li><li>pes\u00e9e du courrier : d\u00e9termination de la tranche de poids (jusqu\u2019\u00e0 2 kg) et calcul du tarif ;<\/li><li>\u00e9dition du r\u00e9c\u00e9piss\u00e9 : remise de la preuve de d\u00e9p\u00f4t avec num\u00e9ro de suivi ;<\/li><li>affranchissement : apposition de l\u2019\u00e9tiquette de suivi et des mentions n\u00e9cessaires.<\/li><\/ul><p>Le guichetier accompagne l\u2019exp\u00e9diteur dans le choix du niveau de recommandation adapt\u00e9 \u00e0 la nature de l\u2019envoi et au risque encouru. Un envoi insuffisamment affranchi ou mal renseign\u00e9 entra\u00eene retards et erreurs de distribution.<\/p><h3>Options et tarif de base R1 sans AR<\/h3><p>Pour un envoi de base en R1 20 g sans avis de r\u00e9ception, le tarif de r\u00e9f\u00e9rence affiche <strong>5,37 \u20ac<\/strong> en tant que socle de calcul. L\u2019ajout de l\u2019AR (1,45 \u20ac) et l\u2019\u00e9volution des tranches de poids ajustent le prix final.<\/p><div style=\"border:1px solid #ddd;padding:12px 14px;margin:18px 0;background:#fefefe;\"><strong>Astuce organisationnelle :<\/strong> pour les envois r\u00e9currents (loyers, notifications, convocations), pr\u00e9parez des mod\u00e8les de lettres et une liste d\u2019adresses valid\u00e9es. Cette pr\u00e9paration r\u00e9duit les erreurs et acc\u00e9l\u00e8re chaque passage au guichet.<\/div><h3>Proc\u00e9dure en ligne et services num\u00e9riques associ\u00e9s<\/h3><p>Les services postaux modernisent progressivement l\u2019envoi de lettres recommand\u00e9es via des interfaces web s\u00e9curis\u00e9es. Ces plateformes permettent :<\/p><ul><li>la saisie de l\u2019adresse du destinataire et le t\u00e9l\u00e9chargement de documents ;<\/li><li>le choix du niveau de recommandation et des options (AR, suivi d\u00e9taill\u00e9) ;<\/li><li>le paiement en ligne et l\u2019obtention imm\u00e9diate d\u2019une preuve de d\u00e9p\u00f4t \u00e9lectronique ;<\/li><li>le suivi en temps r\u00e9el et l\u2019archivage num\u00e9rique des preuves.<\/li><\/ul><p>Pour approfondir les services propos\u00e9s, les modalit\u00e9s de d\u00e9p\u00f4t, les sp\u00e9cificit\u00e9s de certains envois (lettre suivie, lettre recommand\u00e9e \u00e9lectronique, affranchissement en ligne), un passage par la page guide <a href=\"\/la-poste-services-guide\/\">La Poste : services et guide pratique<\/a> permet d\u2019affiner les choix.<\/p><h2>Poids, format et limites techniques en 2026<\/h2><p>La lettre recommand\u00e9e ob\u00e9it \u00e0 des <strong>contraintes de poids et de format<\/strong> strictes. Pour 2026, le poids maximal autoris\u00e9 s\u2019\u00e9l\u00e8ve \u00e0 <strong>2 kg<\/strong>. Au-del\u00e0, un autre type d\u2019envoi (colis, envoi sp\u00e9cifique, service express) doit \u00eatre envisag\u00e9.<\/p><p>Le respect de ces limites garantit une manipulation adapt\u00e9e dans les centres de tri, une distribution standardis\u00e9e et une compatibilit\u00e9 avec les dispositifs de suivi automatis\u00e9. Les documents volumineux, dossiers reli\u00e9s ou pi\u00e8ces annexes nombreuses exigent une pes\u00e9e rigoureuse avant affranchissement.<\/p><div style=\"border:1px solid #ffe1e1;padding:12px 14px;margin:18px 0;background:#fff8f8;\"><strong>Attention :<\/strong> un d\u00e9passement de poids ou un emballage non conforme provoque des retards, voire un retour \u00e0 l\u2019exp\u00e9diteur. Une v\u00e9rification pr\u00e9alable en bureau de poste \u00e9vite ces d\u00e9sagr\u00e9ments.<\/div><h2>D\u00e9lais de livraison et fiabilit\u00e9 du service recommand\u00e9<\/h2><p>Le <strong>d\u00e9lai indicatif de livraison<\/strong> d\u2019une lettre recommand\u00e9e nationale en 2026 s\u2019\u00e9tablit \u00e0 <strong>J+3<\/strong>. Un courrier d\u00e9pos\u00e9 au jour J atteint donc en principe le destinataire dans un d\u00e9lai de trois jours ouvrables, selon les conditions de trafic et l\u2019adresse desservie.<\/p><p>Ce d\u00e9lai reste indicatif. Des variations ponctuelles surviennent en p\u00e9riode de forte activit\u00e9, en zones rurales \u00e9loign\u00e9es ou en cas d\u2019al\u00e9as logistiques (intemp\u00e9ries, gr\u00e8ves, incidents techniques). Le suivi en ligne donne une vision pr\u00e9cise de la progression du courrier.<\/p><blockquote>\u00ab Le suivi d\u2019une lettre recommand\u00e9e ne garantit pas une distribution \u00e0 date fixe, mais offre une transparence sur les \u00e9tapes de prise en charge, d\u2019acheminement et de remise. \u00bb<\/blockquote><p>Pour des envois tr\u00e8s urgents, une comparaison avec d\u2019autres solutions (express, lettre suivie prioritaire, services sp\u00e9cifiques) s\u2019impose. Une <a href=\"\/tarif-timbre-2026\/\">consultation des tarifs timbre 2026<\/a> aide \u00e0 arbitrer entre vitesse, co\u00fbt et niveau de preuve juridique.<\/p><h2>Suivi de la lettre recommand\u00e9e 2026 : outils et bonnes pratiques<\/h2><p>Le <strong>suivi en ligne<\/strong> constitue l\u2019un des piliers du service recommand\u00e9 en 2026. Il fournit une tra\u00e7abilit\u00e9 continue, exploitable aussi bien par l\u2019exp\u00e9diteur que par le destinataire.<\/p><h3>Fonctionnement du suivi 24h\/24<\/h3><p>Chaque lettre recommand\u00e9e re\u00e7oit un num\u00e9ro unique. Ce code, saisi sur le site de suivi ou l\u2019application mobile, donne acc\u00e8s aux informations suivantes :<\/p><ul><li>prise en charge initiale en bureau de poste ;<\/li><li>\u00e9tapes d\u2019acheminement (centres de tri, transit) ;<\/li><li>pr\u00e9sentation au domicile ou \u00e0 l\u2019adresse professionnelle ;<\/li><li>mise en instance en cas d\u2019absence ;<\/li><li>remise effective, avec ou sans avis de r\u00e9ception.<\/li><\/ul><p>Ce suivi 24h\/24 renforce la transparence du service. En cas de contestation, les horodatages et les scans enregistr\u00e9s constituent des \u00e9l\u00e9ments factuels solides.<\/p><h3>Bonnes pratiques de suivi pour l\u2019exp\u00e9diteur<\/h3><p>Pour exploiter pleinement le suivi :<\/p><ul><li>conserver le r\u00e9c\u00e9piss\u00e9 et le num\u00e9ro de suivi d\u00e8s le d\u00e9p\u00f4t ;<\/li><li>v\u00e9rifier r\u00e9guli\u00e8rement le statut de l\u2019envoi, surtout pour les courriers \u00e0 enjeu juridique fort ;<\/li><li>en cas de blocage prolong\u00e9, contacter le service client en s\u2019appuyant sur les informations affich\u00e9es dans le suivi ;<\/li><li>archiver les captures d\u2019\u00e9cran ou impressions d\u2019\u00e9cran pour les dossiers sensibles.<\/li><\/ul><div style=\"border:1px solid #e3e3e3;padding:12px 14px;margin:18px 0;background:#fbfbfb;\"><strong>Conseil :<\/strong> pour les professions lib\u00e9rales, cabinets d\u2019avocats, syndics ou services RH, la mise en place d\u2019une proc\u00e9dure interne de suivi (tableau de bord, responsable d\u00e9sign\u00e9) s\u00e9curise la gestion des lettres recommand\u00e9es.<\/div><h2>R\u00e9clamations, litiges et taux de r\u00e9solution en 2026<\/h2><p>Malgr\u00e9 la structuration du service recommand\u00e9, des incidents surviennent parfois : perte, retard inhabituel, avarie. En 2026, les <strong>r\u00e9clamations<\/strong> et demandes d\u2019indemnisation ob\u00e9issent \u00e0 des d\u00e9lais bien pr\u00e9cis.<\/p><h3>Taux de r\u00e9solution et qualit\u00e9 de traitement<\/h3><p>Les donn\u00e9es disponibles indiquent un <strong>taux de r\u00e9solution<\/strong> des r\u00e9clamations de l\u2019ordre de <strong>95 %<\/strong>. La majorit\u00e9 des incidents trouvent donc une issue, qu\u2019il s\u2019agisse :<\/p><ul><li>d\u2019une localisation du courrier et d\u2019une distribution diff\u00e9r\u00e9e ;<\/li><li>d\u2019un retour \u00e0 l\u2019exp\u00e9diteur ;<\/li><li>ou d\u2019une indemnisation selon le niveau de recommandation.<\/li><\/ul><p>Ce taux traduit un effort de traitement des dossiers, mais ne remplace pas la rigueur n\u00e9cessaire lors de la pr\u00e9paration de chaque envoi (adresse, emballage, choix du niveau de recommandation).<\/p><h3>D\u00e9lais pour d\u00e9poser une r\u00e9clamation<\/h3><p>Les d\u00e9lais \u00e0 respecter varient selon la nature de la contestation :<\/p><table><thead><tr><th>Type de r\u00e9clamation<\/th><th>D\u00e9lai maximal<\/th><\/tr><\/thead><tbody><tr><td>Non distribution \/ incident de distribution<\/td><td>6 mois<\/td><\/tr><tr><td>Perte \/ demande d\u2019indemnisation<\/td><td>1 an<\/td><\/tr><tr><td>Contestation de frais de pr\u00e9sentation<\/td><td>21 jours<\/td><\/tr><\/tbody><\/table><p>Pass\u00e9 ces d\u00e9lais, la probabilit\u00e9 d\u2019obtenir une indemnisation ou une rectification diminue fortement. Un suivi r\u00e9gulier et une r\u00e9action rapide en cas d\u2019anomalie \u00e9vitent les blocages li\u00e9s \u00e0 la prescription.<\/p><div style=\"border:1px solid #f2c8c8;padding:12px 14px;margin:18px 0;background:#fff5f5;\"><strong>R\u00e9flexe \u00e0 adopter :<\/strong> d\u00e8s qu\u2019un d\u00e9lai anormal appara\u00eet sur le suivi (statut bloqu\u00e9, absence de mise \u00e0 jour), initier une prise de contact avec le service client et consigner les \u00e9changes (num\u00e9ro de dossier, dates, interlocuteurs).<\/div><h2>Limites, donn\u00e9es manquantes et bonnes strat\u00e9gies d\u2019envoi<\/h2><p>Certaines donn\u00e9es restent non publi\u00e9es ou difficiles \u00e0 exploiter en 2026, comme les <strong>volumes annuels d\u2019envois<\/strong> de lettres recommand\u00e9es ou les taux de distribution complets par segment. Ces informations aideraient pourtant \u00e0 mesurer plus finement la performance et la fiabilit\u00e9 du service.<\/p><p>En l\u2019absence de ces indicateurs, l\u2019exp\u00e9diteur s\u2019appuie sur les \u00e9l\u00e9ments disponibles : d\u00e9lais indicatifs (J+3), taux de r\u00e9solution des r\u00e9clamations (95 %), grille tarifaire d\u00e9taill\u00e9e, niveaux d\u2019indemnisation. La strat\u00e9gie d\u2019envoi se construit autour de ce socle.<\/p><p>Une approche efficace combine :<\/p><ul><li>la s\u00e9lection rigoureuse du niveau de recommandation (R1, R2, R3) ;<\/li><li>l\u2019ajout de l\u2019avis de r\u00e9ception pour les d\u00e9marches juridiques ou contractuelles ;<\/li><li>l\u2019utilisation syst\u00e9matique du suivi 24h\/24 ;<\/li><li>la pr\u00e9paration soign\u00e9e des adresses et des contenus envoy\u00e9s ;<\/li><li>l\u2019anticipation des d\u00e9lais l\u00e9gaux de r\u00e9siliation ou de pr\u00e9avis pour \u00e9viter les envois de derni\u00e8re minute.<\/li><\/ul><p>Pour arbitrer entre lettre simple, lettre suivie, lettre recommand\u00e9e et autres moyens d\u2019envoi, une vision globale des co\u00fbts d\u2019affranchissement et des services de suivi reste utile. La page <a href=\"\/tarif-timbre-2026\/\">tarifs timbre 2026<\/a> compl\u00e8te cette analyse en donnant un aper\u00e7u des solutions alternatives aux envois recommand\u00e9s.<\/p>","protected":false},"excerpt":{"rendered":"","protected":false},"author":29,"featured_media":11574,"comment_status":"open","ping_status":"","sticky":false,"template":"","format":"standard","meta":{"_acf_changed":false,"subtitle":"","footnotes":""},"categories":[520],"tags":[],"class_list":["post-11576","post","type-post","status-publish","format-standard","has-post-thumbnail","hentry","category-conseils","generate-columns","tablet-grid-50","mobile-grid-100","grid-parent","grid-33"],"acf":false,"yoast_head":"<!-- This site is optimized with the Yoast SEO plugin v25.8 - https:\/\/yoast.com\/wordpress\/plugins\/seo\/ -->\n<title>Lettre recommand\u00e9e : tarif, proc\u00e9dure et suivi en 2026 | SFPF<\/title>\n<meta name=\"description\" content=\"La lettre recommand\u00e9e en 2026 reste l\u2019outil de r\u00e9f\u00e9rence pour donner une date certaine \u00e0 un envoi, s\u00e9curiser un contrat, contester une facture ou envoyer\" \/>\n<meta name=\"robots\" content=\"index, follow, max-snippet:-1, max-image-preview:large, max-video-preview:-1\" \/>\n<link rel=\"canonical\" href=\"https:\/\/www.sfpf.fr\/actu\/lettre-recommandee-tarif\" \/>\n<meta property=\"og:locale\" content=\"fr_FR\" \/>\n<meta property=\"og:type\" content=\"article\" \/>\n<meta property=\"og:title\" content=\"Lettre recommand\u00e9e : tarif, proc\u00e9dure et suivi en 2026 | SFPF\" \/>\n<meta property=\"og:description\" content=\"La lettre recommand\u00e9e en 2026 reste l\u2019outil de r\u00e9f\u00e9rence pour donner une date certaine \u00e0 un envoi, s\u00e9curiser un contrat, contester une facture ou envoyer\" \/>\n<meta property=\"og:url\" content=\"https:\/\/www.sfpf.fr\/actu\/lettre-recommandee-tarif\" \/>\n<meta property=\"og:site_name\" content=\"SFPF\" \/>\n<meta property=\"article:published_time\" content=\"2026-03-07T08:45:00+00:00\" \/>\n<meta property=\"og:image\" content=\"https:\/\/www.sfpf.fr\/actu\/wp-content\/uploads\/2026\/02\/lettre_recommandee_reelle-scaled.png\" \/>\n\t<meta property=\"og:image:width\" content=\"1200\" \/>\n\t<meta property=\"og:image:height\" content=\"673\" \/>\n\t<meta property=\"og:image:type\" content=\"image\/png\" \/>\n<meta name=\"author\" content=\"Laredac\" \/>\n<meta name=\"twitter:card\" content=\"summary_large_image\" \/>\n<meta name=\"twitter:label1\" content=\"\u00c9crit par\" \/>\n\t<meta name=\"twitter:data1\" content=\"Laredac\" \/>\n\t<meta name=\"twitter:label2\" content=\"Dur\u00e9e de lecture estim\u00e9e\" \/>\n\t<meta name=\"twitter:data2\" content=\"15 minutes\" \/>\n<script type=\"application\/ld+json\" class=\"yoast-schema-graph\">{\"@context\":\"https:\/\/schema.org\",\"@graph\":[{\"@type\":\"NewsArticle\",\"@id\":\"https:\/\/www.sfpf.fr\/actu\/lettre-recommandee-tarif#article\",\"isPartOf\":{\"@id\":\"https:\/\/www.sfpf.fr\/actu\/lettre-recommandee-tarif\"},\"author\":{\"name\":\"Laredac\",\"@id\":\"https:\/\/www.sfpf.fr\/actu\/#\/schema\/person\/bd87396233d24e5e46c39394bfc2a378\"},\"headline\":\"Lettre recommand\u00e9e : tarif, proc\u00e9dure et suivi en 2026\",\"datePublished\":\"2026-03-07T08:45:00+00:00\",\"mainEntityOfPage\":{\"@id\":\"https:\/\/www.sfpf.fr\/actu\/lettre-recommandee-tarif\"},\"wordCount\":3032,\"commentCount\":0,\"publisher\":{\"@id\":\"https:\/\/www.sfpf.fr\/actu\/#organization\"},\"image\":{\"@id\":\"https:\/\/www.sfpf.fr\/actu\/lettre-recommandee-tarif#primaryimage\"},\"thumbnailUrl\":\"https:\/\/www.sfpf.fr\/actu\/wp-content\/uploads\/2026\/02\/lettre_recommandee_reelle-scaled.png\",\"articleSection\":[\"Conseils\"],\"inLanguage\":\"fr-FR\",\"potentialAction\":[{\"@type\":\"CommentAction\",\"name\":\"Comment\",\"target\":[\"https:\/\/www.sfpf.fr\/actu\/lettre-recommandee-tarif#respond\"]}]},{\"@type\":\"WebPage\",\"@id\":\"https:\/\/www.sfpf.fr\/actu\/lettre-recommandee-tarif\",\"url\":\"https:\/\/www.sfpf.fr\/actu\/lettre-recommandee-tarif\",\"name\":\"Lettre recommand\u00e9e : tarif, proc\u00e9dure et suivi en 2026 | SFPF\",\"isPartOf\":{\"@id\":\"https:\/\/www.sfpf.fr\/actu\/#website\"},\"primaryImageOfPage\":{\"@id\":\"https:\/\/www.sfpf.fr\/actu\/lettre-recommandee-tarif#primaryimage\"},\"image\":{\"@id\":\"https:\/\/www.sfpf.fr\/actu\/lettre-recommandee-tarif#primaryimage\"},\"thumbnailUrl\":\"https:\/\/www.sfpf.fr\/actu\/wp-content\/uploads\/2026\/02\/lettre_recommandee_reelle-scaled.png\",\"datePublished\":\"2026-03-07T08:45:00+00:00\",\"description\":\"La lettre recommand\u00e9e en 2026 reste l\u2019outil de r\u00e9f\u00e9rence pour donner une date certaine \u00e0 un envoi, s\u00e9curiser un contrat, contester une facture ou envoyer\",\"breadcrumb\":{\"@id\":\"https:\/\/www.sfpf.fr\/actu\/lettre-recommandee-tarif#breadcrumb\"},\"inLanguage\":\"fr-FR\",\"potentialAction\":[{\"@type\":\"ReadAction\",\"target\":[\"https:\/\/www.sfpf.fr\/actu\/lettre-recommandee-tarif\"]}]},{\"@type\":\"ImageObject\",\"inLanguage\":\"fr-FR\",\"@id\":\"https:\/\/www.sfpf.fr\/actu\/lettre-recommandee-tarif#primaryimage\",\"url\":\"https:\/\/www.sfpf.fr\/actu\/wp-content\/uploads\/2026\/02\/lettre_recommandee_reelle-scaled.png\",\"contentUrl\":\"https:\/\/www.sfpf.fr\/actu\/wp-content\/uploads\/2026\/02\/lettre_recommandee_reelle-scaled.png\",\"width\":1200,\"height\":673,\"caption\":\"Sc\u00e8ne r\u00e9aliste devant un bureau de poste fran\u00e7ais o\u00f9 une personne tient une lettre recommand\u00e9e pr\u00eate \u00e0 \u00eatre envoy\u00e9e, dans un environnement authentique et naturel.\"},{\"@type\":\"BreadcrumbList\",\"@id\":\"https:\/\/www.sfpf.fr\/actu\/lettre-recommandee-tarif#breadcrumb\",\"itemListElement\":[{\"@type\":\"ListItem\",\"position\":1,\"name\":\"Accueil\",\"item\":\"https:\/\/www.sfpf.fr\/actu\"},{\"@type\":\"ListItem\",\"position\":2,\"name\":\"Conseils\",\"item\":\"https:\/\/www.sfpf.fr\/actu\/categorie\/conseils\"},{\"@type\":\"ListItem\",\"position\":3,\"name\":\"Lettre recommand\u00e9e : tarif, proc\u00e9dure et suivi en 2026\"}]},{\"@type\":\"WebSite\",\"@id\":\"https:\/\/www.sfpf.fr\/actu\/#website\",\"url\":\"https:\/\/www.sfpf.fr\/actu\/\",\"name\":\"SFPF\",\"description\":\"\",\"publisher\":{\"@id\":\"https:\/\/www.sfpf.fr\/actu\/#organization\"},\"potentialAction\":[{\"@type\":\"SearchAction\",\"target\":{\"@type\":\"EntryPoint\",\"urlTemplate\":\"https:\/\/www.sfpf.fr\/actu\/?s={search_term_string}\"},\"query-input\":{\"@type\":\"PropertyValueSpecification\",\"valueRequired\":true,\"valueName\":\"search_term_string\"}}],\"inLanguage\":\"fr-FR\"},{\"@type\":\"Organization\",\"@id\":\"https:\/\/www.sfpf.fr\/actu\/#organization\",\"name\":\"SFPF\",\"url\":\"https:\/\/www.sfpf.fr\/actu\/\",\"logo\":{\"@type\":\"ImageObject\",\"inLanguage\":\"fr-FR\",\"@id\":\"https:\/\/www.sfpf.fr\/actu\/#\/schema\/logo\/image\/\",\"url\":\"https:\/\/www.sfpf.fr\/actu\/wp-content\/uploads\/2025\/09\/media.png\",\"contentUrl\":\"https:\/\/www.sfpf.fr\/actu\/wp-content\/uploads\/2025\/09\/media.png\",\"width\":178,\"height\":100,\"caption\":\"SFPF\"},\"image\":{\"@id\":\"https:\/\/www.sfpf.fr\/actu\/#\/schema\/logo\/image\/\"}},{\"@type\":\"Person\",\"@id\":\"https:\/\/www.sfpf.fr\/actu\/#\/schema\/person\/bd87396233d24e5e46c39394bfc2a378\",\"name\":\"Laredac\",\"image\":{\"@type\":\"ImageObject\",\"inLanguage\":\"fr-FR\",\"@id\":\"https:\/\/www.sfpf.fr\/actu\/#\/schema\/person\/image\/\",\"url\":\"https:\/\/www.sfpf.fr\/actu\/wp-content\/uploads\/2025\/09\/Design-sans-titre-10.jpg\",\"contentUrl\":\"https:\/\/www.sfpf.fr\/actu\/wp-content\/uploads\/2025\/09\/Design-sans-titre-10.jpg\",\"caption\":\"Laredac\"},\"description\":\"La R\u00e9daction, c\u2019est une petite \u00e9quipe de b\u00e9n\u00e9voles curieux et passionn\u00e9s. Si chacun cultive ses propres centres d\u2019int\u00e9r\u00eat \u2014 timbres fiscaux, monnaies, documents anciens ou objets de collection en tout genre \u2014 tous partagent le go\u00fbt de la d\u00e9couverte, de l\u2019authentique et du savoir bien transmis. Attach\u00e9e \u00e0 la qualit\u00e9 de l\u2019information, la r\u00e9daction s\u2019attache \u00e0 couvrir l\u2019actualit\u00e9 des collections, les nouveaut\u00e9s du march\u00e9, les tendances, mais aussi les \u00e9v\u00e9nements, publications et projets li\u00e9s \u00e0 l\u2019univers du patrimoine et de la culture. Sans se prendre trop au s\u00e9rieux, La R\u00e9dac veille \u00e0 proposer un contenu fiable, vivant et accessible \u00e0 tous les curieux, collectionneurs ou simples amateurs.\",\"url\":\"https:\/\/www.sfpf.fr\/actu\/author\/laredac\"}]}<\/script>\n<!-- \/ Yoast SEO plugin. -->","yoast_head_json":{"title":"Lettre recommand\u00e9e : tarif, proc\u00e9dure et suivi en 2026 | SFPF","description":"La lettre recommand\u00e9e en 2026 reste l\u2019outil de r\u00e9f\u00e9rence pour donner une date certaine \u00e0 un envoi, s\u00e9curiser un contrat, contester une facture ou envoyer","robots":{"index":"index","follow":"follow","max-snippet":"max-snippet:-1","max-image-preview":"max-image-preview:large","max-video-preview":"max-video-preview:-1"},"canonical":"https:\/\/www.sfpf.fr\/actu\/lettre-recommandee-tarif","og_locale":"fr_FR","og_type":"article","og_title":"Lettre recommand\u00e9e : tarif, proc\u00e9dure et suivi en 2026 | SFPF","og_description":"La lettre recommand\u00e9e en 2026 reste l\u2019outil de r\u00e9f\u00e9rence pour donner une date certaine \u00e0 un envoi, s\u00e9curiser un contrat, contester une facture ou envoyer","og_url":"https:\/\/www.sfpf.fr\/actu\/lettre-recommandee-tarif","og_site_name":"SFPF","article_published_time":"2026-03-07T08:45:00+00:00","og_image":[{"width":1200,"height":673,"url":"https:\/\/www.sfpf.fr\/actu\/wp-content\/uploads\/2026\/02\/lettre_recommandee_reelle-scaled.png","type":"image\/png"}],"author":"Laredac","twitter_card":"summary_large_image","twitter_misc":{"\u00c9crit par":"Laredac","Dur\u00e9e de lecture estim\u00e9e":"15 minutes"},"schema":{"@context":"https:\/\/schema.org","@graph":[{"@type":"NewsArticle","@id":"https:\/\/www.sfpf.fr\/actu\/lettre-recommandee-tarif#article","isPartOf":{"@id":"https:\/\/www.sfpf.fr\/actu\/lettre-recommandee-tarif"},"author":{"name":"Laredac","@id":"https:\/\/www.sfpf.fr\/actu\/#\/schema\/person\/bd87396233d24e5e46c39394bfc2a378"},"headline":"Lettre recommand\u00e9e : tarif, proc\u00e9dure et suivi en 2026","datePublished":"2026-03-07T08:45:00+00:00","mainEntityOfPage":{"@id":"https:\/\/www.sfpf.fr\/actu\/lettre-recommandee-tarif"},"wordCount":3032,"commentCount":0,"publisher":{"@id":"https:\/\/www.sfpf.fr\/actu\/#organization"},"image":{"@id":"https:\/\/www.sfpf.fr\/actu\/lettre-recommandee-tarif#primaryimage"},"thumbnailUrl":"https:\/\/www.sfpf.fr\/actu\/wp-content\/uploads\/2026\/02\/lettre_recommandee_reelle-scaled.png","articleSection":["Conseils"],"inLanguage":"fr-FR","potentialAction":[{"@type":"CommentAction","name":"Comment","target":["https:\/\/www.sfpf.fr\/actu\/lettre-recommandee-tarif#respond"]}]},{"@type":"WebPage","@id":"https:\/\/www.sfpf.fr\/actu\/lettre-recommandee-tarif","url":"https:\/\/www.sfpf.fr\/actu\/lettre-recommandee-tarif","name":"Lettre recommand\u00e9e : tarif, proc\u00e9dure et suivi en 2026 | SFPF","isPartOf":{"@id":"https:\/\/www.sfpf.fr\/actu\/#website"},"primaryImageOfPage":{"@id":"https:\/\/www.sfpf.fr\/actu\/lettre-recommandee-tarif#primaryimage"},"image":{"@id":"https:\/\/www.sfpf.fr\/actu\/lettre-recommandee-tarif#primaryimage"},"thumbnailUrl":"https:\/\/www.sfpf.fr\/actu\/wp-content\/uploads\/2026\/02\/lettre_recommandee_reelle-scaled.png","datePublished":"2026-03-07T08:45:00+00:00","description":"La lettre recommand\u00e9e en 2026 reste l\u2019outil de r\u00e9f\u00e9rence pour donner une date certaine \u00e0 un envoi, s\u00e9curiser un contrat, contester une facture ou envoyer","breadcrumb":{"@id":"https:\/\/www.sfpf.fr\/actu\/lettre-recommandee-tarif#breadcrumb"},"inLanguage":"fr-FR","potentialAction":[{"@type":"ReadAction","target":["https:\/\/www.sfpf.fr\/actu\/lettre-recommandee-tarif"]}]},{"@type":"ImageObject","inLanguage":"fr-FR","@id":"https:\/\/www.sfpf.fr\/actu\/lettre-recommandee-tarif#primaryimage","url":"https:\/\/www.sfpf.fr\/actu\/wp-content\/uploads\/2026\/02\/lettre_recommandee_reelle-scaled.png","contentUrl":"https:\/\/www.sfpf.fr\/actu\/wp-content\/uploads\/2026\/02\/lettre_recommandee_reelle-scaled.png","width":1200,"height":673,"caption":"Sc\u00e8ne r\u00e9aliste devant un bureau de poste fran\u00e7ais o\u00f9 une personne tient une lettre recommand\u00e9e pr\u00eate \u00e0 \u00eatre envoy\u00e9e, dans un environnement authentique et naturel."},{"@type":"BreadcrumbList","@id":"https:\/\/www.sfpf.fr\/actu\/lettre-recommandee-tarif#breadcrumb","itemListElement":[{"@type":"ListItem","position":1,"name":"Accueil","item":"https:\/\/www.sfpf.fr\/actu"},{"@type":"ListItem","position":2,"name":"Conseils","item":"https:\/\/www.sfpf.fr\/actu\/categorie\/conseils"},{"@type":"ListItem","position":3,"name":"Lettre recommand\u00e9e : tarif, proc\u00e9dure et suivi en 2026"}]},{"@type":"WebSite","@id":"https:\/\/www.sfpf.fr\/actu\/#website","url":"https:\/\/www.sfpf.fr\/actu\/","name":"SFPF","description":"","publisher":{"@id":"https:\/\/www.sfpf.fr\/actu\/#organization"},"potentialAction":[{"@type":"SearchAction","target":{"@type":"EntryPoint","urlTemplate":"https:\/\/www.sfpf.fr\/actu\/?s={search_term_string}"},"query-input":{"@type":"PropertyValueSpecification","valueRequired":true,"valueName":"search_term_string"}}],"inLanguage":"fr-FR"},{"@type":"Organization","@id":"https:\/\/www.sfpf.fr\/actu\/#organization","name":"SFPF","url":"https:\/\/www.sfpf.fr\/actu\/","logo":{"@type":"ImageObject","inLanguage":"fr-FR","@id":"https:\/\/www.sfpf.fr\/actu\/#\/schema\/logo\/image\/","url":"https:\/\/www.sfpf.fr\/actu\/wp-content\/uploads\/2025\/09\/media.png","contentUrl":"https:\/\/www.sfpf.fr\/actu\/wp-content\/uploads\/2025\/09\/media.png","width":178,"height":100,"caption":"SFPF"},"image":{"@id":"https:\/\/www.sfpf.fr\/actu\/#\/schema\/logo\/image\/"}},{"@type":"Person","@id":"https:\/\/www.sfpf.fr\/actu\/#\/schema\/person\/bd87396233d24e5e46c39394bfc2a378","name":"Laredac","image":{"@type":"ImageObject","inLanguage":"fr-FR","@id":"https:\/\/www.sfpf.fr\/actu\/#\/schema\/person\/image\/","url":"https:\/\/www.sfpf.fr\/actu\/wp-content\/uploads\/2025\/09\/Design-sans-titre-10.jpg","contentUrl":"https:\/\/www.sfpf.fr\/actu\/wp-content\/uploads\/2025\/09\/Design-sans-titre-10.jpg","caption":"Laredac"},"description":"La R\u00e9daction, c\u2019est une petite \u00e9quipe de b\u00e9n\u00e9voles curieux et passionn\u00e9s. Si chacun cultive ses propres centres d\u2019int\u00e9r\u00eat \u2014 timbres fiscaux, monnaies, documents anciens ou objets de collection en tout genre \u2014 tous partagent le go\u00fbt de la d\u00e9couverte, de l\u2019authentique et du savoir bien transmis. Attach\u00e9e \u00e0 la qualit\u00e9 de l\u2019information, la r\u00e9daction s\u2019attache \u00e0 couvrir l\u2019actualit\u00e9 des collections, les nouveaut\u00e9s du march\u00e9, les tendances, mais aussi les \u00e9v\u00e9nements, publications et projets li\u00e9s \u00e0 l\u2019univers du patrimoine et de la culture. Sans se prendre trop au s\u00e9rieux, La R\u00e9dac veille \u00e0 proposer un contenu fiable, vivant et accessible \u00e0 tous les curieux, collectionneurs ou simples amateurs.","url":"https:\/\/www.sfpf.fr\/actu\/author\/laredac"}]}},"_links":{"self":[{"href":"https:\/\/www.sfpf.fr\/actu\/wp-json\/wp\/v2\/posts\/11576","targetHints":{"allow":["GET"]}}],"collection":[{"href":"https:\/\/www.sfpf.fr\/actu\/wp-json\/wp\/v2\/posts"}],"about":[{"href":"https:\/\/www.sfpf.fr\/actu\/wp-json\/wp\/v2\/types\/post"}],"author":[{"embeddable":true,"href":"https:\/\/www.sfpf.fr\/actu\/wp-json\/wp\/v2\/users\/29"}],"replies":[{"embeddable":true,"href":"https:\/\/www.sfpf.fr\/actu\/wp-json\/wp\/v2\/comments?post=11576"}],"version-history":[{"count":1,"href":"https:\/\/www.sfpf.fr\/actu\/wp-json\/wp\/v2\/posts\/11576\/revisions"}],"predecessor-version":[{"id":11752,"href":"https:\/\/www.sfpf.fr\/actu\/wp-json\/wp\/v2\/posts\/11576\/revisions\/11752"}],"wp:featuredmedia":[{"embeddable":true,"href":"https:\/\/www.sfpf.fr\/actu\/wp-json\/wp\/v2\/media\/11574"}],"wp:attachment":[{"href":"https:\/\/www.sfpf.fr\/actu\/wp-json\/wp\/v2\/media?parent=11576"}],"wp:term":[{"taxonomy":"category","embeddable":true,"href":"https:\/\/www.sfpf.fr\/actu\/wp-json\/wp\/v2\/categories?post=11576"},{"taxonomy":"post_tag","embeddable":true,"href":"https:\/\/www.sfpf.fr\/actu\/wp-json\/wp\/v2\/tags?post=11576"}],"curies":[{"name":"wp","href":"https:\/\/api.w.org\/{rel}","templated":true}]}}