{"id":11569,"date":"2026-03-06T08:30:00","date_gmt":"2026-03-06T06:30:00","guid":{"rendered":"https:\/\/www.sfpf.fr\/actu\/?p=11569"},"modified":"2026-03-06T08:30:00","modified_gmt":"2026-03-06T06:30:00","slug":"timbre-lettre-prioritaire","status":"publish","type":"post","link":"https:\/\/www.sfpf.fr\/actu\/timbre-lettre-prioritaire","title":{"rendered":"Timbre prioritaire : tarif et d\u00e9lai d&rsquo;acheminement en 2026"},"content":{"rendered":"<p>Entre l\u2019e\u2011lettre rouge, la Lettre Services Plus et les envois internationaux, le timbre prioritaire en 2026 change de visage et de tarif. Les particuliers comme les professionnels doivent ajuster leurs habitudes postales pour limiter leurs co\u00fbts tout en respectant des d\u00e9lais parfois serr\u00e9s.<\/p>\n<p>Les nouveaux prix, l\u2019\u00e9volution des d\u00e9lais d\u2019acheminement, les marges d\u2019erreur \u00e0 anticiper et les alternatives plus \u00e9conomiques redessinent compl\u00e8tement la strat\u00e9gie d\u2019envoi du courrier. Les chiffres de 2026 r\u00e9servent quelques surprises\u2026<\/p>\n<div style=\"overflow-x:auto; max-width:100%;\">\n<table style=\"border-collapse:collapse; width:100%; min-width:480px; font-family:Arial, sans-serif; font-size:14px; text-align:left; border:1px solid #ccc;\">\n<thead style=\"background:#f44336; color:#fff;\">\n<tr>\n<th style=\"padding:10px; border:1px solid #ccc;\">Type d\u2019envoi<\/th>\n<th style=\"padding:10px; border:1px solid #ccc;\">Prix estim\u00e9 2026<\/th>\n<th style=\"padding:10px; border:1px solid #ccc;\">D\u00e9lai moyen<\/th>\n<th style=\"padding:10px; border:1px solid #ccc;\">Usage id\u00e9al<\/th>\n<\/tr>\n<\/thead>\n<tbody>\n<tr style=\"background:#fff;\">\n<td style=\"padding:10px; border:1px solid #ccc;\">Timbre Prioritaire<\/td>\n<td style=\"padding:10px; border:1px solid #ccc;\">\u2248 1,96\u20ac<\/td>\n<td style=\"padding:10px; border:1px solid #ccc;\">1 jour ouvr\u00e9<\/td>\n<td style=\"padding:10px; border:1px solid #ccc;\">Envois urgents (documents importants, \u00e9ch\u00e9ances)<\/td>\n<\/tr>\n<tr style=\"background:#f9f9f9;\">\n<td style=\"padding:10px; border:1px solid #ccc;\">Lettre Verte<\/td>\n<td style=\"padding:10px; border:1px solid #ccc;\">\u2248 1,29\u20ac<\/td>\n<td style=\"padding:10px; border:1px solid #ccc;\">2 \u00e0 3 jours ouvr\u00e9s<\/td>\n<td style=\"padding:10px; border:1px solid #ccc;\">Envois non urgents avec impact \u00e9cologique r\u00e9duit<\/td>\n<\/tr>\n<tr style=\"background:#fff;\">\n<td style=\"padding:10px; border:1px solid #ccc;\">Lettre Suivie<\/td>\n<td style=\"padding:10px; border:1px solid #ccc;\">\u2248 2,90\u20ac<\/td>\n<td style=\"padding:10px; border:1px solid #ccc;\">1 \u00e0 2 jours ouvr\u00e9s<\/td>\n<td style=\"padding:10px; border:1px solid #ccc;\">Envois n\u00e9cessitant une tra\u00e7abilit\u00e9<\/td>\n<\/tr>\n<tr style=\"background:#f9f9f9;\">\n<td style=\"padding:10px; border:1px solid #ccc;\">Lettre Recommand\u00e9e<\/td>\n<td style=\"padding:10px; border:1px solid #ccc;\">\u2248 5,50\u20ac et +<\/td>\n<td style=\"padding:10px; border:1px solid #ccc;\">2 \u00e0 3 jours ouvr\u00e9s<\/td>\n<td style=\"padding:10px; border:1px solid #ccc;\">Documents sensibles avec preuve l\u00e9gale d\u2019envoi<\/td>\n<\/tr>\n<\/tbody>\n<\/table>\n<\/div>\n<div style=\"max-width:600px;margin:15px auto;text-align:center\">\n<div style=\"position:relative;display:inline-block;width:100%\">\n<p>    <a href=\"https:\/\/www.pinterest.com\/pin\/create\/button\/?media=https:\/\/www.sfpf.fr\/actu\/wp-content\/uploads\/2026\/02\/timbreprioritairetarifdelaiacheminement2026.jpg&#038;url=https:\/\/www.sfpf.fr\/actu\/wp-content\/uploads\/2026\/02\/timbreprioritairetarifdelaiacheminement2026.jpg\"\n      target=\"_blank\"\n      rel=\"noopener\"\n      aria-label=\"Enregistrer l\u2019image sur Pinterest\"\n      style=\"position:absolute;top:10px;right:10px;z-index:5;font-size:22px;line-height:1;text-decoration:none\"\n     class=\"external-link\" target=\"_blank\" rel=\"noopener\"><br \/>\n      \ud83d\udccc<br \/>\n    <\/a><\/p>\n<p>    <img\n      src=\"https:\/\/www.sfpf.fr\/actu\/wp-content\/uploads\/2026\/02\/timbreprioritairetarifdelaiacheminement2026.jpg\"\n      style=\"width:100%;max-height:70vh;object-fit:contain;display:block\"\n      loading=\"eager\"\n      decoding=\"async\"\n    ><\/p><\/div>\n<div style=\"margin-top:6px;display:flex;gap:8px;justify-content:center\">\n<p>    <a\n      href=\"https:\/\/www.sfpf.fr\/actu\/wp-content\/uploads\/2026\/02\/timbreprioritairetarifdelaiacheminement2026.jpg\"\n      class=\"button\"\n      download\n    ><br \/>\n      T\u00e9l\u00e9charger l\u2019image<br \/>\n    <\/a><\/p>\n<p>    <button\n      type=\"button\"\n      class=\"button\"\n      onclick=\"(function(){\n        if (navigator.share) {\n          navigator.share({\n            title: document.title,\n            url: 'https:\/\/www.sfpf.fr\/actu\/wp-content\/uploads\/2026\/02\/timbreprioritairetarifdelaiacheminement2026.jpg'\n          });\n        }\n      })();\"\n    ><br \/>\n      Partager l\u2019image<br \/>\n    <\/button><\/p><\/div>\n<\/div>\n<h2>Timbre prioritaire 2026 : comprendre les nouveaux tarifs postaux<\/h2>\n<p>En 2026, le timbre prioritaire ne se r\u00e9sume plus \u00e0 un simple timbre rouge coll\u00e9 sur une enveloppe. La Poste s\u2019appuie d\u00e9sormais sur plusieurs offres distinctes, avec une forte composante num\u00e9rique pour l\u2019e\u2011lettre rouge et des services enrichis pour la Lettre Services Plus. Les hausses de prix restent significatives, avec une <strong>augmentation moyenne des tarifs postaux de +7,4&nbsp;%<\/strong> par rapport \u00e0 2025.<\/p>\n<p>Les particuliers envoient moins de courrier papier, mais chaque envoi p\u00e8se davantage : contrats, documents administratifs, pi\u00e8ces justificatives, courriers urgents. Dans ce contexte, bien ma\u00eetriser le tarif du timbre prioritaire en 2026 \u00e9vite les surco\u00fbts et les mauvaises surprises lors des affranchissements.<\/p>\n<h3>Tarif timbre prioritaire 2026 pour la France m\u00e9tropolitaine<\/h3>\n<p>Le r\u00e9f\u00e9rent de l\u2019acheminement prioritaire en 2026 reste l\u2019<strong>e\u2011lettre rouge J+1<\/strong>. Ce service num\u00e9rique remplace l\u2019ancien timbre rouge physique tout en conservant un positionnement sur la distribution rapide.<\/p>\n<p>Voici les principaux tarifs prioritaires 2026 en France pour les envois jusqu\u2019\u00e0 20&nbsp;g&nbsp;:<\/p>\n<ul>\n<li><strong>E\u2011lettre rouge J+1 jusqu\u2019\u00e0 20&nbsp;g<\/strong> : 1,60&nbsp;\u20ac (contre 1,49&nbsp;\u20ac en 2025, soit +7,38&nbsp;%).<\/li>\n<li><strong>Lettre Services Plus \/ timbre turquoise J+2 jusqu\u2019\u00e0 20&nbsp;g<\/strong> : 3,47&nbsp;\u20ac (contre 3,15&nbsp;\u20ac en 2025, soit +10,16&nbsp;%).<\/li>\n<li><strong>Lettre Services Plus 20\u2011100&nbsp;g<\/strong> : 3,90&nbsp;\u20ac en 2026.<\/li>\n<\/ul>\n<p>La hausse cible particuli\u00e8rement les produits \u00e0 forte valeur ajout\u00e9e (suivi, services compl\u00e9mentaires, priorisation du traitement). La Lettre Services Plus se positionne clairement au\u2011dessus de l\u2019e\u2011lettre rouge en termes de tarif, avec un niveau de service plus complet.<\/p>\n<h3>Comparatif des offres prioritaires 2026 : e\u2011lettre rouge vs Lettre Services Plus<\/h3>\n<p>Pour se rep\u00e9rer rapidement entre les diff\u00e9rentes solutions, le tableau ci\u2011dessous synth\u00e9tise les caract\u00e9ristiques principales des offres prioritaires 2026 pour les petites lettres (jusqu\u2019\u00e0 20&nbsp;g) en France :<\/p>\n<table border=\"1\" cellspacing=\"0\" cellpadding=\"8\">\n<thead>\n<tr>\n<th>Offre<\/th>\n<th>Poids<\/th>\n<th>Tarif 2025<\/th>\n<th>Tarif 2026<\/th>\n<th>\u00c9volution<\/th>\n<th>D\u00e9lai th\u00e9orique<\/th>\n<th>Type de service<\/th>\n<\/tr>\n<\/thead>\n<tbody>\n<tr>\n<td>E\u2011lettre rouge<\/td>\n<td>Jusqu\u2019\u00e0 20&nbsp;g<\/td>\n<td>1,49&nbsp;\u20ac<\/td>\n<td><strong>1,60&nbsp;\u20ac<\/strong><\/td>\n<td>+7,38&nbsp;%<\/td>\n<td>J+1 ouvr\u00e9<\/td>\n<td>Num\u00e9rique (impression par La Poste)<\/td>\n<\/tr>\n<tr>\n<td>Lettre Services Plus (timbre turquoise)<\/td>\n<td>Jusqu\u2019\u00e0 20&nbsp;g<\/td>\n<td>3,15&nbsp;\u20ac<\/td>\n<td><strong>3,47&nbsp;\u20ac<\/strong><\/td>\n<td>+10,16&nbsp;%<\/td>\n<td>J+2<\/td>\n<td>Courrier papier avec services enrichis<\/td>\n<\/tr>\n<tr>\n<td>Lettre Services Plus<\/td>\n<td>20\u2011100&nbsp;g<\/td>\n<td>\u2013<\/td>\n<td><strong>3,90&nbsp;\u20ac<\/strong><\/td>\n<td>Nouvelle grille 2026<\/td>\n<td>J+2<\/td>\n<td>Courrier papier, traitement prioritaire<\/td>\n<\/tr>\n<\/tbody>\n<\/table>\n<p>La strat\u00e9gie tarifaire incite \u00e0 r\u00e9server la Lettre Services Plus aux envois sensibles (documents juridiques, dossiers clients, contrats) ou \u00e0 valeur administrative \u00e9lev\u00e9e. <strong>Pour un simple courrier rapide mais non critique, l\u2019e\u2011lettre rouge reste plus rationnelle<\/strong> en termes de budget.<\/p>\n<div style=\"border:1px solid #1976d2;padding:12px 16px;margin:20px 0;background:#f3f7fb;\">\n  <strong>Conseil pratique :<\/strong> avant un envoi urgent, compare syst\u00e9matiquement le tarif prioritaire avec un affranchissement plus standard comme la lettre verte. Les diff\u00e9rences de prix deviennent marqu\u00e9es. Une lecture r\u00e9guli\u00e8re des grilles officielles ou de pages de r\u00e9f\u00e9rence comme <a href=\"\/tarif-timbre-2026\/\">\/tarif-timbre-2026\/<\/a> aide \u00e0 stabiliser son budget courrier.<\/div>\n<h2>D\u00e9lai d\u2019acheminement du timbre prioritaire en 2026 : th\u00e9orie et r\u00e9alit\u00e9<\/h2>\n<p>La promesse historique du timbre prioritaire repose sur un acheminement rapide du courrier. En 2026, cette promesse \u00e9volue avec l\u2019essor du num\u00e9rique et la r\u00e9organisation des r\u00e9seaux logistiques. Officiellement, l\u2019e\u2011lettre rouge maintient un d\u00e9lai J+1, mais les performances r\u00e9elles montrent une situation plus nuanc\u00e9e.<\/p>\n<p>Les d\u00e9lais se segmentent par type d\u2019offre : e\u2011lettre rouge pour le lendemain, Lettre Services Plus sur 2&nbsp;jours ouvr\u00e9s, solutions internationales \u00e0 partir de plusieurs jours. Chaque canal suit des flux de tri, de transport et de distribution diff\u00e9rents.<\/p>\n<h3>D\u00e9lai officiel de l\u2019e\u2011lettre rouge J+1<\/h3>\n<p>La Poste annonce pour l\u2019e\u2011lettre rouge un <strong>d\u00e9lai officiel de 1&nbsp;jour ouvr\u00e9<\/strong> pour les envois en France m\u00e9tropolitaine. Ce d\u00e9lai vaut pour les commandes pass\u00e9es en ligne :<\/p>\n<ul>\n<li><strong>du lundi au vendredi<\/strong>,<\/li>\n<li><strong>avant 20h<\/strong>.<\/li>\n<\/ul>\n<p>La lettre est d\u00e9pos\u00e9e num\u00e9riquement, puis imprim\u00e9e dans un centre d\u00e9di\u00e9 proche du destinataire, mise sous pli, affranchie et inject\u00e9e dans le circuit de distribution. L\u2019objectif consiste \u00e0 limiter les trajets physiques de l\u2019enveloppe, ce qui favorise en th\u00e9orie un acheminement rapide.<\/p>\n<h3>Performance r\u00e9elle des d\u00e9lais prioritaires<\/h3>\n<p>En pratique, toutes les e\u2011lettres rouges ne parviennent pas au destinataire d\u00e8s le lendemain. Les donn\u00e9es op\u00e9rationnelles mettent en avant une r\u00e9partition moyenne :<\/p>\n<ul>\n<li><strong>Environ 70&nbsp;%<\/strong> des e\u2011lettres rouges livr\u00e9es dans le d\u00e9lai annonc\u00e9.<\/li>\n<li><strong>Environ 30&nbsp;%<\/strong> distribu\u00e9es avec un retard (J+2 ou plus).<\/li>\n<\/ul>\n<p>Plusieurs facteurs expliquent ces \u00e9carts entre la promesse commerciale et la r\u00e9alit\u00e9 du terrain :<\/p>\n<ul>\n<li><strong>Erreurs d\u2019adresse<\/strong> : libell\u00e9 incomplet, code postal erron\u00e9, nom manquant sur la bo\u00eete aux lettres.<\/li>\n<li><strong>P\u00e9riodes d\u2019affluence<\/strong> : f\u00eates de fin d\u2019ann\u00e9e, grandes p\u00e9riodes de soldes, envois massifs d\u2019administrations ou d\u2019entreprises.<\/li>\n<li><strong>Conditions m\u00e9t\u00e9o<\/strong> : intemp\u00e9ries, gr\u00e8ves ou perturbations logistiques locales.<\/li>\n<\/ul>\n<blockquote><p>\u00ab&nbsp;Le d\u00e9lai d\u2019acheminement annonc\u00e9 constitue un objectif, non une garantie contractuelle. Des variations de performance interviennent selon la p\u00e9riode, la localisation et les conditions d\u2019exploitation.&nbsp;\u00bb<\/p><\/blockquote>\n<p>Un courrier prioritaire conserve donc une probabilit\u00e9 \u00e9lev\u00e9e d\u2019arriver dans les temps, mais aucune certitude absolue. Pour les envois les plus sensibles, certains exp\u00e9diteurs privil\u00e9gient encore des solutions compl\u00e9mentaires (recommand\u00e9, doublon num\u00e9rique, remise en main propre).<\/p>\n<div style=\"border:1px solid #e65100;padding:12px 16px;margin:20px 0;background:#fff3e0;\">\n  <strong>\u00c0 savoir :<\/strong> l\u2019e\u2011lettre rouge s\u2019effectue uniquement en ligne. Un probl\u00e8me d\u2019acc\u00e8s internet, de navigateur ou de validation de paiement bloque l\u2019envoi. Pour un courrier prioritaire d\u00e9cid\u00e9 \u00e0 la derni\u00e8re minute, pr\u00e9voir un plan B papier dans un bureau de poste \u00e9vite une d\u00e9convenue.<\/div>\n<h2>E\u2011lettre rouge : fonctionnement, fiabilit\u00e9 et limites du service num\u00e9rique<\/h2>\n<p>L\u2019e\u2011lettre rouge symbolise le virage num\u00e9rique de l\u2019acheminement prioritaire. L\u2019exp\u00e9diteur r\u00e9dige ou t\u00e9l\u00e9charge son courrier sur une interface en ligne, La Poste se charge de l\u2019impression, de la mise sous enveloppe et de la distribution. Ce fonctionnement modifie en profondeur les r\u00e9flexes habituels li\u00e9s au timbre prioritaire.<\/p>\n<p>Ce service apporte de la souplesse : pas besoin de timbres physiques ni d\u2019imprimante \u00e0 domicile. En contrepartie, l\u2019utilisateur d\u00e9pend enti\u00e8rement de la plateforme en ligne et du bon d\u00e9roulement du processus automatis\u00e9.<\/p>\n<h3>D\u00e9roul\u00e9 d\u2019une e\u2011lettre rouge en 2026<\/h3>\n<p>Un envoi d\u2019e\u2011lettre rouge suit plusieurs \u00e9tapes techniques tr\u00e8s structur\u00e9es :<\/p>\n<ul>\n<li>R\u00e9daction du courrier sur l\u2019interface ou import d\u2019un fichier (PDF, souvent recommand\u00e9).<\/li>\n<li>Saisie pr\u00e9cise de l\u2019adresse postale du destinataire.<\/li>\n<li>Paiement du tarif prioritaire correspondant \u00e0 la tranche de poids.<\/li>\n<li>Transmission du fichier vers un centre d\u2019impression proche de la zone de distribution.<\/li>\n<li>Impression, insertion dans une enveloppe, affranchissement automatique.<\/li>\n<li>Int\u00e9gration dans le circuit de distribution classique des facteurs.<\/li>\n<\/ul>\n<p>La d\u00e9mat\u00e9rialisation intervient en amont, mais la phase finale reste un transport et une remise physique, avec les m\u00eames al\u00e9as qu\u2019un courrier papier classique.<\/p>\n<h3>Fiabilit\u00e9 de l\u2019e\u2011lettre rouge : ce que l\u2019exp\u00e9diteur doit anticiper<\/h3>\n<p>En 2026, l\u2019e\u2011lettre rouge reste per\u00e7ue comme une solution efficace pour des courriers urgents, mais <strong>le service ne garantit pas une fiabilit\u00e9 totale<\/strong>. Plusieurs points de vigilance se posent :<\/p>\n<ul>\n<li><strong>Absence de garantie contractuelle de d\u00e9lai<\/strong> : le J+1 repr\u00e9sente un objectif de performance, non un engagement ferme.<\/li>\n<li><strong>D\u00e9pendance au num\u00e9rique<\/strong> : panne de site, bug technique, probl\u00e8me de validation bancaire retardent parfois la prise en charge.<\/li>\n<li><strong>Absence de signature du destinataire<\/strong> : l\u2019e\u2011lettre rouge ne remplace pas un recommand\u00e9 pour les besoins de preuve juridique.<\/li>\n<\/ul>\n<p>Pour un usage courant (rappel, attestation simple, courrier d\u2019information), cette marge d\u2019incertitude reste acceptable. Pour un enjeu l\u00e9gal ou contractuel, une strat\u00e9gie d\u2019envoi plus robuste s\u2019impose, avec \u00e9ventuellement un <strong>double canal d\u2019acheminement<\/strong> : version papier prioritaire + document transmis par courrier \u00e9lectronique.<\/p>\n<div style=\"border:1px solid #388e3c;padding:12px 16px;margin:20px 0;background:#e8f5e9;\">\n  <strong>Conseil d\u2019optimisation :<\/strong> lorsque le calendrier devient serr\u00e9, envoyer d\u00e8s le matin et non en fin de journ\u00e9e augmente les chances d\u2019acheminement dans les temps. L\u2019intervalle avant la rel\u00e8ve de production laisse une marge en cas de micro\u2011incident sur la plateforme.<\/div>\n<h2>Tarifs prioritaires 2026 \u00e0 l\u2019international : quel co\u00fbt pour une lettre urgente&nbsp;?<\/h2>\n<p>Les envois prioritaires ne se limitent pas au territoire national. Les \u00e9changes administratifs et priv\u00e9s vers l\u2019\u00e9tranger n\u00e9cessitent souvent une acheminement plus rapide qu\u2019une lettre \u00e9conomique. En 2026, <strong>le tarif prioritaire international jusqu\u2019\u00e0 20&nbsp;g passe \u00e0 2,25&nbsp;\u20ac<\/strong>, contre 2,10&nbsp;\u20ac en 2025, soit une <strong>hausse de +7,14&nbsp;%<\/strong>.<\/p>\n<p>Cette hausse s\u2019inscrit dans la tendance g\u00e9n\u00e9rale des co\u00fbts logistiques \u00e0 l\u2019international : transport a\u00e9rien, acheminement transfrontalier, accords postaux entre pays. Les lettres prioritaires internationales restent donc accessibles, mais leur budget doit \u00eatre int\u00e9gr\u00e9 dans les charges r\u00e9guli\u00e8res pour les professionnels exportateurs ou les travailleurs expatri\u00e9s.<\/p>\n<h3>Sp\u00e9cificit\u00e9s des d\u00e9lais pour les timbres prioritaires internationaux<\/h3>\n<p>Les d\u00e9lais de distribution \u00e0 l\u2019international varient fortement selon la destination, le r\u00e9seau postal local et les accords en vigueur. Le timbre prioritaire international vise un traitement plus rapide que l\u2019envoi standard, mais les d\u00e9lais annonc\u00e9s restent indicatifs.<\/p>\n<p>Quelques grandes tendances se d\u00e9gagent malgr\u00e9 tout :<\/p>\n<ul>\n<li>En Europe de l\u2019Ouest, les courriers prioritaires affichent souvent des d\u00e9lais de quelques jours ouvr\u00e9s.<\/li>\n<li>Vers l\u2019Am\u00e9rique du Nord, l\u2019acheminement combine souvent avion et r\u00e9seau domestique, avec plusieurs jours suppl\u00e9mentaires.<\/li>\n<li>Pour certaines zones \u00e9loign\u00e9es ou insulaires, les \u00e9carts sont plus importants, avec une variabilit\u00e9 plus marqu\u00e9e.<\/li>\n<\/ul>\n<p>Les services de suivi international, lorsqu\u2019ils existent, apportent une visibilit\u00e9 partielle sur le trajet, mais ne transforment pas un d\u00e9lai indicatif en engagement contractuel.<\/p>\n<h2>Augmentations 2026 : impact budg\u00e9taire pour particuliers et entreprises<\/h2>\n<p>Avec une <strong>hausse moyenne des tarifs postaux de +7,4&nbsp;%<\/strong>, l\u2019ann\u00e9e 2026 renforce la pression sur les budgets courrier. Les m\u00e9nages tr\u00e8s utilisateurs de services administratifs papier, ainsi que les petites entreprises, ressentent particuli\u00e8rement les effets de cette progression.<\/p>\n<p>Les hausses ciblent notamment les envois prioritaires et les formules enrichies. L\u2019e\u2011lettre rouge conna\u00eet une augmentation contenue mais r\u00e9elle, tandis que la Lettre Services Plus progresse plus franchement, surtout pour les petits poids.<\/p>\n<h3>Strat\u00e9gies pour limiter l\u2019impact des hausses<\/h3>\n<p>Pour garder la ma\u00eetrise de son budget postal, plusieurs leviers existent, m\u00eame en pr\u00e9sence de tarifs prioritaires en hausse :<\/p>\n<ul>\n<li><strong>S\u00e9lection rigoureuse des courriers \u00e0 envoyer en prioritaire<\/strong> : r\u00e9server J+1 ou J+2 aux documents ayant un v\u00e9ritable enjeu de d\u00e9lai.<\/li>\n<li><strong>Mutualisation des envois<\/strong> : regrouper plusieurs pi\u00e8ces dans une seule enveloppe lorsque la situation le permet, en surveillant la tranche de poids.<\/li>\n<li><strong>Usage combin\u00e9 du num\u00e9rique<\/strong> : compl\u00e9ter l\u2019envoi papier par un email ou un espace client pour limiter les relances postales.<\/li>\n<li><strong>Veille tarifaire active<\/strong> : consulter r\u00e9guli\u00e8rement les pages d\u00e9di\u00e9es, par exemple <a href=\"\/timbre-lettre-verte-prix\/\">\/timbre-lettre-verte-prix\/<\/a> ou <a href=\"\/tarif-lettre-suivie\/\">\/tarif-lettre-suivie\/<\/a>, afin de comparer les options.<\/li>\n<\/ul>\n<p>Une entreprise qui traite beaucoup de courriers sensibles (devis, factures, mises en demeure) gagne \u00e0 formaliser une politique d\u2019envoi : quand utiliser l\u2019e\u2011lettre rouge, quand passer par la Lettre Services Plus, quand privil\u00e9gier l\u2019email ou le recommand\u00e9 \u00e9lectronique.<\/p>\n<div style=\"border:1px solid #6a1b9a;padding:12px 16px;margin:20px 0;background:#f8f1ff;\">\n  <strong>Point de vigilance :<\/strong> l\u2019affranchissement insuffisant d\u2019un courrier prioritaire entra\u00eene souvent un retard suppl\u00e9mentaire, le temps de la r\u00e9gularisation. V\u00e9rifier syst\u00e9matiquement le poids r\u00e9el et la grille en vigueur \u00e9vite ces allers\u2011retours inutiles.<\/div>\n<h2>Timbre prioritaire et autres affranchissements : bien choisir entre rapidit\u00e9 et co\u00fbt<\/h2>\n<p>Le timbre prioritaire ne fonctionne pas en vase clos. Il s\u2019inscrit dans une offre globale o\u00f9 se croisent lettre verte, lettre suivie, lettre recommand\u00e9e et d\u00e9sormais services num\u00e9riques. L\u2019enjeu consiste \u00e0 croiser d\u00e9lai d\u2019acheminement, besoin de preuve, suivi et budget.<\/p>\n<p>Un courrier administratif simple supporte g\u00e9n\u00e9ralement un d\u00e9lai un peu plus long, alors qu\u2019une \u00e9ch\u00e9ance contractuelle ou une r\u00e9ponse \u00e0 une injonction respecte un calendrier serr\u00e9. Le choix de l\u2019affranchissement devient donc un arbitrage fin entre urgence et co\u00fbt.<\/p>\n<h3>Lettre verte, suivi, recommand\u00e9 : comparaison rapide avec le timbre prioritaire<\/h3>\n<p>Face au timbre prioritaire, plusieurs alternatives m\u00e9ritent une analyse d\u00e9taill\u00e9e :<\/p>\n<ul>\n<li><strong>Lettre verte<\/strong> : d\u00e9lai plus long que le prioritaire, tarif inf\u00e9rieur. Adapt\u00e9e aux \u00e9changes non urgents et au courrier courant.<\/li>\n<li><strong>Lettre suivie<\/strong> : tarif interm\u00e9diaire, suivi en ligne, d\u00e9lai souvent proche du prioritaire pour certains flux. Utile pour des petits objets ou documents importants, notamment en compl\u00e9ment des informations sur <a href=\"\/tarif-lettre-suivie\/\">\/tarif-lettre-suivie\/<\/a>.<\/li>\n<li><strong>Lettre recommand\u00e9e<\/strong> : preuve de d\u00e9p\u00f4t et parfois de r\u00e9ception, co\u00fbt sup\u00e9rieur, d\u00e9lais similaires \u00e0 une lettre prioritaire ou verte selon l\u2019option. Indispensable pour les enjeux juridiques.<\/li>\n<\/ul>\n<p>Entre ces options, le timbre prioritaire reste un compromis pour obtenir un d\u00e9lai plus court que la lettre verte, sans atteindre le co\u00fbt d\u2019une Lettre Services Plus ou d\u2019un recommand\u00e9.<\/p>\n<h3>Cas pratiques : quand utiliser un timbre prioritaire en 2026&nbsp;?<\/h3>\n<p>Quelques situations typiques illustrent l\u2019usage pertinent du timbre prioritaire et de ses alternatives :<\/p>\n<ul>\n<li><strong>R\u00e9ponse \u00e0 une convocation avec date limite proche<\/strong> : e\u2011lettre rouge pour gagner un jour par rapport \u00e0 une lettre verte, avec copie envoy\u00e9e par email.<\/li>\n<li><strong>Envoi de duplicata de documents \u00e0 un client<\/strong> : lettre suivie si la tra\u00e7abilit\u00e9 compte davantage que le d\u00e9lai extr\u00eame, en tenant compte des informations tarifaires actualis\u00e9es.<\/li>\n<li><strong>Relance amiable d\u2019un d\u00e9biteur<\/strong> : lettre verte ou suivie, r\u00e9servant le recommand\u00e9 pour une \u00e9tape ult\u00e9rieure.<\/li>\n<li><strong>Transmission d\u2019un dossier complet \u00e0 une administration<\/strong> : combinaison lettre prioritaire + d\u00e9p\u00f4t sur portail en ligne lorsque disponible.<\/li>\n<\/ul>\n<p>Dans de nombreux cas, une simple <strong>lettre verte bien anticip\u00e9e<\/strong> limite les co\u00fbts tout en respectant les \u00e9ch\u00e9ances. Un suivi r\u00e9gulier des grilles comme celles rassembl\u00e9es dans <a href=\"\/tarif-timbre-2026\/\">\/tarif-timbre-2026\/<\/a> aide \u00e0 adopter les bons r\u00e9flexes au quotidien.<\/p>\n<h2>Poids, tranches tarifaires et e\u2011lettre rouge au\u2011del\u00e0 de 20&nbsp;g<\/h2>\n<p>Le poids de l\u2019envoi reste un param\u00e8tre d\u00e9cisif pour le tarif prioritaire. Un courrier qui franchit une tranche de poids change de grille et rench\u00e9rit l\u2019affranchissement. En 2026, l\u2019e\u2011lettre rouge affiche une <strong>augmentation d\u2019environ 2&nbsp;% pour les tranches au\u2011del\u00e0 de 20&nbsp;g<\/strong>.<\/p>\n<p>Les tranches sup\u00e9rieures (20\u201150&nbsp;g, 50\u2011100&nbsp;g, etc.) concernent surtout les dossiers volumineux, les impressions de contrats, les conditions g\u00e9n\u00e9rales jointes ou les notices techniques. Pour ces envois, la question d\u2019une alternative num\u00e9rique int\u00e9grale se pose souvent.<\/p>\n<h3>G\u00e9rer le poids pour limiter la hausse tarifaire<\/h3>\n<p>Quelques actions simples r\u00e9duisent le poids d\u2019un courrier prioritaire :<\/p>\n<ul>\n<li>Imprimer en recto\u2011verso pour diminuer le nombre de feuilles.<\/li>\n<li>\u00c9viter les annexes peu utiles, ou les proposer en t\u00e9l\u00e9chargement en ligne.<\/li>\n<li>Regrouper plusieurs documents dans un envoi unique plut\u00f4t que multiplier les lettres s\u00e9par\u00e9es.<\/li>\n<li>Envisager une transmission num\u00e9rique compl\u00e9mentaire lorsque la r\u00e9glementation l\u2019autorise.<\/li>\n<\/ul>\n<p>Une pes\u00e9e syst\u00e9matique des enveloppes avant affranchissement reste un r\u00e9flexe rentable. Un d\u00e9passement minime de la tranche peut g\u00e9n\u00e9rer une hausse significative du co\u00fbt, surtout sur des volumes importants d\u2019envois prioritaire.<\/p>\n<blockquote><p>\u00ab&nbsp;Un affranchissement adapt\u00e9 au poids r\u00e9el de la lettre garantit la bonne prise en charge et \u00e9vite toute taxation compl\u00e9mentaire susceptible de retarder la distribution.&nbsp;\u00bb<\/p><\/blockquote>\n<p>Cette approche rigoureuse du poids, du choix d\u2019offre et du d\u00e9lai cible offre un cadre solide pour utiliser le timbre prioritaire en 2026 de mani\u00e8re rationnelle, sans surco\u00fbt inutile et avec une visibilit\u00e9 claire sur les performances attendues.<\/p>\n","protected":false},"excerpt":{"rendered":"","protected":false},"author":29,"featured_media":0,"comment_status":"open","ping_status":"","sticky":false,"template":"","format":"standard","meta":{"_acf_changed":false,"subtitle":"","footnotes":""},"categories":[520],"tags":[],"class_list":["post-11569","post","type-post","status-publish","format-standard","hentry","category-conseils","generate-columns","tablet-grid-50","mobile-grid-100","grid-parent","grid-33"],"acf":false,"yoast_head":"<!-- This site is optimized with the Yoast SEO plugin v25.8 - https:\/\/yoast.com\/wordpress\/plugins\/seo\/ -->\n<title>Timbre prioritaire : tarif et d\u00e9lai d&#039;acheminement en 2026 | SFPF<\/title>\n<meta name=\"description\" content=\"Entre l\u2019e\u2011lettre rouge, la Lettre Services Plus et les envois internationaux, le timbre prioritaire en 2026 change de visage et de tarif. Les particuliers\" \/>\n<meta name=\"robots\" content=\"index, follow, max-snippet:-1, max-image-preview:large, max-video-preview:-1\" \/>\n<link rel=\"canonical\" href=\"https:\/\/www.sfpf.fr\/actu\/timbre-lettre-prioritaire\" \/>\n<meta property=\"og:locale\" content=\"fr_FR\" \/>\n<meta property=\"og:type\" content=\"article\" \/>\n<meta property=\"og:title\" content=\"Timbre prioritaire : tarif et d\u00e9lai d&#039;acheminement en 2026 | SFPF\" \/>\n<meta property=\"og:description\" content=\"Entre l\u2019e\u2011lettre rouge, la Lettre Services Plus et les envois internationaux, le timbre prioritaire en 2026 change de visage et de tarif. Les particuliers\" \/>\n<meta property=\"og:url\" content=\"https:\/\/www.sfpf.fr\/actu\/timbre-lettre-prioritaire\" \/>\n<meta property=\"og:site_name\" content=\"SFPF\" \/>\n<meta property=\"article:published_time\" content=\"2026-03-06T06:30:00+00:00\" \/>\n<meta name=\"author\" content=\"Laredac\" \/>\n<meta name=\"twitter:card\" content=\"summary_large_image\" \/>\n<meta name=\"twitter:label1\" content=\"\u00c9crit par\" \/>\n\t<meta name=\"twitter:data1\" content=\"Laredac\" \/>\n\t<meta name=\"twitter:label2\" content=\"Dur\u00e9e de lecture estim\u00e9e\" \/>\n\t<meta name=\"twitter:data2\" content=\"14 minutes\" \/>\n<script type=\"application\/ld+json\" class=\"yoast-schema-graph\">{\"@context\":\"https:\/\/schema.org\",\"@graph\":[{\"@type\":\"NewsArticle\",\"@id\":\"https:\/\/www.sfpf.fr\/actu\/timbre-lettre-prioritaire#article\",\"isPartOf\":{\"@id\":\"https:\/\/www.sfpf.fr\/actu\/timbre-lettre-prioritaire\"},\"author\":{\"name\":\"Laredac\",\"@id\":\"https:\/\/www.sfpf.fr\/actu\/#\/schema\/person\/bd87396233d24e5e46c39394bfc2a378\"},\"headline\":\"Timbre prioritaire : tarif et d\u00e9lai d&rsquo;acheminement en 2026\",\"datePublished\":\"2026-03-06T06:30:00+00:00\",\"mainEntityOfPage\":{\"@id\":\"https:\/\/www.sfpf.fr\/actu\/timbre-lettre-prioritaire\"},\"wordCount\":2720,\"commentCount\":0,\"publisher\":{\"@id\":\"https:\/\/www.sfpf.fr\/actu\/#organization\"},\"articleSection\":[\"Conseils\"],\"inLanguage\":\"fr-FR\",\"potentialAction\":[{\"@type\":\"CommentAction\",\"name\":\"Comment\",\"target\":[\"https:\/\/www.sfpf.fr\/actu\/timbre-lettre-prioritaire#respond\"]}]},{\"@type\":\"WebPage\",\"@id\":\"https:\/\/www.sfpf.fr\/actu\/timbre-lettre-prioritaire\",\"url\":\"https:\/\/www.sfpf.fr\/actu\/timbre-lettre-prioritaire\",\"name\":\"Timbre prioritaire : tarif et d\u00e9lai d'acheminement en 2026 | SFPF\",\"isPartOf\":{\"@id\":\"https:\/\/www.sfpf.fr\/actu\/#website\"},\"datePublished\":\"2026-03-06T06:30:00+00:00\",\"description\":\"Entre l\u2019e\u2011lettre rouge, la Lettre Services Plus et les envois internationaux, le timbre prioritaire en 2026 change de visage et de tarif. Les particuliers\",\"breadcrumb\":{\"@id\":\"https:\/\/www.sfpf.fr\/actu\/timbre-lettre-prioritaire#breadcrumb\"},\"inLanguage\":\"fr-FR\",\"potentialAction\":[{\"@type\":\"ReadAction\",\"target\":[\"https:\/\/www.sfpf.fr\/actu\/timbre-lettre-prioritaire\"]}]},{\"@type\":\"BreadcrumbList\",\"@id\":\"https:\/\/www.sfpf.fr\/actu\/timbre-lettre-prioritaire#breadcrumb\",\"itemListElement\":[{\"@type\":\"ListItem\",\"position\":1,\"name\":\"Accueil\",\"item\":\"https:\/\/www.sfpf.fr\/actu\"},{\"@type\":\"ListItem\",\"position\":2,\"name\":\"Conseils\",\"item\":\"https:\/\/www.sfpf.fr\/actu\/categorie\/conseils\"},{\"@type\":\"ListItem\",\"position\":3,\"name\":\"Timbre prioritaire : tarif et d\u00e9lai d&rsquo;acheminement en 2026\"}]},{\"@type\":\"WebSite\",\"@id\":\"https:\/\/www.sfpf.fr\/actu\/#website\",\"url\":\"https:\/\/www.sfpf.fr\/actu\/\",\"name\":\"SFPF\",\"description\":\"\",\"publisher\":{\"@id\":\"https:\/\/www.sfpf.fr\/actu\/#organization\"},\"potentialAction\":[{\"@type\":\"SearchAction\",\"target\":{\"@type\":\"EntryPoint\",\"urlTemplate\":\"https:\/\/www.sfpf.fr\/actu\/?s={search_term_string}\"},\"query-input\":{\"@type\":\"PropertyValueSpecification\",\"valueRequired\":true,\"valueName\":\"search_term_string\"}}],\"inLanguage\":\"fr-FR\"},{\"@type\":\"Organization\",\"@id\":\"https:\/\/www.sfpf.fr\/actu\/#organization\",\"name\":\"SFPF\",\"url\":\"https:\/\/www.sfpf.fr\/actu\/\",\"logo\":{\"@type\":\"ImageObject\",\"inLanguage\":\"fr-FR\",\"@id\":\"https:\/\/www.sfpf.fr\/actu\/#\/schema\/logo\/image\/\",\"url\":\"https:\/\/www.sfpf.fr\/actu\/wp-content\/uploads\/2025\/09\/media.png\",\"contentUrl\":\"https:\/\/www.sfpf.fr\/actu\/wp-content\/uploads\/2025\/09\/media.png\",\"width\":178,\"height\":100,\"caption\":\"SFPF\"},\"image\":{\"@id\":\"https:\/\/www.sfpf.fr\/actu\/#\/schema\/logo\/image\/\"}},{\"@type\":\"Person\",\"@id\":\"https:\/\/www.sfpf.fr\/actu\/#\/schema\/person\/bd87396233d24e5e46c39394bfc2a378\",\"name\":\"Laredac\",\"image\":{\"@type\":\"ImageObject\",\"inLanguage\":\"fr-FR\",\"@id\":\"https:\/\/www.sfpf.fr\/actu\/#\/schema\/person\/image\/\",\"url\":\"https:\/\/www.sfpf.fr\/actu\/wp-content\/uploads\/2025\/09\/Design-sans-titre-10.jpg\",\"contentUrl\":\"https:\/\/www.sfpf.fr\/actu\/wp-content\/uploads\/2025\/09\/Design-sans-titre-10.jpg\",\"caption\":\"Laredac\"},\"description\":\"La R\u00e9daction, c\u2019est une petite \u00e9quipe de b\u00e9n\u00e9voles curieux et passionn\u00e9s. Si chacun cultive ses propres centres d\u2019int\u00e9r\u00eat \u2014 timbres fiscaux, monnaies, documents anciens ou objets de collection en tout genre \u2014 tous partagent le go\u00fbt de la d\u00e9couverte, de l\u2019authentique et du savoir bien transmis. Attach\u00e9e \u00e0 la qualit\u00e9 de l\u2019information, la r\u00e9daction s\u2019attache \u00e0 couvrir l\u2019actualit\u00e9 des collections, les nouveaut\u00e9s du march\u00e9, les tendances, mais aussi les \u00e9v\u00e9nements, publications et projets li\u00e9s \u00e0 l\u2019univers du patrimoine et de la culture. Sans se prendre trop au s\u00e9rieux, La R\u00e9dac veille \u00e0 proposer un contenu fiable, vivant et accessible \u00e0 tous les curieux, collectionneurs ou simples amateurs.\",\"url\":\"https:\/\/www.sfpf.fr\/actu\/author\/laredac\"}]}<\/script>\n<!-- \/ Yoast SEO plugin. -->","yoast_head_json":{"title":"Timbre prioritaire : tarif et d\u00e9lai d'acheminement en 2026 | SFPF","description":"Entre l\u2019e\u2011lettre rouge, la Lettre Services Plus et les envois internationaux, le timbre prioritaire en 2026 change de visage et de tarif. Les particuliers","robots":{"index":"index","follow":"follow","max-snippet":"max-snippet:-1","max-image-preview":"max-image-preview:large","max-video-preview":"max-video-preview:-1"},"canonical":"https:\/\/www.sfpf.fr\/actu\/timbre-lettre-prioritaire","og_locale":"fr_FR","og_type":"article","og_title":"Timbre prioritaire : tarif et d\u00e9lai d'acheminement en 2026 | SFPF","og_description":"Entre l\u2019e\u2011lettre rouge, la Lettre Services Plus et les envois internationaux, le timbre prioritaire en 2026 change de visage et de tarif. Les particuliers","og_url":"https:\/\/www.sfpf.fr\/actu\/timbre-lettre-prioritaire","og_site_name":"SFPF","article_published_time":"2026-03-06T06:30:00+00:00","author":"Laredac","twitter_card":"summary_large_image","twitter_misc":{"\u00c9crit par":"Laredac","Dur\u00e9e de lecture estim\u00e9e":"14 minutes"},"schema":{"@context":"https:\/\/schema.org","@graph":[{"@type":"NewsArticle","@id":"https:\/\/www.sfpf.fr\/actu\/timbre-lettre-prioritaire#article","isPartOf":{"@id":"https:\/\/www.sfpf.fr\/actu\/timbre-lettre-prioritaire"},"author":{"name":"Laredac","@id":"https:\/\/www.sfpf.fr\/actu\/#\/schema\/person\/bd87396233d24e5e46c39394bfc2a378"},"headline":"Timbre prioritaire : tarif et d\u00e9lai d&rsquo;acheminement en 2026","datePublished":"2026-03-06T06:30:00+00:00","mainEntityOfPage":{"@id":"https:\/\/www.sfpf.fr\/actu\/timbre-lettre-prioritaire"},"wordCount":2720,"commentCount":0,"publisher":{"@id":"https:\/\/www.sfpf.fr\/actu\/#organization"},"articleSection":["Conseils"],"inLanguage":"fr-FR","potentialAction":[{"@type":"CommentAction","name":"Comment","target":["https:\/\/www.sfpf.fr\/actu\/timbre-lettre-prioritaire#respond"]}]},{"@type":"WebPage","@id":"https:\/\/www.sfpf.fr\/actu\/timbre-lettre-prioritaire","url":"https:\/\/www.sfpf.fr\/actu\/timbre-lettre-prioritaire","name":"Timbre prioritaire : tarif et d\u00e9lai d'acheminement en 2026 | SFPF","isPartOf":{"@id":"https:\/\/www.sfpf.fr\/actu\/#website"},"datePublished":"2026-03-06T06:30:00+00:00","description":"Entre l\u2019e\u2011lettre rouge, la Lettre Services Plus et les envois internationaux, le timbre prioritaire en 2026 change de visage et de tarif. Les particuliers","breadcrumb":{"@id":"https:\/\/www.sfpf.fr\/actu\/timbre-lettre-prioritaire#breadcrumb"},"inLanguage":"fr-FR","potentialAction":[{"@type":"ReadAction","target":["https:\/\/www.sfpf.fr\/actu\/timbre-lettre-prioritaire"]}]},{"@type":"BreadcrumbList","@id":"https:\/\/www.sfpf.fr\/actu\/timbre-lettre-prioritaire#breadcrumb","itemListElement":[{"@type":"ListItem","position":1,"name":"Accueil","item":"https:\/\/www.sfpf.fr\/actu"},{"@type":"ListItem","position":2,"name":"Conseils","item":"https:\/\/www.sfpf.fr\/actu\/categorie\/conseils"},{"@type":"ListItem","position":3,"name":"Timbre prioritaire : tarif et d\u00e9lai d&rsquo;acheminement en 2026"}]},{"@type":"WebSite","@id":"https:\/\/www.sfpf.fr\/actu\/#website","url":"https:\/\/www.sfpf.fr\/actu\/","name":"SFPF","description":"","publisher":{"@id":"https:\/\/www.sfpf.fr\/actu\/#organization"},"potentialAction":[{"@type":"SearchAction","target":{"@type":"EntryPoint","urlTemplate":"https:\/\/www.sfpf.fr\/actu\/?s={search_term_string}"},"query-input":{"@type":"PropertyValueSpecification","valueRequired":true,"valueName":"search_term_string"}}],"inLanguage":"fr-FR"},{"@type":"Organization","@id":"https:\/\/www.sfpf.fr\/actu\/#organization","name":"SFPF","url":"https:\/\/www.sfpf.fr\/actu\/","logo":{"@type":"ImageObject","inLanguage":"fr-FR","@id":"https:\/\/www.sfpf.fr\/actu\/#\/schema\/logo\/image\/","url":"https:\/\/www.sfpf.fr\/actu\/wp-content\/uploads\/2025\/09\/media.png","contentUrl":"https:\/\/www.sfpf.fr\/actu\/wp-content\/uploads\/2025\/09\/media.png","width":178,"height":100,"caption":"SFPF"},"image":{"@id":"https:\/\/www.sfpf.fr\/actu\/#\/schema\/logo\/image\/"}},{"@type":"Person","@id":"https:\/\/www.sfpf.fr\/actu\/#\/schema\/person\/bd87396233d24e5e46c39394bfc2a378","name":"Laredac","image":{"@type":"ImageObject","inLanguage":"fr-FR","@id":"https:\/\/www.sfpf.fr\/actu\/#\/schema\/person\/image\/","url":"https:\/\/www.sfpf.fr\/actu\/wp-content\/uploads\/2025\/09\/Design-sans-titre-10.jpg","contentUrl":"https:\/\/www.sfpf.fr\/actu\/wp-content\/uploads\/2025\/09\/Design-sans-titre-10.jpg","caption":"Laredac"},"description":"La R\u00e9daction, c\u2019est une petite \u00e9quipe de b\u00e9n\u00e9voles curieux et passionn\u00e9s. Si chacun cultive ses propres centres d\u2019int\u00e9r\u00eat \u2014 timbres fiscaux, monnaies, documents anciens ou objets de collection en tout genre \u2014 tous partagent le go\u00fbt de la d\u00e9couverte, de l\u2019authentique et du savoir bien transmis. Attach\u00e9e \u00e0 la qualit\u00e9 de l\u2019information, la r\u00e9daction s\u2019attache \u00e0 couvrir l\u2019actualit\u00e9 des collections, les nouveaut\u00e9s du march\u00e9, les tendances, mais aussi les \u00e9v\u00e9nements, publications et projets li\u00e9s \u00e0 l\u2019univers du patrimoine et de la culture. Sans se prendre trop au s\u00e9rieux, La R\u00e9dac veille \u00e0 proposer un contenu fiable, vivant et accessible \u00e0 tous les curieux, collectionneurs ou simples amateurs.","url":"https:\/\/www.sfpf.fr\/actu\/author\/laredac"}]}},"_links":{"self":[{"href":"https:\/\/www.sfpf.fr\/actu\/wp-json\/wp\/v2\/posts\/11569","targetHints":{"allow":["GET"]}}],"collection":[{"href":"https:\/\/www.sfpf.fr\/actu\/wp-json\/wp\/v2\/posts"}],"about":[{"href":"https:\/\/www.sfpf.fr\/actu\/wp-json\/wp\/v2\/types\/post"}],"author":[{"embeddable":true,"href":"https:\/\/www.sfpf.fr\/actu\/wp-json\/wp\/v2\/users\/29"}],"replies":[{"embeddable":true,"href":"https:\/\/www.sfpf.fr\/actu\/wp-json\/wp\/v2\/comments?post=11569"}],"version-history":[{"count":1,"href":"https:\/\/www.sfpf.fr\/actu\/wp-json\/wp\/v2\/posts\/11569\/revisions"}],"predecessor-version":[{"id":11750,"href":"https:\/\/www.sfpf.fr\/actu\/wp-json\/wp\/v2\/posts\/11569\/revisions\/11750"}],"wp:attachment":[{"href":"https:\/\/www.sfpf.fr\/actu\/wp-json\/wp\/v2\/media?parent=11569"}],"wp:term":[{"taxonomy":"category","embeddable":true,"href":"https:\/\/www.sfpf.fr\/actu\/wp-json\/wp\/v2\/categories?post=11569"},{"taxonomy":"post_tag","embeddable":true,"href":"https:\/\/www.sfpf.fr\/actu\/wp-json\/wp\/v2\/tags?post=11569"}],"curies":[{"name":"wp","href":"https:\/\/api.w.org\/{rel}","templated":true}]}}