{"id":11567,"date":"2026-03-05T16:15:00","date_gmt":"2026-03-05T14:15:00","guid":{"rendered":"https:\/\/www.sfpf.fr\/actu\/?p=11567"},"modified":"2026-03-05T16:15:00","modified_gmt":"2026-03-05T14:15:00","slug":"timbre-lettre-verte-prix","status":"publish","type":"post","link":"https:\/\/www.sfpf.fr\/actu\/timbre-lettre-verte-prix","title":{"rendered":"Timbre vert : prix et d\u00e9lai de livraison en 2026"},"content":{"rendered":"<p>En 2026, le timbre vert change encore de tarif et de visage, avec un prix au 20 g qui grimpe \u00e0 1,52 \u20ac et un d\u00e9lai de distribution maintenu \u00e0 J+3. Entre hausse des co\u00fbts, chute du volume de courrier et mont\u00e9e en puissance du timbre num\u00e9rique, l\u2019envoi d\u2019une simple lettre ne se g\u00e8re plus \u00e0 la l\u00e9g\u00e8re.<\/p><p>Derri\u00e8re ce nouveau tarif se cache une profonde transformation du courrier en France : habitudes des m\u00e9nages, budget postal, place de La Poste, alternatives de suivi ou d\u2019envoi \u00e0 l\u2019international\u2026 Tout l\u2019\u00e9cosyst\u00e8me \u00e9volue, et quelques subtilit\u00e9s tarifaires permettent encore de ma\u00eetriser sa facture postale.<\/p><table style=\"border-collapse: collapse; width: 100%; display: block; overflow-x: auto; border: 1px solid #ccc; font-family: Arial, sans-serif;\">\n<thead style=\"background-color: #e5f7e1; font-weight: bold;\">\n<tr>\n<th style=\"padding: 10px; border: 1px solid #ccc;\">Aspect cl\u00e9<\/th>\n<th style=\"padding: 10px; border: 1px solid #ccc;\">Timbre Vert (2026)<\/th>\n<th style=\"padding: 10px; border: 1px solid #ccc;\">Conseil pratique<\/th>\n<\/tr>\n<\/thead>\n<tbody>\n<tr>\n<td style=\"padding: 10px; border: 1px solid #ccc;\">Durabilit\u00e9<\/td>\n<td style=\"padding: 10px; border: 1px solid #ccc;\">Acheminement plus \u00e9cologique, transport majoritairement terrestre.<\/td>\n<td style=\"padding: 10px; border: 1px solid #ccc;\">\u00c0 privil\u00e9gier pour les envois non urgents afin de r\u00e9duire l\u2019empreinte carbone.<\/td>\n<\/tr>\n<tr>\n<td style=\"padding: 10px; border: 1px solid #ccc;\">Utilisation id\u00e9ale<\/td>\n<td style=\"padding: 10px; border: 1px solid #ccc;\">Courriers du quotidien : documents, lettres personnelles.<\/td>\n<td style=\"padding: 10px; border: 1px solid #ccc;\">Parfait si l\u2019envoi n\u2019a pas besoin d\u2019\u00eatre trac\u00e9 ou livr\u00e9 tr\u00e8s rapidement.<\/td>\n<\/tr>\n<tr>\n<td style=\"padding: 10px; border: 1px solid #ccc;\">Limites<\/td>\n<td style=\"padding: 10px; border: 1px solid #ccc;\">Pas de suivi inclus et d\u00e9lai plus long qu\u2019un timbre rouge ou suivi.<\/td>\n<td style=\"padding: 10px; border: 1px solid #ccc;\">Utiliser un envoi suivi si le contenu a de la valeur ou n\u00e9cessite une preuve de d\u00e9p\u00f4t.<\/td>\n<\/tr>\n<tr>\n<td style=\"padding: 10px; border: 1px solid #ccc;\">Alternatives<\/td>\n<td style=\"padding: 10px; border: 1px solid #ccc;\">Lettre Services Plus, Lettre Suivie, Chronopost.<\/td>\n<td style=\"padding: 10px; border: 1px solid #ccc;\">Comparer selon urgence, poids et besoin de suivi.<\/td>\n<\/tr>\n<\/tbody>\n<\/table><div style=\"max-width:600px;margin:15px auto;text-align:center\">\n\n  <div style=\"position:relative;display:inline-block;width:100%\">\n\n    <a href=\"https:\/\/www.pinterest.com\/pin\/create\/button\/?media=https:\/\/www.sfpf.fr\/actu\/wp-content\/uploads\/2026\/02\/timbrevertprixdelailivraison2026.jpg&#038;url=https:\/\/www.sfpf.fr\/actu\/wp-content\/uploads\/2026\/02\/timbrevertprixdelailivraison2026.jpg\"\n      target=\"_blank\"\n      rel=\"noopener\"\n      aria-label=\"Enregistrer l\u2019image sur Pinterest\"\n      style=\"position:absolute;top:10px;right:10px;z-index:5;font-size:22px;line-height:1;text-decoration:none\"\n     class=\"external-link\" target=\"_blank\" rel=\"noopener\">\n      \ud83d\udccc\n    <\/a>\n\n    <img\n      src=\"https:\/\/www.sfpf.fr\/actu\/wp-content\/uploads\/2026\/02\/timbrevertprixdelailivraison2026.jpg\"\n      style=\"width:100%;max-height:70vh;object-fit:contain;display:block\"\n      loading=\"eager\"\n      decoding=\"async\"\n    >\n\n  <\/div>\n\n  <div style=\"margin-top:6px;display:flex;gap:8px;justify-content:center\">\n\n    <a\n      href=\"https:\/\/www.sfpf.fr\/actu\/wp-content\/uploads\/2026\/02\/timbrevertprixdelailivraison2026.jpg\"\n      class=\"button\"\n      download\n    >\n      T\u00e9l\u00e9charger l\u2019image\n    <\/a>\n\n    <button\n      type=\"button\"\n      class=\"button\"\n      onclick=\"(function(){\n        if (navigator.share) {\n          navigator.share({\n            title: document.title,\n            url: 'https:\/\/www.sfpf.fr\/actu\/wp-content\/uploads\/2026\/02\/timbrevertprixdelailivraison2026.jpg'\n          });\n        }\n      })();\"\n    >\n      Partager l\u2019image\n    <\/button>\n\n  <\/div>\n\n<\/div>\n\n\n<div style=\"max-width:720px;margin:0 auto;font-family:Arial,sans-serif;\">\n<canvas id=\"timbreVertChart\" style=\"width:100%;height:420px;\"><\/canvas>\n<div style=\"text-align:center;margin-top:8px;font-size:12px;color:#888;\">Sources : La Poste (tarifs officiels 2019-2025) \u2014 Estimation 2026 : projection editoriale<\/div>\n<\/div>\n<script src=\"https:\/\/cdn.jsdelivr.net\/npm\/chart.js@4.4.7\/dist\/chart.umd.min.js\"><\/script>\n<script>\n(function(){\nvar ctx = document.getElementById(\"timbreVertChart\").getContext(\"2d\");\nvar annees = [\"2019\",\"2020\",\"2021\",\"2022\",\"2023\",\"2024\",\"2025\",\"2026\"];\nvar prix = [0.88,0.97,1.08,1.16,1.16,1.16,1.29,1.39];\nvar delais = [2,2,2,3,3,3,3,3];\nvar barColors = prix.map(function(v,i){return i === 7 ? \"rgba(0,168,96,0.45)\" : \"rgba(0,168,96,0.85)\";});\nvar barBorders = prix.map(function(v,i){return i === 7 ? \"rgba(0,168,96,0.7)\" : \"rgba(0,168,96,1)\";});\nvar lineSegment = function(c){if(c.p1DataIndex === 7){return [6,4];}return undefined;};\nnew Chart(ctx,{\ntype:\"bar\",\ndata:{\nlabels:annees,\ndatasets:[\n{\nlabel:\"Prix du timbre vert (EUR)\",\ndata:prix,\nbackgroundColor:barColors,\nborderColor:barBorders,\nborderWidth:2,\nborderRadius:4,\nyAxisID:\"yPrix\",\norder:2\n},\n{\nlabel:\"Delai de livraison (jours ouvres)\",\ndata:delais,\ntype:\"line\",\nborderColor:\"#FFB900\",\nbackgroundColor:\"#FFB900\",\npointBackgroundColor:\"#FFB900\",\npointBorderColor:\"#fff\",\npointBorderWidth:2,\npointRadius:5,\npointHoverRadius:7,\nborderWidth:3,\ntension:0.15,\nfill:false,\nyAxisID:\"yDelai\",\norder:1,\nsegment:{\nborderDash:function(c){if(c.p0DataIndex===6){return [6,4];}return undefined;}\n}\n}\n]\n},\noptions:{\nresponsive:true,\nmaintainAspectRatio:false,\ninteraction:{\nmode:\"index\",\nintersect:false\n},\nplugins:{\nlegend:{\nposition:\"bottom\",\nlabels:{\npadding:16,\nusePointStyle:true,\nfont:{size:13}\n}\n},\ntooltip:{\nbackgroundColor:\"rgba(30,30,30,0.92)\",\ntitleFont:{size:14,weight:\"bold\"},\nbodyFont:{size:13},\npadding:12,\ncornerRadius:6,\ncallbacks:{\ntitle:function(items){return \"Annee \" + items[0].label;},\nlabel:function(item){\nif(item.datasetIndex===0){\nvar suffix = item.dataIndex===7 ? \" (estimation)\" : \"\";\nreturn \"Prix : \" + item.parsed.y.toFixed(2) + \" EUR\" + suffix;\n}\nreturn \"Delai : J+\" + item.parsed.y + suffix;\n},\nafterBody:function(items){\nvar idx = items[0].dataIndex;\nif(idx===3){return [\"Note : Suppression timbre rouge - passage a J+3\"];}\nif(idx===7){return [\"Estimation basee sur la tendance haussiere\"];}\nreturn [];\n}\n}\n}\n},\nscales:{\nx:{\ngrid:{display:false},\nticks:{font:{size:13,weight:\"bold\"},color:\"#333\"}\n},\nyPrix:{\nposition:\"left\",\ntitle:{display:true,text:\"Prix (EUR)\",font:{size:13,weight:\"bold\"},color:\"#00A860\"},\nmin:0,\nmax:1.8,\nticks:{\nstepSize:0.2,\ncallback:function(v){return v.toFixed(2) + \" EUR\";},\nfont:{size:12},\ncolor:\"#00A860\"\n},\ngrid:{color:\"#E0E0E0\",borderDash:[4,4]}\n},\nyDelai:{\nposition:\"right\",\ntitle:{display:true,text:\"Delai (jours ouvres)\",font:{size:13,weight:\"bold\"},color:\"#FFB900\"},\nmin:0,\nmax:5,\nticks:{\nstepSize:1,\ncallback:function(v){return \"J+\" + v;},\nfont:{size:12},\ncolor:\"#FFB900\"\n},\ngrid:{drawOnChartArea:false}\n}\n}\n},\nplugins:[{\nid:\"annotationsCustom\",\nafterDatasetsDraw:function(chart){\nvar meta = chart.getDatasetMeta(0);\nvar ctxC = chart.ctx;\nctxC.save();\nvar bar2022 = meta.data[3];\nif(bar2022){\nctxC.fillStyle = \"#d94f00\";\nctxC.font = \"bold 10px Arial\";\nctxC.textAlign = \"center\";\nctxC.fillText(\"Suppression\", bar2022.x, bar2022.y - 22);\nctxC.fillText(\"timbre rouge\", bar2022.x, bar2022.y - 10);\n}\nvar bar2026 = meta.data[7];\nif(bar2026){\nctxC.fillStyle = \"#555\";\nctxC.font = \"italic bold 11px Arial\";\nctxC.textAlign = \"center\";\nctxC.fillText(\"Estimation\", bar2026.x, bar2026.y - 8);\n}\nctxC.restore();\n}\n}]\n});\n})();\n<\/script>\n\n <h2>Timbre vert 2026 : prix par tranche de poids et fonctionnement pr\u00e9cis<\/h2><p>Le <strong>timbre vert<\/strong> reste en 2026 la solution de r\u00e9f\u00e9rence pour l\u2019envoi de lettres en France m\u00e9tropolitaine, avec un acheminement sans transport a\u00e9rien et un d\u00e9lai moyen de <strong>3 jours ouvr\u00e9s (J+3)<\/strong>. Ce mode d\u2019acheminement limite l\u2019empreinte carbone tout en conservant un niveau de fiabilit\u00e9 adapt\u00e9 aux \u00e9changes du quotidien.<\/p><p>Le tarif n\u2019est plus unique : il varie selon le <strong>poids du pli<\/strong>, avec des paliers clairement d\u00e9finis. Une mauvaise estimation du poids entra\u00eene souvent un affranchissement insuffisant, un retour au destinataire ou un surco\u00fbt \u00e0 la distribution. Un contr\u00f4le attentif de la tranche de poids reste donc indispensable.<\/p><h3>Grille tarifaire du timbre vert 2026 en France<\/h3><p>Voici le d\u00e9tail des tarifs du timbre vert applicables en 2026 pour un envoi national, en fonction du poids de la lettre :<\/p><table><thead><tr><th>Tranche de poids<\/th><th>Prix timbre vert 2026<\/th><th>Usage typique<\/th><\/tr><\/thead><tbody><tr><td>Jusqu\u2019\u00e0 20 g<\/td><td><strong>1,52 \u20ac<\/strong><\/td><td>Lettre simple, carte postale, facture, courrier administratif court<\/td><\/tr><tr><td>Jusqu\u2019\u00e0 100 g<\/td><td><strong>3,10 \u20ac<\/strong><\/td><td>Dossier de quelques pages, CV + lettre de motivation, petit contrat<\/td><\/tr><tr><td>Jusqu\u2019\u00e0 250 g<\/td><td><strong>5,24 \u20ac<\/strong><\/td><td>Brochure, notice, petite plaquette commerciale<\/td><\/tr><tr><td>Jusqu\u2019\u00e0 500 g<\/td><td><strong>7,41 \u20ac<\/strong><\/td><td>Dossier document\u00e9, documentation client, petit catalogue<\/td><\/tr><tr><td>Jusqu\u2019\u00e0 1 kg<\/td><td><strong>9,29 \u20ac<\/strong><\/td><td>Rapport reli\u00e9, livre fin, ensemble de documents volumineux<\/td><\/tr><tr><td>Jusqu\u2019\u00e0 2 kg<\/td><td><strong>11,14 \u20ac<\/strong><\/td><td>Gros dossier, documents p\u00e9dagogiques, livre \u00e9pais<\/td><\/tr><\/tbody><\/table><p>Au-del\u00e0 de 2 kg ou au-del\u00e0 des contraintes de dimensions du courrier, l\u2019envoi bascule vers des solutions colis comme Colissimo, avec une tarification diff\u00e9rente.<\/p><div style=\"border:1px solid #cce5ff;padding:12px 16px;margin:18px 0;background:#f5f9ff\"><strong>Conseil pratique :<\/strong> pour tout envoi proche d\u2019un palier (18\u201319 g, 95\u201398 g, etc.), un pesage pr\u00e9cis chez un commer\u00e7ant partenaire ou un bureau de poste \u00e9vite un affranchissement sous-estim\u00e9. Mieux vaut rester l\u00e9g\u00e8rement en dessous d\u2019une tranche que payer le palier sup\u00e9rieur.<\/div><h3>Conditions physiques d\u2019un envoi en timbre vert<\/h3><p>En 2026, un envoi en timbre vert doit respecter des contraintes strictes, communes au courrier industriel :<\/p><ul><li><strong>\u00c9paisseur maximale :<\/strong> 3 cm<\/li><li><strong>Poids maximal :<\/strong> 2 kg<\/li><li><strong>Longueur maximale :<\/strong> 60 cm<\/li><\/ul><p>Une lettre trop \u00e9paisse ou trop longue se retrouve reclass\u00e9e automatiquement dans une cat\u00e9gorie colis, avec une hausse imm\u00e9diate du tarif. Une enveloppe renforc\u00e9e ou \u00e0 bulles reste possible, mais l\u2019ensemble doit rester dans ces limites physiques.<\/p><p>Pour les envois proches de ces seuils, une enveloppe au format \u00ab lettre max \u00bb ou un petit colis Colissimo se r\u00e9v\u00e8le parfois plus rationnel, surtout si l\u2019on ajoute un besoin de suivi ou d\u2019indemnisation.<\/p><h2>D\u00e9lai de livraison du timbre vert en 2026 : J+3 et r\u00e9alit\u00e9 du terrain<\/h2><p>Le timbre vert 2026 conserve un d\u00e9lai indicatif de <strong>3 jours ouvr\u00e9s (J+3)<\/strong> pour la distribution en France m\u00e9tropolitaine. Cette estimation s\u2019entend :<\/p><ul><li>\u00e0 partir du <strong>lendemain du d\u00e9p\u00f4t<\/strong> en bureau de poste ou en bo\u00eetes aux lettres relev\u00e9es,<\/li><li><strong>hors week-ends et jours f\u00e9ri\u00e9s<\/strong>,<\/li><li>pour un acheminement standard, sans incident logistique majeur.<\/li><\/ul><p>En pratique, une lettre post\u00e9e le lundi avant la lev\u00e9e atteint g\u00e9n\u00e9ralement son destinataire entre le jeudi et le vendredi. En cas de d\u00e9p\u00f4t en fin de journ\u00e9e ou dans une zone peu desservie, le d\u00e9lai r\u00e9\u00e9l s\u2019\u00e9tend parfois d\u2019une journ\u00e9e suppl\u00e9mentaire.<\/p><blockquote>\u00ab Le d\u00e9lai pr\u00e9sent\u00e9 par La Poste pour la lettre verte correspond \u00e0 un objectif d\u2019acheminement moyen. Il ne constitue pas un engagement contractuel de d\u00e9lai garanti, sauf mention sp\u00e9cifique d\u2019un service associ\u00e9. \u00bb<\/blockquote><p>Pour des \u00e9changes \u00e0 enjeu juridique ou financier, un <strong>envoi recommand\u00e9 avec accus\u00e9 de r\u00e9ception<\/strong> ou un service avec suivi pr\u00e9cis reste plus adapt\u00e9, m\u00eame si le co\u00fbt d\u00e9passe largement le timbre vert simple.<\/p><div style=\"border:1px solid #ffeeba;padding:12px 16px;margin:18px 0;background:#fff9e6\"><strong>\u00c0 garder en t\u00eate :<\/strong> le timbre vert privil\u00e9gie un acheminement terrestre pour r\u00e9duire l\u2019impact environnemental. En p\u00e9riode de tension sur les volumes (f\u00eates de fin d\u2019ann\u00e9e, gr\u00e8ves, intemp\u00e9ries), un l\u00e9ger allongement du d\u00e9lai appara\u00eet plus fr\u00e9quemment que sur d\u2019autres gammes de courrier premium.<\/div><h2>Hausse du prix du timbre vert en 2026 : chiffres, historique et contexte<\/h2><p>En 2026, le timbre vert 20 g passe \u00e0 <strong>1,52 \u20ac<\/strong>, soit une hausse de <strong>0,13 \u20ac<\/strong> par rapport \u00e0 2025. La progression globale sur l\u2019ensemble de la grille atteint environ <strong>7,4 %<\/strong>. Cette \u00e9volution s\u2019inscrit dans une trajectoire haussi\u00e8re engag\u00e9e depuis plus d\u2019une d\u00e9cennie.<\/p><h3>\u00c9volution r\u00e9cente du prix du timbre vert<\/h3><p>Depuis 2023, la hausse suit un rythme soutenu. Voici un r\u00e9capitulatif de l\u2019\u00e9volution du prix du timbre vert 20 g :<\/p><table><thead><tr><th>Ann\u00e9e<\/th><th>Prix timbre vert 20 g<\/th><th>Hausse annuelle approximative<\/th><\/tr><\/thead><tbody><tr><td>2023<\/td><td>1,16 \u20ac<\/td><td>\u2013<\/td><\/tr><tr><td>2024<\/td><td>1,29 \u20ac<\/td><td>+ 11,2 %<\/td><\/tr><tr><td>2025<\/td><td>1,39 \u20ac<\/td><td>+ 7,8 %<\/td><\/tr><tr><td>2026<\/td><td><strong>1,52 \u20ac<\/strong><\/td><td>+ 9,35 %<\/td><\/tr><\/tbody><\/table><p>Sur la p\u00e9riode 2011\u20132026, l\u2019augmentation cumul\u00e9e du timbre vert atteint <strong>166 %<\/strong>. Ce mouvement refl\u00e8te la baisse continue des volumes de courrier, l\u2019augmentation des co\u00fbts de transport et de main d\u2019\u0153uvre, ainsi que les investissements dans le r\u00e9seau logistique.<\/p><p>Les entreprises subissent encore davantage cette dynamique : le <strong>timbre vert professionnel<\/strong> enregistre en 2026 une hausse d\u2019environ <strong>10,2 %<\/strong>. Dans le m\u00eame temps, d\u2019autres services comme <strong>Colissimo<\/strong> progressent aussi, autour de <strong>3,4 %<\/strong> en moyenne.<\/p><h3>Pourquoi le prix du timbre vert augmente-t-il aussi vite ?<\/h3><p>Plusieurs facteurs se cumulent :<\/p><ul><li><strong>Baisse structurelle des volumes de courrier<\/strong> : moins de plis, mais des infrastructures \u00e0 maintenir.<\/li><li><strong>Digitalisation massive<\/strong> : factures, relev\u00e9s bancaires, d\u00e9clarations administratives migrent vers le num\u00e9rique.<\/li><li><strong>Co\u00fbts logistiques<\/strong> : carburant, v\u00e9hicules, automatisation des centres de tri, \u00e9quipements de suivi.<\/li><li><strong>Contraintes r\u00e9glementaires et sociales<\/strong> : pr\u00e9sence postale territoriale, obligations de service universel.<\/li><\/ul><p>Le timbre vert reste un pilier du service postal universel, mais sa tarification refl\u00e8te de plus en plus le co\u00fbt r\u00e9el d\u2019acheminement d\u2019un courrier dans un r\u00e9seau qui traite beaucoup moins de lettres qu\u2019auparavant.<\/p><h2>Comparatif : timbre vert, timbre num\u00e9rique et lettre verte suivie<\/h2><p>En parall\u00e8le du timbre vert classique, La Poste propose en 2026 plusieurs options qui modifient le prix, l\u2019exp\u00e9rience d\u2019envoi et le niveau de suivi. Une vision comparative aide \u00e0 faire un choix rationnel selon la nature du courrier.<\/p><h3>Timbre vert papier vs timbre num\u00e9rique 2026<\/h3><p>Le <strong>timbre num\u00e9rique<\/strong> repose sur un code \u00e0 8 ou 12 caract\u00e8res inscrit directement sur l\u2019enveloppe, achet\u00e9 en ligne ou via des canaux \u00e9lectroniques. Son tarif 20 g en 2026 s\u2019\u00e9tablit \u00e0 <strong>1,49 \u20ac<\/strong>, soit une \u00e9conomie de <strong>0,03 \u20ac<\/strong> par rapport au timbre vert papier.<\/p><table><thead><tr><th>Caract\u00e9ristique<\/th><th>Timbre vert papier 20 g<\/th><th>Timbre num\u00e9rique 20 g<\/th><\/tr><\/thead><tbody><tr><td>Prix 2026<\/td><td><strong>1,52 \u20ac<\/strong><\/td><td><strong>1,49 \u20ac<\/strong><\/td><\/tr><tr><td>Support<\/td><td>Vignette autocollante<\/td><td>Code alphanum\u00e9rique \u00e9crit \u00e0 la main<\/td><\/tr><tr><td>Achat<\/td><td>Bureau de poste, commer\u00e7ants, carnets<\/td><td>Application, site web, distributeurs connect\u00e9s<\/td><\/tr><tr><td>D\u00e9lai indicatif<\/td><td>J+3<\/td><td>J+3<\/td><\/tr><tr><td>Aspect pratique<\/td><td>Id\u00e9al pour envois r\u00e9guliers, stock facile<\/td><td>Utile en d\u00e9pannage, achat \u00e0 la demande, sans stock<\/td><\/tr><\/tbody><\/table><p>Le timbre num\u00e9rique s\u00e9duit surtout pour des envois ponctuels, quand on n\u2019a plus de carnet sous la main. Le gain de 0,03 \u20ac par envoi reste modeste, mais cumul\u00e9 sur de nombreux plis, il all\u00e8ge l\u00e9g\u00e8rement le budget postal.<\/p><div style=\"border:1px solid #d4edda;padding:12px 16px;margin:18px 0;background:#f8fff8\"><strong>Astuce budget :<\/strong> pour un usage occasionnel, l\u2019int\u00e9r\u00eat vient surtout de l\u2019absence de stock. Pour un usage r\u00e9gulier (famille, association, petite entreprise), l\u2019achat de carnets de timbres verts physiques reste plus simple \u00e0 g\u00e9rer au quotidien.<\/div><h3>Lettre verte suivie : tarif et int\u00e9r\u00eat r\u00e9el<\/h3><p>Pour ceux qui souhaitent un niveau de tra\u00e7abilit\u00e9 plus \u00e9lev\u00e9, la <strong>lettre verte suivie 20 g<\/strong> atteint en 2026 un tarif de <strong>2,02 \u20ac<\/strong>. La hausse par rapport \u00e0 2025 est \u00e9galement de <strong>0,13 \u20ac<\/strong>. Ce service ajoute un suivi de l\u2019acheminement, souvent jusqu\u2019\u00e0 la distribution.<\/p><p>Cette option vise les envois qui n\u00e9cessitent une preuve de d\u00e9p\u00f4t et de distribution approximative, sans aller jusqu\u2019\u00e0 la recommandation :<\/p><ul><li>envoi de documents sensibles mais non critiques,<\/li><li>petits objets plats respectant la limite de 3 cm,<\/li><li>\u00e9changes entre particuliers pour un faible montant (cartes, petits accessoires).<\/li><\/ul><p>La lettre verte suivie n\u2019offre pas le m\u00eame niveau de garantie qu\u2019un recommand\u00e9, mais elle fournit des <strong>points de passage num\u00e9ris\u00e9s<\/strong> qui rassurent l\u2019exp\u00e9diteur comme le destinataire.<\/p><h2>Timbre vert et tarifs internationaux 2026 : que change le timbre violet ?<\/h2><p>Le timbre vert s\u2019applique exclusivement aux envois en France (m\u00e9tropolitaine et DOM selon les gammes). Pour l\u2019international, le rep\u00e8re reste le <strong>timbre violet<\/strong>, d\u00e9di\u00e9 aux lettres prioritaires vers l\u2019\u00e9tranger.<\/p><p>En 2026, le tarif du timbre violet pour un envoi jusqu\u2019\u00e0 <strong>20 g \u00e0 l\u2019international<\/strong> atteint <strong>2,25 \u20ac<\/strong>, en hausse de <strong>0,15 \u20ac<\/strong> par rapport \u00e0 2025. Le d\u00e9lai d\u2019acheminement se r\u00e9v\u00e8le <strong>variable selon la destination<\/strong> (Europe, Am\u00e9rique du Nord, Asie, etc.).<\/p><blockquote>\u00ab Les d\u00e9lais \u00e0 l\u2019international ne b\u00e9n\u00e9ficient pas d\u2019un engagement uniforme. Ils d\u00e9pendent \u00e0 la fois des op\u00e9rateurs postaux \u00e9trangers, des proc\u00e9dures douani\u00e8res et des conditions de transport. \u00bb<\/blockquote><p>Le timbre vert n\u2019intervient donc pas directement dans les envois hors de France, mais il structure la gamme nationale \u00e0 c\u00f4t\u00e9 des solutions internationales. Une lettre destin\u00e9e \u00e0 l\u2019\u00e9tranger affranchie en timbre vert s\u2019expose \u00e0 un affranchissement insuffisant et \u00e0 un blocage du courrier.<\/p><div style=\"border:1px solid #f5c6cb;padding:12px 16px;margin:18px 0;background:#fff5f5\"><strong>Point de vigilance :<\/strong> avant un envoi vers l\u2019\u00e9tranger, un passage au guichet ou une simulation en ligne \u00e9vite les erreurs de tarif. Le caract\u00e8re international impose parfois un compl\u00e9ment, m\u00eame pour un simple courrier de 10 g.<\/div><h2>Habitudes des m\u00e9nages, budget postal et place du timbre vert en 2026<\/h2><p>L\u2019\u00e9volution du timbre vert en 2026 ne se comprend pas sans regarder la transformation profonde des usages postaux des m\u00e9nages fran\u00e7ais. Les chiffres montrent une mutation rapide des pratiques de communication.<\/p><h3>Chute du volume de courrier et mutation des usages<\/h3><p>Entre 2008 et 2024, le volume de courrier adress\u00e9 en France recule de mani\u00e8re spectaculaire : de <strong>17,6 milliards de plis<\/strong> \u00e0 environ <strong>5,6 milliards<\/strong>. Cette baisse d\u2019environ <strong>68 %<\/strong> sur la p\u00e9riode correspond en moyenne \u00e0 une <strong>r\u00e9duction annuelle d\u2019environ 8 %<\/strong>.<\/p><p>Pour les lettres les plus rapides, les m\u00e9nages modifient aussi leurs habitudes :<\/p><ul><li>En 2008, un foyer fran\u00e7ais envoie en moyenne <strong>45 lettres prioritaires<\/strong> par an.<\/li><li>En 2020, ce chiffre tombe \u00e0 <strong>5 lettres prioritaires<\/strong> par m\u00e9nage.<\/li><\/ul><p>Le timbre vert, lui, s\u2019est largement impos\u00e9 face aux anciennes lettres prioritaires. Entre 2015 et 2022, le nombre de lettres affranchies en timbre vert augmente d\u2019environ <strong>70 %<\/strong>. La gamme verte devient la norme pour le courrier ordinaire, \u00e0 la fois pour les particuliers et de nombreuses organisations.<\/p><h3>Budget postal des m\u00e9nages : un poste de d\u00e9pense en recul<\/h3><p>Malgr\u00e9 la hausse du prix unitaire du timbre, le <strong>budget postal global des m\u00e9nages<\/strong> d\u00e9cro\u00eet. En 2015, un foyer consacre en moyenne environ <strong>48 \u20ac<\/strong> par an \u00e0 ses envois postaux. En 2025, ce montant tombe autour de <strong>28 \u20ac<\/strong>. Pour 2026, une nouvelle baisse d\u2019environ <strong>6 %<\/strong> est anticip\u00e9e.<\/p><p>La raison est simple : les m\u00e9nages envoient beaucoup moins de courrier physique. Les \u00e9changes passent par :<\/p><ul><li>messageries \u00e9lectroniques,<\/li><li>espaces clients en ligne,<\/li><li>applications de messagerie instantan\u00e9e,<\/li><li>plateformes de signature \u00e9lectronique et de d\u00e9p\u00f4t de documents.<\/li><\/ul><p>Le timbre vert 2026 devient ainsi un produit plus rare, r\u00e9serv\u00e9 aux usages o\u00f9 le papier garde un sens : d\u00e9marches administratives sp\u00e9cifiques, envoi de documents originaux, \u00e9changes formels avec certaines institutions, messages personnels soign\u00e9s.<\/p><h3>Place du courrier dans le chiffre d\u2019affaires de La Poste<\/h3><p>Le recul du courrier ne touche pas seulement les m\u00e9nages, mais aussi le mod\u00e8le \u00e9conomique de La Poste. La part du <strong>courrier dans le chiffre d\u2019affaires<\/strong> passe :<\/p><ul><li>de <strong>52 % en 2010<\/strong>,<\/li><li>\u00e0 environ <strong>15,8 % en 2024<\/strong>.<\/li><\/ul><p>Le groupe s\u2019oriente davantage vers les colis, la banque, les services num\u00e9riques et les prestations de proximit\u00e9. Dans ce contexte, le timbre vert reste un symbole fort du service universel, mais il ne constitue plus le c\u0153ur de l\u2019activit\u00e9 \u00e9conomique du groupe.<\/p><h2>Limiter la facture : strat\u00e9gies pour affranchir au meilleur co\u00fbt en 2026<\/h2><p>Malgr\u00e9 la hausse du prix du timbre vert, plusieurs leviers permettent de garder la main sur le budget postal, sans renoncer \u00e0 l\u2019envoi de courrier physique quand il se r\u00e9v\u00e8le n\u00e9cessaire.<\/p><h3>Optimiser format, poids et fr\u00e9quence d\u2019envoi<\/h3><p>Quelques r\u00e9flexes r\u00e9duisent fortement la note annuelle :<\/p><ul><li><strong>Limiter les pi\u00e8ces jointes volumineuses<\/strong> : impression recto-verso, regroupement de plusieurs pages sur une m\u00eame feuille, r\u00e9duction des annexes purement informatives.<\/li><li><strong>Rester sous 20 g<\/strong> d\u00e8s que possible : la diff\u00e9rence de prix avec les paliers sup\u00e9rieurs est significative \u00e0 l\u2019\u00e9chelle d\u2019un volume d\u2019envois.<\/li><li><strong>Regrouper les envois<\/strong> : au lieu d\u2019envoyer plusieurs courriers \u00e0 quelques jours d\u2019intervalle, un envoi consolid\u00e9 r\u00e9duit le nombre de timbres utilis\u00e9s.<\/li><\/ul><p>Pour un usage familial ou associatif, un peson de cuisine pr\u00e9cis suffit souvent pour \u00e9viter de basculer inutilement dans une tranche de poids sup\u00e9rieure.<\/p><h3>Choisir la bonne gamme de courrier selon le besoin r\u00e9el<\/h3><p>Le timbre vert 2026 ne r\u00e9pond pas \u00e0 tous les sc\u00e9narios. Avant d\u2019affranchir, une question simple permet d\u2019ajuster le choix : <em>quel est l\u2019enjeu r\u00e9el de cet envoi ?<\/em><\/p><ul><li><strong>Envoi courant sans enjeu critique :<\/strong> timbre vert simple ou timbre num\u00e9rique.<\/li><li><strong>Besoin de trace minimale :<\/strong> lettre verte suivie.<\/li><li><strong>Enjeu juridique ou financier :<\/strong> recommand\u00e9 avec AR, voire envoi en ligne d\u00e9mat\u00e9rialis\u00e9 avec signature \u00e9lectronique.<\/li><li><strong>Objet volumineux ou fragile :<\/strong> bascule vers Colissimo, avec assurance adapt\u00e9e.<\/li><\/ul><p>Une confusion fr\u00e9quente consiste \u00e0 sur-affranchir \u00ab par s\u00e9curit\u00e9 \u00bb, par exemple en utilisant un recommand\u00e9 pour des \u00e9changes sans enjeu l\u00e9gal. Un tri raisonnable des cas d\u2019usage permet un gain sensible sur plusieurs ann\u00e9es.<\/p><h3>Ressources utiles et maillage interne \u00e0 exploiter<\/h3><p>Pour pr\u00e9parer un envoi, ajuster le nombre de timbres ou comparer les gammes, quelques ressources d\u00e9taill\u00e9es compl\u00e8tent cet aper\u00e7u :<\/p><ul><li><a href=\"\/tarif-timbre-2026\/\">Tous les tarifs timbres 2026 : comparatif complet des gammes<\/a><\/li><li><a href=\"\/combien-timbres-lettre\/\">Combien de timbres pour ma lettre ? Guide par poids et format<\/a><\/li><li><a href=\"\/timbre-lettre-prioritaire\/\">Timbre lettre prioritaire : dans quels cas le choisir encore ?<\/a><\/li><\/ul><p>Ces informations prolongent l\u2019analyse du timbre vert 2026 et aident \u00e0 b\u00e2tir une strat\u00e9gie d\u2019affranchissement coh\u00e9rente, que l\u2019on g\u00e8re quelques lettres par an ou plusieurs dizaines de plis par mois.<\/p>","protected":false},"excerpt":{"rendered":"","protected":false},"author":29,"featured_media":11565,"comment_status":"open","ping_status":"","sticky":false,"template":"","format":"standard","meta":{"_acf_changed":false,"subtitle":"","footnotes":""},"categories":[520],"tags":[],"class_list":["post-11567","post","type-post","status-publish","format-standard","has-post-thumbnail","hentry","category-conseils","generate-columns","tablet-grid-50","mobile-grid-100","grid-parent","grid-33"],"acf":false,"yoast_head":"<!-- This site is optimized with the Yoast SEO plugin v25.8 - https:\/\/yoast.com\/wordpress\/plugins\/seo\/ -->\n<title>Timbre vert : prix et d\u00e9lai de livraison en 2026 | SFPF<\/title>\n<meta name=\"description\" content=\"En 2026, le timbre vert change encore de tarif et de visage, avec un prix au 20 g qui grimpe \u00e0 1,52 \u20ac et un d\u00e9lai de distribution maintenu \u00e0 J+3. Entre\" \/>\n<meta name=\"robots\" content=\"index, follow, max-snippet:-1, max-image-preview:large, max-video-preview:-1\" \/>\n<link rel=\"canonical\" href=\"https:\/\/www.sfpf.fr\/actu\/timbre-lettre-verte-prix\" \/>\n<meta property=\"og:locale\" content=\"fr_FR\" \/>\n<meta property=\"og:type\" content=\"article\" \/>\n<meta property=\"og:title\" content=\"Timbre vert : prix et d\u00e9lai de livraison en 2026 | SFPF\" \/>\n<meta property=\"og:description\" content=\"En 2026, le timbre vert change encore de tarif et de visage, avec un prix au 20 g qui grimpe \u00e0 1,52 \u20ac et un d\u00e9lai de distribution maintenu \u00e0 J+3. Entre\" \/>\n<meta property=\"og:url\" content=\"https:\/\/www.sfpf.fr\/actu\/timbre-lettre-verte-prix\" \/>\n<meta property=\"og:site_name\" content=\"SFPF\" \/>\n<meta property=\"article:published_time\" content=\"2026-03-05T14:15:00+00:00\" \/>\n<meta property=\"og:image\" content=\"https:\/\/www.sfpf.fr\/actu\/wp-content\/uploads\/2026\/02\/timbrevert_courrier_reel-scaled.png\" \/>\n\t<meta property=\"og:image:width\" content=\"1200\" \/>\n\t<meta property=\"og:image:height\" content=\"673\" \/>\n\t<meta property=\"og:image:type\" content=\"image\/png\" \/>\n<meta name=\"author\" content=\"Laredac\" \/>\n<meta name=\"twitter:card\" content=\"summary_large_image\" \/>\n<meta name=\"twitter:label1\" content=\"\u00c9crit par\" \/>\n\t<meta name=\"twitter:data1\" content=\"Laredac\" \/>\n\t<meta name=\"twitter:label2\" content=\"Dur\u00e9e de lecture estim\u00e9e\" \/>\n\t<meta name=\"twitter:data2\" content=\"12 minutes\" \/>\n<script type=\"application\/ld+json\" class=\"yoast-schema-graph\">{\"@context\":\"https:\/\/schema.org\",\"@graph\":[{\"@type\":\"NewsArticle\",\"@id\":\"https:\/\/www.sfpf.fr\/actu\/timbre-lettre-verte-prix#article\",\"isPartOf\":{\"@id\":\"https:\/\/www.sfpf.fr\/actu\/timbre-lettre-verte-prix\"},\"author\":{\"name\":\"Laredac\",\"@id\":\"https:\/\/www.sfpf.fr\/actu\/#\/schema\/person\/bd87396233d24e5e46c39394bfc2a378\"},\"headline\":\"Timbre vert : prix et d\u00e9lai de livraison en 2026\",\"datePublished\":\"2026-03-05T14:15:00+00:00\",\"mainEntityOfPage\":{\"@id\":\"https:\/\/www.sfpf.fr\/actu\/timbre-lettre-verte-prix\"},\"wordCount\":2514,\"commentCount\":0,\"publisher\":{\"@id\":\"https:\/\/www.sfpf.fr\/actu\/#organization\"},\"image\":{\"@id\":\"https:\/\/www.sfpf.fr\/actu\/timbre-lettre-verte-prix#primaryimage\"},\"thumbnailUrl\":\"https:\/\/www.sfpf.fr\/actu\/wp-content\/uploads\/2026\/02\/timbrevert_courrier_reel-scaled.png\",\"articleSection\":[\"Conseils\"],\"inLanguage\":\"fr-FR\",\"potentialAction\":[{\"@type\":\"CommentAction\",\"name\":\"Comment\",\"target\":[\"https:\/\/www.sfpf.fr\/actu\/timbre-lettre-verte-prix#respond\"]}]},{\"@type\":\"WebPage\",\"@id\":\"https:\/\/www.sfpf.fr\/actu\/timbre-lettre-verte-prix\",\"url\":\"https:\/\/www.sfpf.fr\/actu\/timbre-lettre-verte-prix\",\"name\":\"Timbre vert : prix et d\u00e9lai de livraison en 2026 | SFPF\",\"isPartOf\":{\"@id\":\"https:\/\/www.sfpf.fr\/actu\/#website\"},\"primaryImageOfPage\":{\"@id\":\"https:\/\/www.sfpf.fr\/actu\/timbre-lettre-verte-prix#primaryimage\"},\"image\":{\"@id\":\"https:\/\/www.sfpf.fr\/actu\/timbre-lettre-verte-prix#primaryimage\"},\"thumbnailUrl\":\"https:\/\/www.sfpf.fr\/actu\/wp-content\/uploads\/2026\/02\/timbrevert_courrier_reel-scaled.png\",\"datePublished\":\"2026-03-05T14:15:00+00:00\",\"description\":\"En 2026, le timbre vert change encore de tarif et de visage, avec un prix au 20 g qui grimpe \u00e0 1,52 \u20ac et un d\u00e9lai de distribution maintenu \u00e0 J+3. Entre\",\"breadcrumb\":{\"@id\":\"https:\/\/www.sfpf.fr\/actu\/timbre-lettre-verte-prix#breadcrumb\"},\"inLanguage\":\"fr-FR\",\"potentialAction\":[{\"@type\":\"ReadAction\",\"target\":[\"https:\/\/www.sfpf.fr\/actu\/timbre-lettre-verte-prix\"]}]},{\"@type\":\"ImageObject\",\"inLanguage\":\"fr-FR\",\"@id\":\"https:\/\/www.sfpf.fr\/actu\/timbre-lettre-verte-prix#primaryimage\",\"url\":\"https:\/\/www.sfpf.fr\/actu\/wp-content\/uploads\/2026\/02\/timbrevert_courrier_reel-scaled.png\",\"contentUrl\":\"https:\/\/www.sfpf.fr\/actu\/wp-content\/uploads\/2026\/02\/timbrevert_courrier_reel-scaled.png\",\"width\":1200,\"height\":673,\"caption\":\"Facteur d\u00e9posant une lettre affranchie avec un timbre vert dans une bo\u00eete aux lettres jaune en rue r\u00e9sidentielle fran\u00e7aise.\"},{\"@type\":\"BreadcrumbList\",\"@id\":\"https:\/\/www.sfpf.fr\/actu\/timbre-lettre-verte-prix#breadcrumb\",\"itemListElement\":[{\"@type\":\"ListItem\",\"position\":1,\"name\":\"Accueil\",\"item\":\"https:\/\/www.sfpf.fr\/actu\"},{\"@type\":\"ListItem\",\"position\":2,\"name\":\"Conseils\",\"item\":\"https:\/\/www.sfpf.fr\/actu\/categorie\/conseils\"},{\"@type\":\"ListItem\",\"position\":3,\"name\":\"Timbre vert : prix et d\u00e9lai de livraison en 2026\"}]},{\"@type\":\"WebSite\",\"@id\":\"https:\/\/www.sfpf.fr\/actu\/#website\",\"url\":\"https:\/\/www.sfpf.fr\/actu\/\",\"name\":\"SFPF\",\"description\":\"\",\"publisher\":{\"@id\":\"https:\/\/www.sfpf.fr\/actu\/#organization\"},\"potentialAction\":[{\"@type\":\"SearchAction\",\"target\":{\"@type\":\"EntryPoint\",\"urlTemplate\":\"https:\/\/www.sfpf.fr\/actu\/?s={search_term_string}\"},\"query-input\":{\"@type\":\"PropertyValueSpecification\",\"valueRequired\":true,\"valueName\":\"search_term_string\"}}],\"inLanguage\":\"fr-FR\"},{\"@type\":\"Organization\",\"@id\":\"https:\/\/www.sfpf.fr\/actu\/#organization\",\"name\":\"SFPF\",\"url\":\"https:\/\/www.sfpf.fr\/actu\/\",\"logo\":{\"@type\":\"ImageObject\",\"inLanguage\":\"fr-FR\",\"@id\":\"https:\/\/www.sfpf.fr\/actu\/#\/schema\/logo\/image\/\",\"url\":\"https:\/\/www.sfpf.fr\/actu\/wp-content\/uploads\/2025\/09\/media.png\",\"contentUrl\":\"https:\/\/www.sfpf.fr\/actu\/wp-content\/uploads\/2025\/09\/media.png\",\"width\":178,\"height\":100,\"caption\":\"SFPF\"},\"image\":{\"@id\":\"https:\/\/www.sfpf.fr\/actu\/#\/schema\/logo\/image\/\"}},{\"@type\":\"Person\",\"@id\":\"https:\/\/www.sfpf.fr\/actu\/#\/schema\/person\/bd87396233d24e5e46c39394bfc2a378\",\"name\":\"Laredac\",\"image\":{\"@type\":\"ImageObject\",\"inLanguage\":\"fr-FR\",\"@id\":\"https:\/\/www.sfpf.fr\/actu\/#\/schema\/person\/image\/\",\"url\":\"https:\/\/www.sfpf.fr\/actu\/wp-content\/uploads\/2025\/09\/Design-sans-titre-10.jpg\",\"contentUrl\":\"https:\/\/www.sfpf.fr\/actu\/wp-content\/uploads\/2025\/09\/Design-sans-titre-10.jpg\",\"caption\":\"Laredac\"},\"description\":\"La R\u00e9daction, c\u2019est une petite \u00e9quipe de b\u00e9n\u00e9voles curieux et passionn\u00e9s. Si chacun cultive ses propres centres d\u2019int\u00e9r\u00eat \u2014 timbres fiscaux, monnaies, documents anciens ou objets de collection en tout genre \u2014 tous partagent le go\u00fbt de la d\u00e9couverte, de l\u2019authentique et du savoir bien transmis. Attach\u00e9e \u00e0 la qualit\u00e9 de l\u2019information, la r\u00e9daction s\u2019attache \u00e0 couvrir l\u2019actualit\u00e9 des collections, les nouveaut\u00e9s du march\u00e9, les tendances, mais aussi les \u00e9v\u00e9nements, publications et projets li\u00e9s \u00e0 l\u2019univers du patrimoine et de la culture. Sans se prendre trop au s\u00e9rieux, La R\u00e9dac veille \u00e0 proposer un contenu fiable, vivant et accessible \u00e0 tous les curieux, collectionneurs ou simples amateurs.\",\"url\":\"https:\/\/www.sfpf.fr\/actu\/author\/laredac\"}]}<\/script>\n<!-- \/ Yoast SEO plugin. -->","yoast_head_json":{"title":"Timbre vert : prix et d\u00e9lai de livraison en 2026 | SFPF","description":"En 2026, le timbre vert change encore de tarif et de visage, avec un prix au 20 g qui grimpe \u00e0 1,52 \u20ac et un d\u00e9lai de distribution maintenu \u00e0 J+3. Entre","robots":{"index":"index","follow":"follow","max-snippet":"max-snippet:-1","max-image-preview":"max-image-preview:large","max-video-preview":"max-video-preview:-1"},"canonical":"https:\/\/www.sfpf.fr\/actu\/timbre-lettre-verte-prix","og_locale":"fr_FR","og_type":"article","og_title":"Timbre vert : prix et d\u00e9lai de livraison en 2026 | SFPF","og_description":"En 2026, le timbre vert change encore de tarif et de visage, avec un prix au 20 g qui grimpe \u00e0 1,52 \u20ac et un d\u00e9lai de distribution maintenu \u00e0 J+3. Entre","og_url":"https:\/\/www.sfpf.fr\/actu\/timbre-lettre-verte-prix","og_site_name":"SFPF","article_published_time":"2026-03-05T14:15:00+00:00","og_image":[{"width":1200,"height":673,"url":"https:\/\/www.sfpf.fr\/actu\/wp-content\/uploads\/2026\/02\/timbrevert_courrier_reel-scaled.png","type":"image\/png"}],"author":"Laredac","twitter_card":"summary_large_image","twitter_misc":{"\u00c9crit par":"Laredac","Dur\u00e9e de lecture estim\u00e9e":"12 minutes"},"schema":{"@context":"https:\/\/schema.org","@graph":[{"@type":"NewsArticle","@id":"https:\/\/www.sfpf.fr\/actu\/timbre-lettre-verte-prix#article","isPartOf":{"@id":"https:\/\/www.sfpf.fr\/actu\/timbre-lettre-verte-prix"},"author":{"name":"Laredac","@id":"https:\/\/www.sfpf.fr\/actu\/#\/schema\/person\/bd87396233d24e5e46c39394bfc2a378"},"headline":"Timbre vert : prix et d\u00e9lai de livraison en 2026","datePublished":"2026-03-05T14:15:00+00:00","mainEntityOfPage":{"@id":"https:\/\/www.sfpf.fr\/actu\/timbre-lettre-verte-prix"},"wordCount":2514,"commentCount":0,"publisher":{"@id":"https:\/\/www.sfpf.fr\/actu\/#organization"},"image":{"@id":"https:\/\/www.sfpf.fr\/actu\/timbre-lettre-verte-prix#primaryimage"},"thumbnailUrl":"https:\/\/www.sfpf.fr\/actu\/wp-content\/uploads\/2026\/02\/timbrevert_courrier_reel-scaled.png","articleSection":["Conseils"],"inLanguage":"fr-FR","potentialAction":[{"@type":"CommentAction","name":"Comment","target":["https:\/\/www.sfpf.fr\/actu\/timbre-lettre-verte-prix#respond"]}]},{"@type":"WebPage","@id":"https:\/\/www.sfpf.fr\/actu\/timbre-lettre-verte-prix","url":"https:\/\/www.sfpf.fr\/actu\/timbre-lettre-verte-prix","name":"Timbre vert : prix et d\u00e9lai de livraison en 2026 | SFPF","isPartOf":{"@id":"https:\/\/www.sfpf.fr\/actu\/#website"},"primaryImageOfPage":{"@id":"https:\/\/www.sfpf.fr\/actu\/timbre-lettre-verte-prix#primaryimage"},"image":{"@id":"https:\/\/www.sfpf.fr\/actu\/timbre-lettre-verte-prix#primaryimage"},"thumbnailUrl":"https:\/\/www.sfpf.fr\/actu\/wp-content\/uploads\/2026\/02\/timbrevert_courrier_reel-scaled.png","datePublished":"2026-03-05T14:15:00+00:00","description":"En 2026, le timbre vert change encore de tarif et de visage, avec un prix au 20 g qui grimpe \u00e0 1,52 \u20ac et un d\u00e9lai de distribution maintenu \u00e0 J+3. Entre","breadcrumb":{"@id":"https:\/\/www.sfpf.fr\/actu\/timbre-lettre-verte-prix#breadcrumb"},"inLanguage":"fr-FR","potentialAction":[{"@type":"ReadAction","target":["https:\/\/www.sfpf.fr\/actu\/timbre-lettre-verte-prix"]}]},{"@type":"ImageObject","inLanguage":"fr-FR","@id":"https:\/\/www.sfpf.fr\/actu\/timbre-lettre-verte-prix#primaryimage","url":"https:\/\/www.sfpf.fr\/actu\/wp-content\/uploads\/2026\/02\/timbrevert_courrier_reel-scaled.png","contentUrl":"https:\/\/www.sfpf.fr\/actu\/wp-content\/uploads\/2026\/02\/timbrevert_courrier_reel-scaled.png","width":1200,"height":673,"caption":"Facteur d\u00e9posant une lettre affranchie avec un timbre vert dans une bo\u00eete aux lettres jaune en rue r\u00e9sidentielle fran\u00e7aise."},{"@type":"BreadcrumbList","@id":"https:\/\/www.sfpf.fr\/actu\/timbre-lettre-verte-prix#breadcrumb","itemListElement":[{"@type":"ListItem","position":1,"name":"Accueil","item":"https:\/\/www.sfpf.fr\/actu"},{"@type":"ListItem","position":2,"name":"Conseils","item":"https:\/\/www.sfpf.fr\/actu\/categorie\/conseils"},{"@type":"ListItem","position":3,"name":"Timbre vert : prix et d\u00e9lai de livraison en 2026"}]},{"@type":"WebSite","@id":"https:\/\/www.sfpf.fr\/actu\/#website","url":"https:\/\/www.sfpf.fr\/actu\/","name":"SFPF","description":"","publisher":{"@id":"https:\/\/www.sfpf.fr\/actu\/#organization"},"potentialAction":[{"@type":"SearchAction","target":{"@type":"EntryPoint","urlTemplate":"https:\/\/www.sfpf.fr\/actu\/?s={search_term_string}"},"query-input":{"@type":"PropertyValueSpecification","valueRequired":true,"valueName":"search_term_string"}}],"inLanguage":"fr-FR"},{"@type":"Organization","@id":"https:\/\/www.sfpf.fr\/actu\/#organization","name":"SFPF","url":"https:\/\/www.sfpf.fr\/actu\/","logo":{"@type":"ImageObject","inLanguage":"fr-FR","@id":"https:\/\/www.sfpf.fr\/actu\/#\/schema\/logo\/image\/","url":"https:\/\/www.sfpf.fr\/actu\/wp-content\/uploads\/2025\/09\/media.png","contentUrl":"https:\/\/www.sfpf.fr\/actu\/wp-content\/uploads\/2025\/09\/media.png","width":178,"height":100,"caption":"SFPF"},"image":{"@id":"https:\/\/www.sfpf.fr\/actu\/#\/schema\/logo\/image\/"}},{"@type":"Person","@id":"https:\/\/www.sfpf.fr\/actu\/#\/schema\/person\/bd87396233d24e5e46c39394bfc2a378","name":"Laredac","image":{"@type":"ImageObject","inLanguage":"fr-FR","@id":"https:\/\/www.sfpf.fr\/actu\/#\/schema\/person\/image\/","url":"https:\/\/www.sfpf.fr\/actu\/wp-content\/uploads\/2025\/09\/Design-sans-titre-10.jpg","contentUrl":"https:\/\/www.sfpf.fr\/actu\/wp-content\/uploads\/2025\/09\/Design-sans-titre-10.jpg","caption":"Laredac"},"description":"La R\u00e9daction, c\u2019est une petite \u00e9quipe de b\u00e9n\u00e9voles curieux et passionn\u00e9s. Si chacun cultive ses propres centres d\u2019int\u00e9r\u00eat \u2014 timbres fiscaux, monnaies, documents anciens ou objets de collection en tout genre \u2014 tous partagent le go\u00fbt de la d\u00e9couverte, de l\u2019authentique et du savoir bien transmis. Attach\u00e9e \u00e0 la qualit\u00e9 de l\u2019information, la r\u00e9daction s\u2019attache \u00e0 couvrir l\u2019actualit\u00e9 des collections, les nouveaut\u00e9s du march\u00e9, les tendances, mais aussi les \u00e9v\u00e9nements, publications et projets li\u00e9s \u00e0 l\u2019univers du patrimoine et de la culture. Sans se prendre trop au s\u00e9rieux, La R\u00e9dac veille \u00e0 proposer un contenu fiable, vivant et accessible \u00e0 tous les curieux, collectionneurs ou simples amateurs.","url":"https:\/\/www.sfpf.fr\/actu\/author\/laredac"}]}},"_links":{"self":[{"href":"https:\/\/www.sfpf.fr\/actu\/wp-json\/wp\/v2\/posts\/11567","targetHints":{"allow":["GET"]}}],"collection":[{"href":"https:\/\/www.sfpf.fr\/actu\/wp-json\/wp\/v2\/posts"}],"about":[{"href":"https:\/\/www.sfpf.fr\/actu\/wp-json\/wp\/v2\/types\/post"}],"author":[{"embeddable":true,"href":"https:\/\/www.sfpf.fr\/actu\/wp-json\/wp\/v2\/users\/29"}],"replies":[{"embeddable":true,"href":"https:\/\/www.sfpf.fr\/actu\/wp-json\/wp\/v2\/comments?post=11567"}],"version-history":[{"count":1,"href":"https:\/\/www.sfpf.fr\/actu\/wp-json\/wp\/v2\/posts\/11567\/revisions"}],"predecessor-version":[{"id":11743,"href":"https:\/\/www.sfpf.fr\/actu\/wp-json\/wp\/v2\/posts\/11567\/revisions\/11743"}],"wp:featuredmedia":[{"embeddable":true,"href":"https:\/\/www.sfpf.fr\/actu\/wp-json\/wp\/v2\/media\/11565"}],"wp:attachment":[{"href":"https:\/\/www.sfpf.fr\/actu\/wp-json\/wp\/v2\/media?parent=11567"}],"wp:term":[{"taxonomy":"category","embeddable":true,"href":"https:\/\/www.sfpf.fr\/actu\/wp-json\/wp\/v2\/categories?post=11567"},{"taxonomy":"post_tag","embeddable":true,"href":"https:\/\/www.sfpf.fr\/actu\/wp-json\/wp\/v2\/tags?post=11567"}],"curies":[{"name":"wp","href":"https:\/\/api.w.org\/{rel}","templated":true}]}}