{"id":11561,"date":"2026-03-04T14:45:00","date_gmt":"2026-03-04T12:45:00","guid":{"rendered":"https:\/\/www.sfpf.fr\/actu\/?p=11561"},"modified":"2026-03-04T14:45:00","modified_gmt":"2026-03-04T12:45:00","slug":"tarif-timbre-2026","status":"publish","type":"post","link":"https:\/\/www.sfpf.fr\/actu\/tarif-timbre-2026","title":{"rendered":"Prix du timbre en 2026 : lettre verte, prioritaire et suivie"},"content":{"rendered":"<p>En 2026, le prix du timbre change \u00e0 nouveau et La Poste r\u00e9organise ses offres autour de la lettre verte, des envois suivis et de l\u2019e-lettre rouge prioritaire. Entre hausse r\u00e9glement\u00e9e, nouveaux d\u00e9lais d\u2019acheminement et options de suivi, le co\u00fbt r\u00e9el d\u2019un courrier n\u2019a plus grand-chose \u00e0 voir avec les habitudes d\u2019hier.<\/p><p>Poids, d\u00e9lai, niveau de s\u00e9curit\u00e9, budget : chaque d\u00e9tail influence d\u00e9sormais le tarif final. En regardant de pr\u00e8s les grilles 2026, plusieurs strat\u00e9gies se dessinent pour payer le juste prix tout en respectant ses contraintes de temps\u2026<\/p><table style='width:100%; border-collapse:collapse; font-family:Arial; font-size:14px; overflow-x:auto; display:block;'>\n<thead style='background:#f2f2f2;'>\n<tr>\n<th style='padding:10px; border:1px solid #ccc;'>Type d&rsquo;envoi<\/th>\n<th style='padding:10px; border:1px solid #ccc;'>Utilisation id\u00e9ale<\/th>\n<th style='padding:10px; border:1px solid #ccc;'>D\u00e9lai moyen<\/th>\n<th style='padding:10px; border:1px solid #ccc;'>\u00c9volution notable en 2026<\/th>\n<\/tr>\n<\/thead>\n<tbody>\n<tr>\n<td style='padding:10px; border:1px solid #ccc;'>Lettre verte<\/td>\n<td style='padding:10px; border:1px solid #ccc;'>Envoi du quotidien, non urgent<\/td>\n<td style='padding:10px; border:1px solid #ccc;'>J+3<\/td>\n<td style='padding:10px; border:1px solid #ccc;'>Tarif stabilis\u00e9 mais repositionn\u00e9 comme solution \u00e9co\u2011responsable<\/td>\n<\/tr>\n<tr>\n<td style='padding:10px; border:1px solid #ccc;'>Lettre prioritaire<\/td>\n<td style='padding:10px; border:1px solid #ccc;'>Documents urgents<\/td>\n<td style='padding:10px; border:1px solid #ccc;'>J+1<\/td>\n<td style='padding:10px; border:1px solid #ccc;'>Hausse tarifaire sensible en raison des co\u00fbts logistiques<\/td>\n<\/tr>\n<tr>\n<td style='padding:10px; border:1px solid #ccc;'>Lettre suivie<\/td>\n<td style='padding:10px; border:1px solid #ccc;'>Envois avec suivi obligatoire<\/td>\n<td style='padding:10px; border:1px solid #ccc;'>J+2 \u00e0 J+3<\/td>\n<td style='padding:10px; border:1px solid #ccc;'>Service enrichi avec un suivi plus pr\u00e9cis en 2026<\/td>\n<\/tr>\n<tr>\n<td style='padding:10px; border:1px solid #ccc;'>International<\/td>\n<td style='padding:10px; border:1px solid #ccc;'>Exp\u00e9ditions hors France<\/td>\n<td style='padding:10px; border:1px solid #ccc;'>Variable selon zone<\/td>\n<td style='padding:10px; border:1px solid #ccc;'>Optimisation des d\u00e9lais pour certaines destinations europ\u00e9ennes<\/td>\n<\/tr>\n<\/tbody>\n<\/table><div style=\"max-width:600px;margin:15px auto;text-align:center\">\n\n  <div style=\"position:relative;display:inline-block;width:100%\">\n\n    <a href=\"https:\/\/www.pinterest.com\/pin\/create\/button\/?media=https:\/\/www.sfpf.fr\/actu\/wp-content\/uploads\/2026\/02\/prixdutimbreen2026lettreverteprioritaireetsuivie.jpg&#038;url=https:\/\/www.sfpf.fr\/actu\/wp-content\/uploads\/2026\/02\/prixdutimbreen2026lettreverteprioritaireetsuivie.jpg\"\n      target=\"_blank\"\n      rel=\"noopener\"\n      aria-label=\"Enregistrer l\u2019image sur Pinterest\"\n      style=\"position:absolute;top:10px;right:10px;z-index:5;font-size:22px;line-height:1;text-decoration:none\"\n     class=\"external-link\" target=\"_blank\" rel=\"noopener\">\n      \ud83d\udccc\n    <\/a>\n\n    <img\n      src=\"https:\/\/www.sfpf.fr\/actu\/wp-content\/uploads\/2026\/02\/prixdutimbreen2026lettreverteprioritaireetsuivie.jpg\"\n      style=\"width:100%;max-height:70vh;object-fit:contain;display:block\"\n      loading=\"eager\"\n      decoding=\"async\"\n    >\n\n  <\/div>\n\n  <div style=\"margin-top:6px;display:flex;gap:8px;justify-content:center\">\n\n    <a\n      href=\"https:\/\/www.sfpf.fr\/actu\/wp-content\/uploads\/2026\/02\/prixdutimbreen2026lettreverteprioritaireetsuivie.jpg\"\n      class=\"button\"\n      download\n    >\n      T\u00e9l\u00e9charger l\u2019image\n    <\/a>\n\n    <button\n      type=\"button\"\n      class=\"button\"\n      onclick=\"(function(){\n        if (navigator.share) {\n          navigator.share({\n            title: document.title,\n            url: 'https:\/\/www.sfpf.fr\/actu\/wp-content\/uploads\/2026\/02\/prixdutimbreen2026lettreverteprioritaireetsuivie.jpg'\n          });\n        }\n      })();\"\n    >\n      Partager l\u2019image\n    <\/button>\n\n  <\/div>\n\n<\/div>\n\n\n<div style=\"max-width:850px;margin:2rem auto;padding:1.5rem;background:#ffffff;border-radius:12px;box-shadow:0 2px 16px rgba(0,0,0,0.1);\">\n<canvas id=\"timbresChart\" width=\"800\" height=\"450\"><\/canvas>\n<\/div>\n<script src=\"https:\/\/cdn.jsdelivr.net\/npm\/chart.js@4.4.7\/dist\/chart.umd.min.js\"><\/script>\n<script src=\"https:\/\/cdn.jsdelivr.net\/npm\/chartjs-plugin-datalabels@2.2.0\/dist\/chartjs-plugin-datalabels.min.js\"><\/script>\n<script>\ndocument.addEventListener(\"DOMContentLoaded\", function() {\n  var ctx = document.getElementById(\"timbresChart\").getContext(\"2d\");\n  var annees = [\"2020\", \"2021\", \"2022\", \"2023\", \"2024\", \"2025\", \"2026\"];\n  var lettreVerte = [0.97, 1.08, 1.16, 1.16, 1.29, 1.39, 1.49];\n  var lettrePrioritaire = [1.16, 1.28, 1.43, 1.43, 1.49, 1.59, 1.69];\n  var lettreSuivie = [1.43, 1.56, 1.69, 1.69, 1.79, 1.89, 1.99];\n  new Chart(ctx, {\n    type: \"line\",\n    plugins: [ChartDataLabels],\n    data: {\n      labels: annees,\n      datasets: [\n        {\n          label: \"Lettre Verte\",\n          data: lettreVerte,\n          borderColor: \"#2ECC71\",\n          backgroundColor: \"rgba(46,204,113,0.15)\",\n          pointBackgroundColor: \"#2ECC71\",\n          pointBorderColor: \"#ffffff\",\n          pointBorderWidth: 2,\n          pointRadius: 5,\n          pointHoverRadius: 8,\n          borderWidth: 3,\n          tension: 0.3,\n          fill: false\n        },\n        {\n          label: \"Lettre Prioritaire\",\n          data: lettrePrioritaire,\n          borderColor: \"#E74C3C\",\n          backgroundColor: \"rgba(231,76,60,0.15)\",\n          pointBackgroundColor: \"#E74C3C\",\n          pointBorderColor: \"#ffffff\",\n          pointBorderWidth: 2,\n          pointRadius: 5,\n          pointHoverRadius: 8,\n          borderWidth: 3,\n          tension: 0.3,\n          fill: false\n        },\n        {\n          label: \"Lettre Suivie\",\n          data: lettreSuivie,\n          borderColor: \"#3498DB\",\n          backgroundColor: \"rgba(52,152,219,0.15)\",\n          pointBackgroundColor: \"#3498DB\",\n          pointBorderColor: \"#ffffff\",\n          pointBorderWidth: 2,\n          pointRadius: 5,\n          pointHoverRadius: 8,\n          borderWidth: 3,\n          tension: 0.3,\n          fill: false\n        }\n      ]\n    },\n    options: {\n      responsive: true,\n      maintainAspectRatio: true,\n      layout: {\n        padding: {\n          top: 30,\n          right: 50,\n          bottom: 10,\n          left: 10\n        }\n      },\n      plugins: {\n        title: {\n          display: true,\n          text: \"Evolution du prix du timbre en France (2020-2026)\",\n          font: {\n            size: 18,\n            weight: \"bold\",\n            family: \"system-ui, sans-serif\"\n          },\n          color: \"#2c3e50\",\n          padding: {\n            bottom: 25\n          }\n        },\n        legend: {\n          position: \"top\",\n          align: \"center\",\n          labels: {\n            usePointStyle: true,\n            pointStyle: \"circle\",\n            padding: 20,\n            font: {\n              size: 13,\n              family: \"system-ui, sans-serif\"\n            },\n            color: \"#34495e\"\n          }\n        },\n        tooltip: {\n          backgroundColor: \"rgba(44,62,80,0.95)\",\n          titleFont: {\n            size: 14,\n            weight: \"bold\"\n          },\n          bodyFont: {\n            size: 13\n          },\n          padding: 12,\n          cornerRadius: 8,\n          displayColors: true,\n          callbacks: {\n            label: function(context) {\n              return context.dataset.label + \" : \" + context.parsed.y.toFixed(2) + \" EUR\";\n            }\n          }\n        },\n        datalabels: {\n          display: function(context) {\n            return context.dataIndex === 6;\n          },\n          align: \"top\",\n          anchor: \"end\",\n          offset: 8,\n          font: {\n            size: 13,\n            weight: \"bold\",\n            family: \"system-ui, sans-serif\"\n          },\n          color: function(context) {\n            return context.dataset.borderColor;\n          },\n          formatter: function(value) {\n            return value.toFixed(2) + \" EUR\";\n          },\n          backgroundColor: \"rgba(255,255,255,0.85)\",\n          borderRadius: 4,\n          padding: {\n            top: 4,\n            bottom: 4,\n            left: 6,\n            right: 6\n          }\n        }\n      },\n      scales: {\n        x: {\n          grid: {\n            color: \"rgba(0,0,0,0.06)\",\n            drawBorder: false\n          },\n          ticks: {\n            font: {\n              size: 13,\n              weight: \"600\",\n              family: \"system-ui, sans-serif\"\n            },\n            color: \"#7f8c8d\"\n          }\n        },\n        y: {\n          min: 0.80,\n          max: 2.20,\n          ticks: {\n            stepSize: 0.20,\n            font: {\n              size: 12,\n              family: \"system-ui, sans-serif\"\n            },\n            color: \"#7f8c8d\",\n            callback: function(value) {\n              return value.toFixed(2) + \" EUR\";\n            }\n          },\n          grid: {\n            color: \"rgba(0,0,0,0.06)\",\n            drawBorder: false\n          }\n        }\n      }\n    }\n  });\n});\n<\/script>\n\n <h2>Tarifs du timbre en 2026 : panorama complet des lettres vertes, prioritaires et suivies<\/h2><p>Le prix du timbre en 2026 s\u2019inscrit dans un cadre r\u00e9glementaire pr\u00e9cis. L\u2019ARCEP autorise une hausse moyenne des tarifs du courrier jusqu\u2019\u00e0 7,5 % par an entre 2026 et 2029. La Poste ajuste donc ses offres en structurant la gamme autour de la <strong>lettre verte<\/strong>, de la <strong>lettre verte suivie<\/strong>, de la <strong>lettre Services Plus<\/strong> (prioritaire avec services additionnels) et de l\u2019<strong>e-lettre rouge<\/strong> qui remplace l\u2019ancien timbre rouge.<\/p><p>Le lecteur doit d\u00e9sormais raisonner en termes de <strong>besoin de d\u00e9lai<\/strong>, de <strong>niveau de tra\u00e7abilit\u00e9<\/strong> et de <strong>poids<\/strong> plut\u00f4t que de simple couleur de timbre. Les diff\u00e9rences de prix entre ces offres impactent autant les particuliers que les professionnels qui envoient r\u00e9guli\u00e8rement des factures, contrats ou documents administratifs.<\/p><blockquote>\u00ab La lettre verte devient le tarif de r\u00e9f\u00e9rence pour le courrier du quotidien, avec un d\u00e9lai d\u2019acheminement de J+3 en jours ouvr\u00e9s. Les options de suivi et de service renforc\u00e9 compl\u00e8tent cette base selon les besoins \u00bb \u2013 Synth\u00e8se des orientations de La Poste et du cadre ARCEP 2026-2029.<\/blockquote><h2>Prix du timbre lettre verte 2026 : le nouveau tarif de base<\/h2><p>La <strong>lettre verte 2026<\/strong> correspond au tarif standard pour envoyer un courrier en France m\u00e9tropolitaine et vers certaines destinations internationales. Elle privil\u00e9gie un acheminement plus responsable, sans transport a\u00e9rien syst\u00e9matique, avec un d\u00e9lai moyen de <strong>J+3 jours ouvr\u00e9s<\/strong>.<\/p><p>En 2026, le timbre lettre verte 20 g augmente de <strong>0,13 \u20ac<\/strong>, soit une hausse de <strong>9,35 %<\/strong> par rapport \u00e0 l\u2019ann\u00e9e pr\u00e9c\u00e9dente. Cette augmentation reste coh\u00e9rente avec la limite moyenne impos\u00e9e par le r\u00e9gulateur sur l\u2019ensemble des produits courrier.<\/p><h3>Grille tarifaire lettre verte 2026 par tranche de poids<\/h3><p>Voici les tarifs de la lettre verte pour un envoi national en 2026, par tranche de poids :<\/p><table><thead><tr><th>Poids de la lettre<\/th><th>Tarif lettre verte 2026<\/th><th>D\u00e9lai indicatif<\/th><\/tr><\/thead><tbody><tr><td>Jusqu\u2019\u00e0 20 g<\/td><td>1,52 \u20ac<\/td><td>J+3<\/td><\/tr><tr><td>Jusqu\u2019\u00e0 100 g<\/td><td>3,10 \u20ac<\/td><td>J+3<\/td><\/tr><tr><td>Jusqu\u2019\u00e0 250 g<\/td><td>5,24 \u20ac<\/td><td>J+3<\/td><\/tr><tr><td>Jusqu\u2019\u00e0 500 g<\/td><td>7,41 \u20ac<\/td><td>J+3<\/td><\/tr><tr><td>Jusqu\u2019\u00e0 1 kg<\/td><td>9,29 \u20ac<\/td><td>J+3<\/td><\/tr><tr><td>Jusqu\u2019\u00e0 2 kg<\/td><td>11,14 \u20ac<\/td><td>J+3<\/td><\/tr><\/tbody><\/table><p>Pour un usage courant (facture, courrier administratif simple, correspondance personnelle), la lettre verte reste l\u2019option la plus pertinente. Elle offre un compromis entre <strong>prix<\/strong> et <strong>d\u00e9lai raisonnable<\/strong>, sans surco\u00fbt de service.<\/p><p>Pour ajuster le nombre de timbres \u00e0 coller en fonction du poids, un d\u00e9tail complet des tranches est propos\u00e9 dans le guide d\u00e9di\u00e9 : <a href=\"\/combien-timbres-lettre\/\">combien de timbres pour une lettre selon le poids<\/a>.<\/p><h3>Conditions de format pour utiliser un timbre lettre verte<\/h3><p>La lettre verte s\u2019applique uniquement si l\u2019envoi respecte le format \u00ab lettre \u00bb ou \u00ab petit objet \u00bb d\u00e9fini par La Poste. Au-del\u00e0, l\u2019envoi bascule vers des produits type Colissimo ou \u00e9quivalent.<\/p><p>En 2026, les principales contraintes pour un envoi en lettre verte sont :<\/p><ul><li><strong>\u00c9paisseur maximale :<\/strong> 3 cm<\/li><li><strong>Poids maximal :<\/strong> 2 kg<\/li><li><strong>Dimensions minimales :<\/strong> 14 x 9 cm<\/li><li><strong>Longueur maximale :<\/strong> 60 cm<\/li><\/ul><div style=\"border:1px solid #4CAF50;padding:12px 15px;margin:18px 0;background:#f6fff6;\"><strong>Info pratique \u2013 Bien rester au tarif lettre verte<\/strong><p>Un envoi un peu volumineux (brochure, catalogue fin, petit objet l\u00e9ger) reste au tarif lettre verte tant que l\u2019\u00e9paisseur ne d\u00e9passe pas 3 cm et que le poids reste sous 2 kg. Au guichet, le moindre d\u00e9passement de format entra\u00eene un changement de produit et donc de tarif. Mieux vaut mesurer pr\u00e9cis\u00e9ment l\u2019\u00e9paisseur avec une simple r\u00e8gle avant d\u2019affranchir.<\/p><\/div><h2>Lettre verte suivie 2026 : prix du timbre avec suivi inclus<\/h2><p>Pour un courrier sensible, une petite vente en ligne, un document professionnel ou un envoi \u00e0 forte valeur sentimentale, le <strong>suivi<\/strong> prend une r\u00e9elle importance. La <strong>lettre verte suivie 2026<\/strong> ajoute une tra\u00e7abilit\u00e9 \u00e0 la lettre verte classique, tout en conservant le m\u00eame d\u00e9lai moyen de <strong>J+3 jours ouvr\u00e9s<\/strong>.<\/p><p>Le suivi est <strong>inclus<\/strong> dans le tarif, via un num\u00e9ro permettant de suivre les \u00e9tapes cl\u00e9s de l\u2019acheminement sur le site de La Poste. Cette solution \u00e9vite de passer directement par la lettre recommand\u00e9e, plus on\u00e9reuse et plus lourde \u00e0 g\u00e9rer.<\/p><h3>Tarifs 2026 de la lettre verte suivie<\/h3><p>Voici les prix de la lettre verte suivie en 2026 :<\/p><table><thead><tr><th>Poids de la lettre<\/th><th>Tarif lettre verte suivie 2026<\/th><th>D\u00e9lai indicatif<\/th><th>Suivi<\/th><\/tr><\/thead><tbody><tr><td>Jusqu\u2019\u00e0 20 g<\/td><td>2,02 \u20ac<\/td><td>J+3<\/td><td>Inclus<\/td><\/tr><tr><td>Jusqu\u2019\u00e0 100 g<\/td><td>3,60 \u20ac<\/td><td>J+3<\/td><td>Inclus<\/td><\/tr><tr><td>Jusqu\u2019\u00e0 250 g<\/td><td>5,74 \u20ac<\/td><td>J+3<\/td><td>Inclus<\/td><\/tr><tr><td>Jusqu\u2019\u00e0 500 g<\/td><td>7,91 \u20ac<\/td><td>J+3<\/td><td>Inclus<\/td><\/tr><tr><td>Jusqu\u2019\u00e0 1 kg<\/td><td>9,79 \u20ac<\/td><td>J+3<\/td><td>Inclus<\/td><\/tr><tr><td>Jusqu\u2019\u00e0 2 kg<\/td><td>11,64 \u20ac<\/td><td>J+3<\/td><td>Inclus<\/td><\/tr><\/tbody><\/table><p>Pour un envoi de 20 g, la diff\u00e9rence entre lettre verte simple et lettre verte suivie atteint donc <strong>0,50 \u20ac<\/strong> en 2026. Ce surco\u00fbt paie la tra\u00e7abilit\u00e9 et l\u2019acc\u00e8s en ligne \u00e0 l\u2019historique d\u2019acheminement.<\/p><blockquote>\u00ab La lettre suivie a trouv\u00e9 sa place entre le courrier ordinaire et la recommandation. Le client obtient un suivi dat\u00e9 sans avoir \u00e0 g\u00e9rer la remise contre signature \u00bb \u2013 T\u00e9moignage d\u2019un responsable de r\u00e9seau postal.<\/blockquote><div style=\"border:1px solid #2196F3;padding:12px 15px;margin:18px 0;background:#f5f9ff;\"><strong>Conseil d\u2019usage \u2013 Quand passer \u00e0 la lettre verte suivie<\/strong><p>La lettre verte suivie convient bien pour : l\u2019envoi de petites commandes e-commerce, un justificatif \u00e0 fournir \u00e0 une administration, un dipl\u00f4me, ou encore des pi\u00e8ces comptables. D\u00e8s que la perte d\u2019un courrier engendre un conflit, un retard de paiement ou des co\u00fbts de reproduction, le suivi devient un v\u00e9ritable outil de s\u00e9curit\u00e9.<\/p><\/div><h2>Lettre Services Plus 2026 : l\u2019option prioritaire avec services renforc\u00e9s<\/h2><p>La <strong>lettre Services Plus<\/strong> remplace progressivement l\u2019ancienne notion de lettre prioritaire. Elle s\u2019adresse \u00e0 ceux qui recherchent un <strong>d\u00e9lai plus rapide<\/strong> que la lettre verte et un <strong>suivi syst\u00e9matique<\/strong>. En 2026, l\u2019acheminement indicatif passe \u00e0 <strong>J+2 jours ouvr\u00e9s<\/strong> pour un envoi national.<\/p><p>Au-del\u00e0 de la rapidit\u00e9, cette offre valorise aussi l\u2019exp\u00e9rience client : plus d\u2019informations, plus de services num\u00e9riques, davantage de possibilit\u00e9s pour g\u00e9rer son courrier \u00e0 distance.<\/p><h3>Prix du timbre lettre Services Plus 2026<\/h3><p>Les tarifs 2026 de la lettre Services Plus sont les suivants :<\/p><table><thead><tr><th>Poids de la lettre<\/th><th>Tarif lettre Services Plus 2026<\/th><th>D\u00e9lai indicatif<\/th><th>Suivi<\/th><\/tr><\/thead><tbody><tr><td>Jusqu\u2019\u00e0 20 g<\/td><td>3,47 \u20ac<\/td><td>J+2<\/td><td>Inclus<\/td><\/tr><tr><td>Jusqu\u2019\u00e0 100 g<\/td><td>4,57 \u20ac<\/td><td>J+2<\/td><td>Inclus<\/td><\/tr><tr><td>Jusqu\u2019\u00e0 250 g<\/td><td>5,78 \u20ac<\/td><td>J+2<\/td><td>Inclus<\/td><\/tr><tr><td>Jusqu\u2019\u00e0 500 g<\/td><td>8,10 \u20ac<\/td><td>J+2<\/td><td>Inclus<\/td><\/tr><tr><td>Jusqu\u2019\u00e0 1 kg<\/td><td>10,35 \u20ac<\/td><td>J+2<\/td><td>Inclus<\/td><\/tr><tr><td>Jusqu\u2019\u00e0 2 kg<\/td><td>12,01 \u20ac<\/td><td>J+2<\/td><td>Inclus<\/td><\/tr><\/tbody><\/table><p>L\u2019augmentation sur le timbre 20 g lettre Services Plus atteint <strong>0,32 \u20ac<\/strong> en 2026. La hausse reste plus marqu\u00e9e que celle de la lettre verte, en coh\u00e9rence avec la logique de \u00ab service premium \u00bb appliqu\u00e9 \u00e0 cette gamme.<\/p><div style=\"border:1px solid #FF9800;padding:12px 15px;margin:18px 0;background:#fff9f0;\"><strong>Point de vigilance \u2013 D\u00e9lai prioritaire sans garantie absolue<\/strong><p>Le d\u00e9lai J+2 constitue un objectif op\u00e9rationnel. Les contraintes de trafic, de m\u00e9t\u00e9o ou d\u2019organisation peuvent g\u00e9n\u00e9rer un jour de d\u00e9calage. Pour un enjeu l\u00e9gal ou contractuel fort, la lettre recommand\u00e9e garde sa pertinence, car elle int\u00e8gre la preuve de d\u00e9p\u00f4t et la remise contre signature.<\/p><\/div><h3>Lettre prioritaire vs Services Plus : ce qui change<\/h3><p>Le timbre rouge physique, associ\u00e9 \u00e0 la <strong>lettre prioritaire<\/strong>, a disparu. Il est <strong>remplac\u00e9 par l\u2019e-lettre rouge<\/strong>, 100 % num\u00e9rique. La lettre Services Plus devient le produit physique rapide, mais ne se pr\u00e9sente plus comme une simple \u00ab lettre prioritaire \u00bb \u00e0 timbre rouge classique.<\/p><p>En pratique :<\/p><ul><li>La lettre Services Plus propose un d\u00e9lai acc\u00e9l\u00e9r\u00e9 J+2, un suivi et une dimension plus servicielle.<\/li><li>L\u2019e-lettre rouge offre un traitement d\u00e9mat\u00e9rialis\u00e9 et un d\u00e9lai J+1, avec impression et distribution par La Poste.<\/li><\/ul><h2>e-lettre rouge 2026 : la nouvelle lettre prioritaire num\u00e9rique<\/h2><p>L\u2019<strong>e-lettre rouge<\/strong> remplace l\u2019historique timbre rouge. L\u2019envoi se fait enti\u00e8rement en ligne, via une interface d\u00e9di\u00e9e. La Poste imprime ensuite le courrier au plus pr\u00e8s du destinataire, pour une distribution rapide en bo\u00eete aux lettres.<\/p><p>En 2026, l\u2019e-lettre rouge vise un d\u00e9lai de <strong>J+1<\/strong> sous condition de commande <strong>avant 20 h<\/strong>. Pour les envois urgents, cette solution joue le r\u00f4le de lettre prioritaire moderne.<\/p><h3>Tarif 2026 de l\u2019e-lettre rouge<\/h3><p>Le tarif unique pour un courrier jusqu\u2019\u00e0 20 g est fix\u00e9 \u00e0 :<\/p><ul><li><strong>1,60 \u20ac pour une e-lettre rouge 20 g en 2026<\/strong><\/li><\/ul><p>L\u2019augmentation annonc\u00e9e entre 2025 et 2026 atteint <strong>0,11 \u20ac<\/strong>. Le prix reste proche de celui d\u2019une lettre verte classique, tout en offrant un <strong>d\u00e9lai plus rapide<\/strong> et la commodit\u00e9 d\u2019un envoi depuis son ordinateur ou son smartphone.<\/p><blockquote>\u00ab L\u2019e-lettre rouge standardise l\u2019urgence postale. Le client n\u2019ach\u00e8te plus un timbre prioritaire, il d\u00e9clenche un flux num\u00e9rique avec impression locale \u00bb \u2013 Analyse d\u2019un consultant en logistique postale.<\/blockquote><div style=\"border:1px solid #9C27B0;padding:12px 15px;margin:18px 0;background:#faf5ff;\"><strong>Astuce \u2013 Quand privil\u00e9gier l\u2019e-lettre rouge<\/strong><p>L\u2019e-lettre rouge devient pertinente pour un courrier \u00e0 envoyer le soir, \u00e0 la derni\u00e8re minute, sans acc\u00e8s \u00e0 une bo\u00eete aux lettres. Contrats \u00e0 retourner, r\u00e9siliations, attestations administratives : l\u2019envoi num\u00e9rique limite les d\u00e9placements, tout en conservant une distribution physique au destinataire.<\/p><\/div><h2>Tarifs r\u00e9duits 2026 : montants de timbres \u00e0 moindre co\u00fbt (MTL)<\/h2><p>La grille 2026 inclut un <strong>tarif r\u00e9duit<\/strong> pour certains publics, souvent d\u00e9sign\u00e9 par les dispositifs de type MTL (mesures tarifaires locales ou sp\u00e9cifiques). Cette r\u00e9duction se d\u00e9cline sur la lettre verte, principalement pour les courriers de faible poids.<\/p><h3>Prix des timbres lettre verte \u00e0 tarif r\u00e9duit 2026<\/h3><p>Pour la lettre verte \u00e0 tarif r\u00e9duit en 2026, les montants sont les suivants :<\/p><table><thead><tr><th>Poids de la lettre<\/th><th>Lettre verte tarif r\u00e9duit 2026<\/th><th>D\u00e9lai indicatif<\/th><\/tr><\/thead><tbody><tr><td>Jusqu\u2019\u00e0 20 g<\/td><td>1,49 \u20ac<\/td><td>J+3<\/td><\/tr><tr><td>Jusqu\u2019\u00e0 100 g<\/td><td>2,97 \u20ac<\/td><td>J+3<\/td><\/tr><tr><td>Jusqu\u2019\u00e0 250 g<\/td><td>5,18 \u20ac<\/td><td>J+3<\/td><\/tr><tr><td>Jusqu\u2019\u00e0 500 g<\/td><td>7,21 \u20ac<\/td><td>J+3<\/td><\/tr><tr><td>Jusqu\u2019\u00e0 1 kg<\/td><td>9,14 \u20ac<\/td><td>J+3<\/td><\/tr><tr><td>Jusqu\u2019\u00e0 2 kg<\/td><td>11,06 \u20ac<\/td><td>J+3<\/td><\/tr><\/tbody><\/table><p>La r\u00e9duction par rapport au tarif standard reste mod\u00e9r\u00e9e mais r\u00e9guli\u00e8re sur toutes les tranches de poids. Elle s\u2019adresse souvent \u00e0 des profils pr\u00e9cis : personnes b\u00e9n\u00e9ficiant de dispositifs sociaux, publications, associations ou autres cat\u00e9gories \u00e9ligibles selon les modalit\u00e9s fix\u00e9es par La Poste.<\/p><div style=\"border:1px solid #607D8B;padding:12px 15px;margin:18px 0;background:#f5f7f9;\"><strong>Bon r\u00e9flexe \u2013 V\u00e9rifier son \u00e9ligibilit\u00e9 aux tarifs r\u00e9duits<\/strong><p>Certaines structures (associations, organismes d\u2019int\u00e9r\u00eat g\u00e9n\u00e9ral, collectivit\u00e9s locales) b\u00e9n\u00e9ficient de grilles tarifaires sp\u00e9cifiques. Avant de budg\u00e9ter un volume d\u2019envois, un \u00e9change avec le service commercial ou une consultation des conditions dans le <a href=\"\/la-poste-services-guide\/\">guide des services La Poste<\/a> ouvre parfois des marges d\u2019\u00e9conomie non n\u00e9gligeables.<\/p><\/div><h2>Comparer les prix des timbres 2026 : lettre verte, suivie, Services Plus, e-lettre rouge<\/h2><p>Pour choisir l\u2019affranchissement adapt\u00e9, raisonner uniquement en prix unitaire ne suffit pas. D\u00e9lai, suivi, mode d\u2019envoi et objectifs de l\u2019exp\u00e9diteur entrent en jeu. Le tableau suivant propose une vision transversale des offres 2026 pour un courrier jusqu\u2019\u00e0 20 g.<\/p><table><thead><tr><th>Type d\u2019envoi<\/th><th>Tarif 20 g en 2026<\/th><th>D\u00e9lai indicatif<\/th><th>Suivi<\/th><th>Mode d\u2019envoi<\/th><\/tr><\/thead><tbody><tr><td>Lettre verte<\/td><td>1,52 \u20ac<\/td><td>J+3<\/td><td>Non<\/td><td>Physique<\/td><\/tr><tr><td>Lettre verte suivie<\/td><td>2,02 \u20ac<\/td><td>J+3<\/td><td>Oui<\/td><td>Physique<\/td><\/tr><tr><td>Lettre Services Plus<\/td><td>3,47 \u20ac<\/td><td>J+2<\/td><td>Oui<\/td><td>Physique<\/td><\/tr><tr><td>e-lettre rouge<\/td><td>1,60 \u20ac<\/td><td>J+1 (commande avant 20 h)<\/td><td>Variable selon service<\/td><td>En ligne \/ Physique \u00e0 la distribution<\/td><\/tr><\/tbody><\/table><h3>Comment arbitrer entre prix, d\u00e9lai et suivi<\/h3><p>Pour un simple courrier amical ou informel, la lettre verte reste le bon standard. Le surco\u00fbt des autres offres ne se justifie que par un besoin concret de rapidit\u00e9 ou de tra\u00e7abilit\u00e9.<\/p><p>En revanche, pour des documents professionnels, des pi\u00e8ces justificatives ou des petits envois commerciaux, la lettre verte suivie ou la lettre Services Plus s\u00e9curisent la d\u00e9marche. Le suivi joue un r\u00f4le de preuve technique en cas de litige sur la bonne r\u00e9ception du courrier.<\/p><div style=\"border:1px solid #3F51B5;padding:12px 15px;margin:18px 0;background:#f4f6ff;\"><strong>Strat\u00e9gie \u2013 Construire sa \u00ab grille maison \u00bb d\u2019affranchissement<\/strong><p>Les professionnels gagnent \u00e0 d\u00e9finir une r\u00e8gle interne claire : par exemple, lettre verte pour les factures simples, lettre verte suivie pour les relances et documents contractuels, lettre Services Plus ou e-lettre rouge pour les urgences. Cette standardisation limite les h\u00e9sitations au quotidien et stabilise le budget postal.<\/p><\/div><h2>\u00c9volution des prix du timbre en 2026 : hausses et plafonds r\u00e9glementaires<\/h2><p>Les tarifs 2026 s\u2019inscrivent dans une trajectoire d\u2019augmentation d\u00e9cid\u00e9e sur plusieurs ann\u00e9es. L\u2019ARCEP fixe un <strong>plafond moyen de hausse de 7,5 % par an<\/strong> sur la p\u00e9riode 2026-2029. La Poste module ensuite cette hausse entre les diff\u00e9rentes gammes (verte, services plus, en ligne, etc.).<\/p><p>Pour la lettre verte 20 g, l\u2019augmentation atteint <strong>0,13 \u20ac<\/strong>, soit <strong>9,35 %<\/strong>. La moyenne globale sur l\u2019ensemble de la gamme reste align\u00e9e sur les 7,4 % annonc\u00e9s dans le contexte 2026. Les gammes plus valoris\u00e9es (comme Services Plus) supportent une mont\u00e9e plus marqu\u00e9e.<\/p><blockquote>\u00ab Les augmentations tarifaires annuelles visent \u00e0 garantir la p\u00e9rennit\u00e9 du service universel postal dans un contexte de baisse durable des volumes de courrier \u00bb \u2013 Extrait de communications institutionnelles autour du cadre 2026-2029.<\/blockquote><p>Pour l\u2019usager, ces hausses signifient une adaptation progressive des habitudes : regroupement des envois, priorisation du courrier r\u00e9ellement n\u00e9cessaire, et usage plus intensif des services en ligne pour les \u00e9changes sans besoin de forme papier.<\/p><h2>D\u00e9lais d\u2019acheminement en 2026 : J+3, J+2 ou J+1 selon le produit<\/h2><p>Les d\u00e9lais postaux ont \u00e9volu\u00e9 avec la r\u00e9organisation des r\u00e9seaux et la mont\u00e9e en puissance du num\u00e9rique. En 2026, chaque type de lettre r\u00e9pond \u00e0 un d\u00e9lai indicatif distinct.<\/p><h3>D\u00e9lais nationaux pour les principales lettres en 2026<\/h3><p>Les rep\u00e8res suivants structurent le paysage des d\u00e9lais :<\/p><ul><li><strong>Lettre verte :<\/strong> 3 jours ouvr\u00e9s (J+3)<\/li><li><strong>Lettre verte suivie :<\/strong> 3 jours ouvr\u00e9s (J+3), mais avec tra\u00e7abilit\u00e9<\/li><li><strong>Lettre Services Plus :<\/strong> 2 jours ouvr\u00e9s (J+2)<\/li><li><strong>e-lettre rouge :<\/strong> J+1 pour une commande pass\u00e9e avant 20 h<\/li><li><strong>Lettre recommand\u00e9e :<\/strong> en g\u00e9n\u00e9ral 3 jours ouvr\u00e9s<\/li><\/ul><p>La logique repose sur un \u00e9quilibre entre co\u00fbt d\u2019acheminement, neutralit\u00e9 environnementale et exigences des clients. Le tout rapide type J+1 par d\u00e9faut aurait un co\u00fbt logistique trop \u00e9lev\u00e9 sur un volume non cibl\u00e9. D\u2019o\u00f9 cette tarification diff\u00e9renci\u00e9e, associ\u00e9e \u00e0 un d\u00e9lai modul\u00e9.<\/p><h3>D\u00e9lais internationaux en 2026<\/h3><p>Pour l\u2019international, les d\u00e9lais s\u2019\u00e9tendent davantage et varient selon la zone g\u00e9ographique :<\/p><ul><li><strong>Union europ\u00e9enne et Suisse :<\/strong> 2 \u00e0 3 jours environ<\/li><li><strong>Europe hors UE et Maghreb :<\/strong> 3 \u00e0 7 jours<\/li><li><strong>Reste du monde :<\/strong> 5 \u00e0 10 jours selon le pays et le mode de transport<\/li><\/ul><div style=\"border:1px solid #795548;padding:12px 15px;margin:18px 0;background:#fdf7f3;\"><strong>Rep\u00e8re \u2013 D\u00e9lai indicatif vs engagement contractuel<\/strong><p>Les d\u00e9lais indiqu\u00e9s par La Poste constituent des objectifs techniques. Ils ne s\u2019analysent pas comme une garantie juridique syst\u00e9matique. En cas d\u2019enjeu fort (concours, r\u00e9ponse \u00e0 un appel d\u2019offres, injonction administrative), le choix d\u2019un produit avec preuve de d\u00e9p\u00f4t et \u00e9ventuellement avec indemnisation contractuelle apporte une s\u00e9curit\u00e9 plus robuste.<\/p><\/div><h2>Encadrement r\u00e9glementaire et r\u00f4le de l\u2019ARCEP dans les prix du timbre<\/h2><p>Le prix du timbre ne rel\u00e8ve pas d\u2019une d\u00e9cision isol\u00e9e. Il d\u00e9coule d\u2019un cadre fix\u00e9 par l\u2019ARCEP, l\u2019autorit\u00e9 qui r\u00e9gule les communications \u00e9lectroniques, les postes et la distribution de la presse. Cette instance valide des plafonds de hausse moyens sur des p\u00e9riodes pluriannuelles.<\/p><p>Pour la p\u00e9riode 2026-2029, le <strong>plafond d\u2019augmentation moyenne<\/strong> est fix\u00e9 \u00e0 <strong>7,5 % par an<\/strong> sur les services relevant du service universel postal. La Poste r\u00e9partit ensuite ces hausses entre les diff\u00e9rentes offres, en fonction des co\u00fbts r\u00e9els et de la strat\u00e9gie de gamme.<\/p><p>Ce m\u00e9canisme vise \u00e0 :<\/p><ul><li>Assurer la viabilit\u00e9 \u00e9conomique du r\u00e9seau postal dans un contexte de baisse du volume de lettres.<\/li><li>Maintenir un <strong>service universel<\/strong> accessible sur l\u2019ensemble du territoire.<\/li><li>Limiter les hausses trop brutales via un plafond contr\u00f4l\u00e9.<\/li><\/ul><h2>Choisir le bon timbre en 2026 selon son besoin concret<\/h2><p>Entre lettre verte, suivie, Services Plus, e-lettre rouge et recommand\u00e9e, la vari\u00e9t\u00e9 des options brouille parfois les rep\u00e8res. Un choix \u00e9clair\u00e9 repose sur quelques param\u00e8tres stables : <strong>urgences, importance du contenu, valeur financi\u00e8re, besoin de preuve<\/strong>.<\/p><h3>Cas typiques et affranchissement adapt\u00e9<\/h3><p>Quelques sc\u00e9narios fr\u00e9quents permettent de fixer des rep\u00e8res :<\/p><ul><li><strong>Correspondance personnelle non urgente :<\/strong> lettre verte simple.<\/li><li><strong>Envoi de facture ou de contrat sans enjeu extr\u00eame :<\/strong> lettre verte ou lettre verte suivie selon la sensibilit\u00e9.<\/li><li><strong>Relance de paiement, document qui engage une relation commerciale :<\/strong> lettre verte suivie ou lettre recommand\u00e9e selon le risque.<\/li><li><strong>Courrier \u00e0 \u00e9ch\u00e9ance serr\u00e9e (r\u00e9siliation, r\u00e9ponse administrative, concours) :<\/strong> e-lettre rouge ou lettre Services Plus, en fonction du canal souhait\u00e9.<\/li><li><strong>Envoi \u00e0 forte valeur juridique ou financi\u00e8re :<\/strong> lettre recommand\u00e9e, qui ajoute preuve de d\u00e9p\u00f4t et remise contre signature.<\/li><\/ul><p>Pour affiner la strat\u00e9gie d\u2019affranchissement et comprendre l\u2019ensemble des services associ\u00e9s (recommand\u00e9, assurances, options de suivi), un d\u00e9tour par le <a href=\"\/la-poste-services-guide\/\">guide complet des services La Poste<\/a> reste utile.<\/p><div style=\"border:1px solid #E91E63;padding:12px 15px;margin:18px 0;background:#fff5f8;\"><strong>Le bon r\u00e9flexe \u00e9conomique \u2013 Optimiser le poids<\/strong><p>Une lettre qui d\u00e9passe l\u00e9g\u00e8rement 20 g engage une hausse nette de tarif. R\u00e9duire le nombre de pages, imprimer en recto-verso ou retirer des pi\u00e8ces non indispensables ram\u00e8ne souvent l\u2019envoi sous le seuil de 20 g. Pour visualiser l\u2019impact exact du poids sur le nombre de timbres \u00e0 coller, le d\u00e9tail par tranche de poids est d\u00e9velopp\u00e9 dans la ressource : <a href=\"\/combien-timbres-lettre\/\">combien de timbres pour une lettre<\/a>.<\/p><\/div><h2>Budget courrier 2026 : int\u00e9grer les hausses de timbres dans ses habitudes<\/h2><p>Face \u00e0 une hausse moyenne de <strong>7,4 %<\/strong> des tarifs 2026, particuliers et entreprises r\u00e9ajustent leur pratique du courrier. Le timbre devient un co\u00fbt \u00e0 suivre au m\u00eame titre que l\u2019\u00e9nergie ou l\u2019abonnement t\u00e9l\u00e9com, surtout pour ceux qui envoient encore de nombreux plis.<\/p><p>Plusieurs leviers se dessinent :<\/p><ul><li>Limiter les envois papier aux courriers qui exigent r\u00e9ellement une forme physique.<\/li><li>Regrouper les documents pour \u00e9viter plusieurs lettres proches en poids.<\/li><li>Basculer certains \u00e9changes vers des solutions num\u00e9riques (facturation \u00e9lectronique, espaces clients en ligne).<\/li><li>R\u00e9server les produits \u00e0 forte valeur (Services Plus, recommand\u00e9) aux dossiers \u00e0 enjeu r\u00e9el.<\/li><\/ul><p>En parall\u00e8le, La Poste \u00e9tend son offre de services hybrides, o\u00f9 le courrier na\u00eet sous forme num\u00e9rique mais se termine en lettre distribu\u00e9e dans la bo\u00eete du destinataire, comme avec l\u2019e-lettre rouge. Ces outils modifient la mani\u00e8re de raisonner le prix d\u2019un timbre, qui ne se limite plus \u00e0 une vignette coll\u00e9e sur une enveloppe.<\/p><p>Pour suivre plus finement l\u2019\u00e9volution des grilles d\u2019affranchissement, un r\u00e9capitulatif sp\u00e9cifique des tarifs lettre verte et associ\u00e9s reste utile, notamment via la ressource d\u00e9taill\u00e9e consacr\u00e9e au <a href=\"\/timbre-lettre-verte-prix\/\">prix de la lettre verte en 2026 et ses d\u00e9clinaisons<\/a>.<\/p>","protected":false},"excerpt":{"rendered":"","protected":false},"author":29,"featured_media":11559,"comment_status":"open","ping_status":"","sticky":false,"template":"","format":"standard","meta":{"_acf_changed":false,"subtitle":"","footnotes":""},"categories":[519],"tags":[],"class_list":["post-11561","post","type-post","status-publish","format-standard","has-post-thumbnail","hentry","category-collectioneur","generate-columns","tablet-grid-50","mobile-grid-100","grid-parent","grid-33"],"acf":false,"yoast_head":"<!-- This site is optimized with the Yoast SEO plugin v25.8 - https:\/\/yoast.com\/wordpress\/plugins\/seo\/ -->\n<title>Prix du timbre en 2026 : lettre verte, prioritaire et suivie | SFPF<\/title>\n<meta name=\"description\" content=\"En 2026, le prix du timbre change \u00e0 nouveau et La Poste r\u00e9organise ses offres autour de la lettre verte, des envois suivis et de l\u2019e-lettre rouge\" \/>\n<meta name=\"robots\" content=\"index, follow, max-snippet:-1, max-image-preview:large, max-video-preview:-1\" \/>\n<link rel=\"canonical\" href=\"https:\/\/www.sfpf.fr\/actu\/tarif-timbre-2026\" \/>\n<meta property=\"og:locale\" content=\"fr_FR\" \/>\n<meta property=\"og:type\" content=\"article\" \/>\n<meta property=\"og:title\" content=\"Prix du timbre en 2026 : lettre verte, prioritaire et suivie | SFPF\" \/>\n<meta property=\"og:description\" content=\"En 2026, le prix du timbre change \u00e0 nouveau et La Poste r\u00e9organise ses offres autour de la lettre verte, des envois suivis et de l\u2019e-lettre rouge\" \/>\n<meta property=\"og:url\" content=\"https:\/\/www.sfpf.fr\/actu\/tarif-timbre-2026\" \/>\n<meta property=\"og:site_name\" content=\"SFPF\" \/>\n<meta property=\"article:published_time\" content=\"2026-03-04T12:45:00+00:00\" \/>\n<meta property=\"og:image\" content=\"https:\/\/www.sfpf.fr\/actu\/wp-content\/uploads\/2026\/02\/timbres_france_2026-scaled.png\" \/>\n\t<meta property=\"og:image:width\" content=\"1200\" \/>\n\t<meta property=\"og:image:height\" content=\"673\" \/>\n\t<meta property=\"og:image:type\" content=\"image\/png\" \/>\n<meta name=\"author\" content=\"Laredac\" \/>\n<meta name=\"twitter:card\" content=\"summary_large_image\" \/>\n<meta name=\"twitter:label1\" content=\"\u00c9crit par\" \/>\n\t<meta name=\"twitter:data1\" content=\"Laredac\" \/>\n\t<meta name=\"twitter:label2\" content=\"Dur\u00e9e de lecture estim\u00e9e\" \/>\n\t<meta name=\"twitter:data2\" content=\"15 minutes\" \/>\n<script type=\"application\/ld+json\" class=\"yoast-schema-graph\">{\"@context\":\"https:\/\/schema.org\",\"@graph\":[{\"@type\":\"NewsArticle\",\"@id\":\"https:\/\/www.sfpf.fr\/actu\/tarif-timbre-2026#article\",\"isPartOf\":{\"@id\":\"https:\/\/www.sfpf.fr\/actu\/tarif-timbre-2026\"},\"author\":{\"name\":\"Laredac\",\"@id\":\"https:\/\/www.sfpf.fr\/actu\/#\/schema\/person\/bd87396233d24e5e46c39394bfc2a378\"},\"headline\":\"Prix du timbre en 2026 : lettre verte, prioritaire et suivie\",\"datePublished\":\"2026-03-04T12:45:00+00:00\",\"mainEntityOfPage\":{\"@id\":\"https:\/\/www.sfpf.fr\/actu\/tarif-timbre-2026\"},\"wordCount\":3143,\"commentCount\":0,\"publisher\":{\"@id\":\"https:\/\/www.sfpf.fr\/actu\/#organization\"},\"image\":{\"@id\":\"https:\/\/www.sfpf.fr\/actu\/tarif-timbre-2026#primaryimage\"},\"thumbnailUrl\":\"https:\/\/www.sfpf.fr\/actu\/wp-content\/uploads\/2026\/02\/timbres_france_2026-scaled.png\",\"articleSection\":[\"Collectioneur\"],\"inLanguage\":\"fr-FR\",\"potentialAction\":[{\"@type\":\"CommentAction\",\"name\":\"Comment\",\"target\":[\"https:\/\/www.sfpf.fr\/actu\/tarif-timbre-2026#respond\"]}]},{\"@type\":\"WebPage\",\"@id\":\"https:\/\/www.sfpf.fr\/actu\/tarif-timbre-2026\",\"url\":\"https:\/\/www.sfpf.fr\/actu\/tarif-timbre-2026\",\"name\":\"Prix du timbre en 2026 : lettre verte, prioritaire et suivie | SFPF\",\"isPartOf\":{\"@id\":\"https:\/\/www.sfpf.fr\/actu\/#website\"},\"primaryImageOfPage\":{\"@id\":\"https:\/\/www.sfpf.fr\/actu\/tarif-timbre-2026#primaryimage\"},\"image\":{\"@id\":\"https:\/\/www.sfpf.fr\/actu\/tarif-timbre-2026#primaryimage\"},\"thumbnailUrl\":\"https:\/\/www.sfpf.fr\/actu\/wp-content\/uploads\/2026\/02\/timbres_france_2026-scaled.png\",\"datePublished\":\"2026-03-04T12:45:00+00:00\",\"description\":\"En 2026, le prix du timbre change \u00e0 nouveau et La Poste r\u00e9organise ses offres autour de la lettre verte, des envois suivis et de l\u2019e-lettre rouge\",\"breadcrumb\":{\"@id\":\"https:\/\/www.sfpf.fr\/actu\/tarif-timbre-2026#breadcrumb\"},\"inLanguage\":\"fr-FR\",\"potentialAction\":[{\"@type\":\"ReadAction\",\"target\":[\"https:\/\/www.sfpf.fr\/actu\/tarif-timbre-2026\"]}]},{\"@type\":\"ImageObject\",\"inLanguage\":\"fr-FR\",\"@id\":\"https:\/\/www.sfpf.fr\/actu\/tarif-timbre-2026#primaryimage\",\"url\":\"https:\/\/www.sfpf.fr\/actu\/wp-content\/uploads\/2026\/02\/timbres_france_2026-scaled.png\",\"contentUrl\":\"https:\/\/www.sfpf.fr\/actu\/wp-content\/uploads\/2026\/02\/timbres_france_2026-scaled.png\",\"width\":1200,\"height\":673,\"caption\":\"Mains triant des timbres fran\u00e7ais vari\u00e9s sur une table en bois avec en arri\u00e8re-plan une vraie bo\u00eete aux lettres La Poste et une sc\u00e8ne de rue naturelle.\"},{\"@type\":\"BreadcrumbList\",\"@id\":\"https:\/\/www.sfpf.fr\/actu\/tarif-timbre-2026#breadcrumb\",\"itemListElement\":[{\"@type\":\"ListItem\",\"position\":1,\"name\":\"Accueil\",\"item\":\"https:\/\/www.sfpf.fr\/actu\"},{\"@type\":\"ListItem\",\"position\":2,\"name\":\"Collectioneur\",\"item\":\"https:\/\/www.sfpf.fr\/actu\/categorie\/collectioneur\"},{\"@type\":\"ListItem\",\"position\":3,\"name\":\"Prix du timbre en 2026 : lettre verte, prioritaire et suivie\"}]},{\"@type\":\"WebSite\",\"@id\":\"https:\/\/www.sfpf.fr\/actu\/#website\",\"url\":\"https:\/\/www.sfpf.fr\/actu\/\",\"name\":\"SFPF\",\"description\":\"\",\"publisher\":{\"@id\":\"https:\/\/www.sfpf.fr\/actu\/#organization\"},\"potentialAction\":[{\"@type\":\"SearchAction\",\"target\":{\"@type\":\"EntryPoint\",\"urlTemplate\":\"https:\/\/www.sfpf.fr\/actu\/?s={search_term_string}\"},\"query-input\":{\"@type\":\"PropertyValueSpecification\",\"valueRequired\":true,\"valueName\":\"search_term_string\"}}],\"inLanguage\":\"fr-FR\"},{\"@type\":\"Organization\",\"@id\":\"https:\/\/www.sfpf.fr\/actu\/#organization\",\"name\":\"SFPF\",\"url\":\"https:\/\/www.sfpf.fr\/actu\/\",\"logo\":{\"@type\":\"ImageObject\",\"inLanguage\":\"fr-FR\",\"@id\":\"https:\/\/www.sfpf.fr\/actu\/#\/schema\/logo\/image\/\",\"url\":\"https:\/\/www.sfpf.fr\/actu\/wp-content\/uploads\/2025\/09\/media.png\",\"contentUrl\":\"https:\/\/www.sfpf.fr\/actu\/wp-content\/uploads\/2025\/09\/media.png\",\"width\":178,\"height\":100,\"caption\":\"SFPF\"},\"image\":{\"@id\":\"https:\/\/www.sfpf.fr\/actu\/#\/schema\/logo\/image\/\"}},{\"@type\":\"Person\",\"@id\":\"https:\/\/www.sfpf.fr\/actu\/#\/schema\/person\/bd87396233d24e5e46c39394bfc2a378\",\"name\":\"Laredac\",\"image\":{\"@type\":\"ImageObject\",\"inLanguage\":\"fr-FR\",\"@id\":\"https:\/\/www.sfpf.fr\/actu\/#\/schema\/person\/image\/\",\"url\":\"https:\/\/www.sfpf.fr\/actu\/wp-content\/uploads\/2025\/09\/Design-sans-titre-10.jpg\",\"contentUrl\":\"https:\/\/www.sfpf.fr\/actu\/wp-content\/uploads\/2025\/09\/Design-sans-titre-10.jpg\",\"caption\":\"Laredac\"},\"description\":\"La R\u00e9daction, c\u2019est une petite \u00e9quipe de b\u00e9n\u00e9voles curieux et passionn\u00e9s. Si chacun cultive ses propres centres d\u2019int\u00e9r\u00eat \u2014 timbres fiscaux, monnaies, documents anciens ou objets de collection en tout genre \u2014 tous partagent le go\u00fbt de la d\u00e9couverte, de l\u2019authentique et du savoir bien transmis. Attach\u00e9e \u00e0 la qualit\u00e9 de l\u2019information, la r\u00e9daction s\u2019attache \u00e0 couvrir l\u2019actualit\u00e9 des collections, les nouveaut\u00e9s du march\u00e9, les tendances, mais aussi les \u00e9v\u00e9nements, publications et projets li\u00e9s \u00e0 l\u2019univers du patrimoine et de la culture. Sans se prendre trop au s\u00e9rieux, La R\u00e9dac veille \u00e0 proposer un contenu fiable, vivant et accessible \u00e0 tous les curieux, collectionneurs ou simples amateurs.\",\"url\":\"https:\/\/www.sfpf.fr\/actu\/author\/laredac\"}]}<\/script>\n<!-- \/ Yoast SEO plugin. -->","yoast_head_json":{"title":"Prix du timbre en 2026 : lettre verte, prioritaire et suivie | SFPF","description":"En 2026, le prix du timbre change \u00e0 nouveau et La Poste r\u00e9organise ses offres autour de la lettre verte, des envois suivis et de l\u2019e-lettre rouge","robots":{"index":"index","follow":"follow","max-snippet":"max-snippet:-1","max-image-preview":"max-image-preview:large","max-video-preview":"max-video-preview:-1"},"canonical":"https:\/\/www.sfpf.fr\/actu\/tarif-timbre-2026","og_locale":"fr_FR","og_type":"article","og_title":"Prix du timbre en 2026 : lettre verte, prioritaire et suivie | SFPF","og_description":"En 2026, le prix du timbre change \u00e0 nouveau et La Poste r\u00e9organise ses offres autour de la lettre verte, des envois suivis et de l\u2019e-lettre rouge","og_url":"https:\/\/www.sfpf.fr\/actu\/tarif-timbre-2026","og_site_name":"SFPF","article_published_time":"2026-03-04T12:45:00+00:00","og_image":[{"width":1200,"height":673,"url":"https:\/\/www.sfpf.fr\/actu\/wp-content\/uploads\/2026\/02\/timbres_france_2026-scaled.png","type":"image\/png"}],"author":"Laredac","twitter_card":"summary_large_image","twitter_misc":{"\u00c9crit par":"Laredac","Dur\u00e9e de lecture estim\u00e9e":"15 minutes"},"schema":{"@context":"https:\/\/schema.org","@graph":[{"@type":"NewsArticle","@id":"https:\/\/www.sfpf.fr\/actu\/tarif-timbre-2026#article","isPartOf":{"@id":"https:\/\/www.sfpf.fr\/actu\/tarif-timbre-2026"},"author":{"name":"Laredac","@id":"https:\/\/www.sfpf.fr\/actu\/#\/schema\/person\/bd87396233d24e5e46c39394bfc2a378"},"headline":"Prix du timbre en 2026 : lettre verte, prioritaire et suivie","datePublished":"2026-03-04T12:45:00+00:00","mainEntityOfPage":{"@id":"https:\/\/www.sfpf.fr\/actu\/tarif-timbre-2026"},"wordCount":3143,"commentCount":0,"publisher":{"@id":"https:\/\/www.sfpf.fr\/actu\/#organization"},"image":{"@id":"https:\/\/www.sfpf.fr\/actu\/tarif-timbre-2026#primaryimage"},"thumbnailUrl":"https:\/\/www.sfpf.fr\/actu\/wp-content\/uploads\/2026\/02\/timbres_france_2026-scaled.png","articleSection":["Collectioneur"],"inLanguage":"fr-FR","potentialAction":[{"@type":"CommentAction","name":"Comment","target":["https:\/\/www.sfpf.fr\/actu\/tarif-timbre-2026#respond"]}]},{"@type":"WebPage","@id":"https:\/\/www.sfpf.fr\/actu\/tarif-timbre-2026","url":"https:\/\/www.sfpf.fr\/actu\/tarif-timbre-2026","name":"Prix du timbre en 2026 : lettre verte, prioritaire et suivie | SFPF","isPartOf":{"@id":"https:\/\/www.sfpf.fr\/actu\/#website"},"primaryImageOfPage":{"@id":"https:\/\/www.sfpf.fr\/actu\/tarif-timbre-2026#primaryimage"},"image":{"@id":"https:\/\/www.sfpf.fr\/actu\/tarif-timbre-2026#primaryimage"},"thumbnailUrl":"https:\/\/www.sfpf.fr\/actu\/wp-content\/uploads\/2026\/02\/timbres_france_2026-scaled.png","datePublished":"2026-03-04T12:45:00+00:00","description":"En 2026, le prix du timbre change \u00e0 nouveau et La Poste r\u00e9organise ses offres autour de la lettre verte, des envois suivis et de l\u2019e-lettre rouge","breadcrumb":{"@id":"https:\/\/www.sfpf.fr\/actu\/tarif-timbre-2026#breadcrumb"},"inLanguage":"fr-FR","potentialAction":[{"@type":"ReadAction","target":["https:\/\/www.sfpf.fr\/actu\/tarif-timbre-2026"]}]},{"@type":"ImageObject","inLanguage":"fr-FR","@id":"https:\/\/www.sfpf.fr\/actu\/tarif-timbre-2026#primaryimage","url":"https:\/\/www.sfpf.fr\/actu\/wp-content\/uploads\/2026\/02\/timbres_france_2026-scaled.png","contentUrl":"https:\/\/www.sfpf.fr\/actu\/wp-content\/uploads\/2026\/02\/timbres_france_2026-scaled.png","width":1200,"height":673,"caption":"Mains triant des timbres fran\u00e7ais vari\u00e9s sur une table en bois avec en arri\u00e8re-plan une vraie bo\u00eete aux lettres La Poste et une sc\u00e8ne de rue naturelle."},{"@type":"BreadcrumbList","@id":"https:\/\/www.sfpf.fr\/actu\/tarif-timbre-2026#breadcrumb","itemListElement":[{"@type":"ListItem","position":1,"name":"Accueil","item":"https:\/\/www.sfpf.fr\/actu"},{"@type":"ListItem","position":2,"name":"Collectioneur","item":"https:\/\/www.sfpf.fr\/actu\/categorie\/collectioneur"},{"@type":"ListItem","position":3,"name":"Prix du timbre en 2026 : lettre verte, prioritaire et suivie"}]},{"@type":"WebSite","@id":"https:\/\/www.sfpf.fr\/actu\/#website","url":"https:\/\/www.sfpf.fr\/actu\/","name":"SFPF","description":"","publisher":{"@id":"https:\/\/www.sfpf.fr\/actu\/#organization"},"potentialAction":[{"@type":"SearchAction","target":{"@type":"EntryPoint","urlTemplate":"https:\/\/www.sfpf.fr\/actu\/?s={search_term_string}"},"query-input":{"@type":"PropertyValueSpecification","valueRequired":true,"valueName":"search_term_string"}}],"inLanguage":"fr-FR"},{"@type":"Organization","@id":"https:\/\/www.sfpf.fr\/actu\/#organization","name":"SFPF","url":"https:\/\/www.sfpf.fr\/actu\/","logo":{"@type":"ImageObject","inLanguage":"fr-FR","@id":"https:\/\/www.sfpf.fr\/actu\/#\/schema\/logo\/image\/","url":"https:\/\/www.sfpf.fr\/actu\/wp-content\/uploads\/2025\/09\/media.png","contentUrl":"https:\/\/www.sfpf.fr\/actu\/wp-content\/uploads\/2025\/09\/media.png","width":178,"height":100,"caption":"SFPF"},"image":{"@id":"https:\/\/www.sfpf.fr\/actu\/#\/schema\/logo\/image\/"}},{"@type":"Person","@id":"https:\/\/www.sfpf.fr\/actu\/#\/schema\/person\/bd87396233d24e5e46c39394bfc2a378","name":"Laredac","image":{"@type":"ImageObject","inLanguage":"fr-FR","@id":"https:\/\/www.sfpf.fr\/actu\/#\/schema\/person\/image\/","url":"https:\/\/www.sfpf.fr\/actu\/wp-content\/uploads\/2025\/09\/Design-sans-titre-10.jpg","contentUrl":"https:\/\/www.sfpf.fr\/actu\/wp-content\/uploads\/2025\/09\/Design-sans-titre-10.jpg","caption":"Laredac"},"description":"La R\u00e9daction, c\u2019est une petite \u00e9quipe de b\u00e9n\u00e9voles curieux et passionn\u00e9s. Si chacun cultive ses propres centres d\u2019int\u00e9r\u00eat \u2014 timbres fiscaux, monnaies, documents anciens ou objets de collection en tout genre \u2014 tous partagent le go\u00fbt de la d\u00e9couverte, de l\u2019authentique et du savoir bien transmis. Attach\u00e9e \u00e0 la qualit\u00e9 de l\u2019information, la r\u00e9daction s\u2019attache \u00e0 couvrir l\u2019actualit\u00e9 des collections, les nouveaut\u00e9s du march\u00e9, les tendances, mais aussi les \u00e9v\u00e9nements, publications et projets li\u00e9s \u00e0 l\u2019univers du patrimoine et de la culture. Sans se prendre trop au s\u00e9rieux, La R\u00e9dac veille \u00e0 proposer un contenu fiable, vivant et accessible \u00e0 tous les curieux, collectionneurs ou simples amateurs.","url":"https:\/\/www.sfpf.fr\/actu\/author\/laredac"}]}},"_links":{"self":[{"href":"https:\/\/www.sfpf.fr\/actu\/wp-json\/wp\/v2\/posts\/11561","targetHints":{"allow":["GET"]}}],"collection":[{"href":"https:\/\/www.sfpf.fr\/actu\/wp-json\/wp\/v2\/posts"}],"about":[{"href":"https:\/\/www.sfpf.fr\/actu\/wp-json\/wp\/v2\/types\/post"}],"author":[{"embeddable":true,"href":"https:\/\/www.sfpf.fr\/actu\/wp-json\/wp\/v2\/users\/29"}],"replies":[{"embeddable":true,"href":"https:\/\/www.sfpf.fr\/actu\/wp-json\/wp\/v2\/comments?post=11561"}],"version-history":[{"count":1,"href":"https:\/\/www.sfpf.fr\/actu\/wp-json\/wp\/v2\/posts\/11561\/revisions"}],"predecessor-version":[{"id":11711,"href":"https:\/\/www.sfpf.fr\/actu\/wp-json\/wp\/v2\/posts\/11561\/revisions\/11711"}],"wp:featuredmedia":[{"embeddable":true,"href":"https:\/\/www.sfpf.fr\/actu\/wp-json\/wp\/v2\/media\/11559"}],"wp:attachment":[{"href":"https:\/\/www.sfpf.fr\/actu\/wp-json\/wp\/v2\/media?parent=11561"}],"wp:term":[{"taxonomy":"category","embeddable":true,"href":"https:\/\/www.sfpf.fr\/actu\/wp-json\/wp\/v2\/categories?post=11561"},{"taxonomy":"post_tag","embeddable":true,"href":"https:\/\/www.sfpf.fr\/actu\/wp-json\/wp\/v2\/tags?post=11561"}],"curies":[{"name":"wp","href":"https:\/\/api.w.org\/{rel}","templated":true}]}}