{"id":10921,"date":"2025-10-01T14:13:00","date_gmt":"2025-10-01T12:13:00","guid":{"rendered":"https:\/\/www.sfpf.fr\/actu\/?p=10921"},"modified":"2025-10-01T01:34:24","modified_gmt":"2025-09-30T23:34:24","slug":"fin-du-controle-technique-biennal-il-sera-desormait-valable-uniquement-12-mois-pour-plusieurs-milliers-de-vehicules","status":"publish","type":"post","link":"https:\/\/www.sfpf.fr\/actu\/fin-du-controle-technique-biennal-il-sera-desormait-valable-uniquement-12-mois-pour-plusieurs-milliers-de-vehicules","title":{"rendered":"Fin du controle technique biennal : il sera d\u00e9sormait valable uniquement 12 mois pour plusieurs milliers de v\u00e9hicules"},"content":{"rendered":"<p>Depuis plusieurs semaines, des propri\u00e9taires de v\u00e9hicules re\u00e7oivent une notification inattendue : leur prochain contr\u00f4le technique ne sera pas pr\u00e9vu dans deux ans, comme jusqu\u2019alors, mais d\u00e8s l\u2019an prochain. Ce changement n\u2019est pas encore g\u00e9n\u00e9ralis\u00e9, mais il concerne d\u00e9j\u00e0 plusieurs milliers de v\u00e9hicules, et le mouvement pourrait s\u2019amplifier dans les prochains mois. En cause, une mesure discr\u00e8te et cibl\u00e9e li\u00e9e \u00e0 l\u2019\u00e9tat des v\u00e9hicules anciens et \u00e0 la pression europ\u00e9enne sur la s\u00e9curit\u00e9 routi\u00e8re.<\/p>\n<h2>Une validit\u00e9 ramen\u00e9e \u00e0 12 mois pour certains v\u00e9hicules<\/h2>\n<p>Le contr\u00f4le technique, jusque-l\u00e0 obligatoire tous les deux ans pour les v\u00e9hicules de plus de quatre ans, voit sa p\u00e9riodicit\u00e9 r\u00e9duite \u00e0 une ann\u00e9e pour une partie du parc roulant fran\u00e7ais. Ce durcissement ne d\u00e9coule pas d&rsquo;une r\u00e9forme globale, mais s\u2019applique \u00e0 des profils de v\u00e9hicules bien identifi\u00e9s. En premi\u00e8re ligne : les v\u00e9hicules \u00e2g\u00e9s de plus de dix ans, affichant un kilom\u00e9trage \u00e9lev\u00e9 ou ayant pr\u00e9sent\u00e9 plusieurs d\u00e9faillances lors de pr\u00e9c\u00e9dents contr\u00f4les.<\/p>\n<p>Derri\u00e8re cette mesure : une logique de pr\u00e9vention. Le minist\u00e8re d\u00e9l\u00e9gu\u00e9 aux Transports a laiss\u00e9 entendre, \u00e0 demi-mot, que l\u2019objectif est d\u2019anticiper les risques li\u00e9s \u00e0 l\u2019usure pr\u00e9matur\u00e9e de certains organes sensibles sur les v\u00e9hicules vieillissants. Interrog\u00e9, un agent du r\u00e9seau S\u00e9curitest m\u2019a confirm\u00e9 une tendance croissante dans les centres :<\/p>\n<blockquote><p>\u201cNous voyons de plus en plus de clients dont la validit\u00e9 du contr\u00f4le est r\u00e9duite \u00e0 un an. Ils sont surpris, parfois m\u00e9contents, mais c\u2019est souvent li\u00e9 \u00e0 des ant\u00e9c\u00e9dents techniques ou \u00e0 la v\u00e9tust\u00e9 de leur v\u00e9hicule.\u201d \u2014 Martial G., contr\u00f4leur technique \u00e0 Clermont-Ferrand<\/p><\/blockquote>\n<h2>Quels sont les profils concern\u00e9s ?<\/h2>\n<p>Ce dispositif, que l\u2019administration refuse d\u2019assimiler \u00e0 une r\u00e9forme, repose sur une \u00e9valuation conjointe des donn\u00e9es du contr\u00f4le technique pr\u00e9c\u00e9dent et de l\u2019historique des r\u00e9parations. Selon plusieurs sources dans le secteur, voici les conditions typiques qui peuvent mener \u00e0 une validit\u00e9 de seulement 12 mois :<\/p>\n<ul>\n<li>V\u00e9hicule de plus de 10 ans avec plus de 200 000 km au compteur<\/li>\n<li>D\u00e9fauts r\u00e9currents lors des deux derniers contr\u00f4les<\/li>\n<li>D\u00e9faillance majeure ayant n\u00e9cessit\u00e9 une contre-visite<\/li>\n<li>Signalement par un professionnel de l\u2019automobile d\u2019un \u00e9tat inqui\u00e9tant<\/li>\n<\/ul>\n<p>Ce ciblage soul\u00e8ve des questions. Une automobiliste interrog\u00e9e, propri\u00e9taire d\u2019une Peugeot 307 diesel de 2007, m&rsquo;explique avoir re\u00e7u un certificat indiquant une \u00e9ch\u00e9ance \u00e0 12 mois apr\u00e8s son dernier contr\u00f4le valide :<\/p>\n<blockquote><p>\u201cJe n\u2019avais jamais eu \u00e7a. La voiture passait sans souci, mais cette fois, on m\u2019a dit que les freins commen\u00e7aient \u00e0 fatiguer. Pas de contre-visite, mais quand m\u00eame une dur\u00e9e r\u00e9duite. Je trouve que c\u2019est injuste si on n\u2019a pas \u00e9t\u00e9 officiellement recal\u00e9.\u201d \u2014 Sophie M., r\u00e9sidente \u00e0 Angoul\u00eame<\/p><\/blockquote>\n<h2>Vers un \u00e9largissement en 2026 ?<\/h2>\n<p>Si cette restriction reste pour l\u2019instant ponctuelle, plusieurs acteurs du secteur commencent \u00e0 envisager un cadre plus officiel. Des consultations techniques sont d\u00e9j\u00e0 en cours entre les r\u00e9seaux de contr\u00f4le et le Conseil national de s\u00e9curit\u00e9 routi\u00e8re (CNSR). Objectif : standardiser les crit\u00e8res qui permettent ou non de maintenir le rythme biennal du contr\u00f4le.<\/p>\n<p>En r\u00e9alit\u00e9, cette avanc\u00e9e partielle semble servir de ballon d\u2019essai \u00e0 une hypoth\u00e8se plus large soutenue par Bruxelles : celle d\u2019un retour du contr\u00f4le annuel pour les v\u00e9hicules les plus anciens. La France, jusque-l\u00e0 vent debout contre une application g\u00e9n\u00e9ralis\u00e9e, pourrait ainsi anticiper une part de la directive europ\u00e9enne sans avoir \u00e0 l\u2019officialiser.<\/p>\n<h3>Les raisons de cette vigilance accrue<\/h3>\n<p>L\u2019une des motivations \u00e9voqu\u00e9es tient \u00e0 l\u2019impact direct sur la s\u00e9curit\u00e9 routi\u00e8re. Plusieurs \u00e9tudes command\u00e9es dans le cadre du projet europ\u00e9en EU Roadworthiness ont mis en lumi\u00e8re un lien entre \u00e2ge du v\u00e9hicule et gravit\u00e9 des accidents. Pourtant, le gouvernement reste frileux \u00e0 l\u2019id\u00e9e d\u2019imposer un contr\u00f4le annuel \u00e0 tous, invoquant \u2013 \u00e0 juste titre \u2013 le co\u00fbt suppl\u00e9mentaire pour les m\u00e9nages.<\/p>\n<p>Voici une comparaison entre les deux r\u00e9gimes possibles :<\/p>\n<table border=\"1\" width=\"100%\">\n<tbody>\n<tr>\n<th>Type de contr\u00f4le<\/th>\n<th>P\u00e9riodicit\u00e9<\/th>\n<th>Co\u00fbt estim\u00e9 annuel<\/th>\n<th>Public concern\u00e9<\/th>\n<\/tr>\n<tr>\n<td>Contr\u00f4le biennal<\/td>\n<td>Tous les 2 ans<\/td>\n<td>~40 \u20ac<\/td>\n<td>Tous les v\u00e9hicules standards de plus de 4 ans<\/td>\n<\/tr>\n<tr>\n<td>Contr\u00f4le annuel cibl\u00e9<\/td>\n<td>Tous les ans<\/td>\n<td>~80 \u20ac<\/td>\n<td>V\u00e9hicules &gt; 10 ans \/ probl\u00e8mes r\u00e9currents<\/td>\n<\/tr>\n<\/tbody>\n<\/table>\n<h2>Pas (encore) une obligation g\u00e9n\u00e9ralis\u00e9e<\/h2>\n<p>Contrairement aux craintes exprim\u00e9es sur certains forums ou relay\u00e9es par des publications approximatives, aucun d\u00e9cret national n\u2019impose \u00e0 ce jour le contr\u00f4le technique annuel pour l\u2019ensemble des v\u00e9hicules particuliers. La loi fran\u00e7aise reste align\u00e9e sur le sch\u00e9ma classique : un premier contr\u00f4le \u00e0 4 ans, puis un passage tous les deux ans.<\/p>\n<p>N\u00e9anmoins, la mise en \u0153uvre de crit\u00e8res dynamiques montre que les r\u00e8gles peuvent se durcir sans changement l\u00e9gislatif apparent. Une flexibilit\u00e9 qui permet d&rsquo;agir vite sur des cas consid\u00e9r\u00e9s comme \u00e0 risque, sans pour autant d\u00e9clarer une r\u00e9forme officielle.<\/p>\n<blockquote><p>\u201cC\u2019est une mani\u00e8re d\u00e9tourn\u00e9e de pr\u00e9parer l\u2019opinion publique \u00e0 un durcissement, sans l\u2019imposer \u00e0 tous d\u2019un coup. Les professionnels s\u2019y adaptent vite, mais pour les conducteurs, cela peut cr\u00e9er de l\u2019incompr\u00e9hension, voire un sentiment d\u2019iniquit\u00e9.\u201d \u2014 Martial G., contr\u00f4leur technique<\/p><\/blockquote>\n<p>La vigilance reste donc de mise pour les propri\u00e9taires de v\u00e9hicules anciens. Un carnet d\u2019entretien \u00e0 jour et des r\u00e9parations r\u00e9alis\u00e9es \u00e0 temps sont, plus que jamais, les garants d\u2019un maintien du r\u00e9gime biennal. Sinon, c\u2019est une v\u00e9rification annuelle qui attendra ces conducteurs\u2026 en silence.<\/p>\n","protected":false},"excerpt":{"rendered":"","protected":false},"author":29,"featured_media":11057,"comment_status":"open","ping_status":"closed","sticky":false,"template":"","format":"standard","meta":{"_acf_changed":false,"subtitle":"Certains automobilistes fran\u00e7ais s'\u00e9tonnent : leur prochain contr\u00f4le technique est avanc\u00e9 d'un an. Un changement subtil, mais cibl\u00e9, qui n\u2019\u00e9chappe pas aux plus vigilants. Quel est donc ce basculement qui ne dit pas son nom ?","footnotes":""},"categories":[520],"tags":[655,797,845],"class_list":["post-10921","post","type-post","status-publish","format-standard","has-post-thumbnail","hentry","category-conseils","tag-administration","tag-automobilistes","tag-controle-technique","generate-columns","tablet-grid-50","mobile-grid-100","grid-parent","grid-33"],"acf":{"subtitle":"Certains automobilistes fran\u00e7ais s'\u00e9tonnent : leur prochain contr\u00f4le technique est avanc\u00e9 d'un an. Un changement subtil, mais cibl\u00e9, qui n\u2019\u00e9chappe pas aux plus vigilants. Quel est donc ce basculement qui ne dit pas son nom ?","titre_source":"","date_source":"","url_source":"","article_source":""},"yoast_head":"<!-- This site is optimized with the Yoast SEO plugin v25.8 - https:\/\/yoast.com\/wordpress\/plugins\/seo\/ -->\n<title>Fin du controle technique biennal : il sera d\u00e9sormait valable uniquement 12 mois pour plusieurs milliers de v\u00e9hicules | SFPF<\/title>\n<meta name=\"description\" content=\"Depuis plusieurs semaines, des propri\u00e9taires de v\u00e9hicules re\u00e7oivent une notification inattendue : leur prochain contr\u00f4le technique ne sera pas pr\u00e9vu dans\" \/>\n<meta name=\"robots\" content=\"index, follow, max-snippet:-1, max-image-preview:large, max-video-preview:-1\" \/>\n<link rel=\"canonical\" href=\"https:\/\/www.sfpf.fr\/actu\/fin-du-controle-technique-biennal-il-sera-desormait-valable-uniquement-12-mois-pour-plusieurs-milliers-de-vehicules\" \/>\n<meta property=\"og:locale\" content=\"fr_FR\" \/>\n<meta property=\"og:type\" content=\"article\" \/>\n<meta property=\"og:title\" content=\"Fin du controle technique biennal : il sera d\u00e9sormait valable uniquement 12 mois pour plusieurs milliers de v\u00e9hicules | SFPF\" \/>\n<meta property=\"og:description\" content=\"Depuis plusieurs semaines, des propri\u00e9taires de v\u00e9hicules re\u00e7oivent une notification inattendue : leur prochain contr\u00f4le technique ne sera pas pr\u00e9vu dans\" \/>\n<meta property=\"og:url\" content=\"https:\/\/www.sfpf.fr\/actu\/fin-du-controle-technique-biennal-il-sera-desormait-valable-uniquement-12-mois-pour-plusieurs-milliers-de-vehicules\" \/>\n<meta property=\"og:site_name\" content=\"SFPF\" \/>\n<meta property=\"article:published_time\" content=\"2025-10-01T12:13:00+00:00\" \/>\n<meta property=\"og:image\" content=\"https:\/\/www.sfpf.fr\/actu\/wp-content\/uploads\/2025\/10\/Fin-du-controle-technique-biennal-il-sera-desormait-valable-uniquement-12-mois-pour-plusieurs-milliers-de-vehicules-scaled-s.jpg\" \/>\n\t<meta property=\"og:image:width\" content=\"1200\" \/>\n\t<meta property=\"og:image:height\" content=\"675\" \/>\n\t<meta property=\"og:image:type\" content=\"image\/jpeg\" \/>\n<meta name=\"author\" content=\"Laredac\" \/>\n<meta name=\"twitter:card\" content=\"summary_large_image\" \/>\n<meta name=\"twitter:label1\" content=\"\u00c9crit par\" \/>\n\t<meta name=\"twitter:data1\" content=\"Laredac\" \/>\n\t<meta name=\"twitter:label2\" content=\"Dur\u00e9e de lecture estim\u00e9e\" \/>\n\t<meta name=\"twitter:data2\" content=\"4 minutes\" \/>\n<script type=\"application\/ld+json\" class=\"yoast-schema-graph\">{\"@context\":\"https:\/\/schema.org\",\"@graph\":[{\"@type\":\"NewsArticle\",\"@id\":\"https:\/\/www.sfpf.fr\/actu\/fin-du-controle-technique-biennal-il-sera-desormait-valable-uniquement-12-mois-pour-plusieurs-milliers-de-vehicules#article\",\"isPartOf\":{\"@id\":\"https:\/\/www.sfpf.fr\/actu\/fin-du-controle-technique-biennal-il-sera-desormait-valable-uniquement-12-mois-pour-plusieurs-milliers-de-vehicules\"},\"author\":{\"name\":\"Laredac\",\"@id\":\"https:\/\/www.sfpf.fr\/actu\/#\/schema\/person\/bd87396233d24e5e46c39394bfc2a378\"},\"headline\":\"Fin du controle technique biennal : il sera d\u00e9sormait valable uniquement 12 mois pour plusieurs milliers de v\u00e9hicules\",\"datePublished\":\"2025-10-01T12:13:00+00:00\",\"mainEntityOfPage\":{\"@id\":\"https:\/\/www.sfpf.fr\/actu\/fin-du-controle-technique-biennal-il-sera-desormait-valable-uniquement-12-mois-pour-plusieurs-milliers-de-vehicules\"},\"wordCount\":986,\"commentCount\":37,\"publisher\":{\"@id\":\"https:\/\/www.sfpf.fr\/actu\/#organization\"},\"image\":{\"@id\":\"https:\/\/www.sfpf.fr\/actu\/fin-du-controle-technique-biennal-il-sera-desormait-valable-uniquement-12-mois-pour-plusieurs-milliers-de-vehicules#primaryimage\"},\"thumbnailUrl\":\"https:\/\/www.sfpf.fr\/actu\/wp-content\/uploads\/2025\/10\/Fin-du-controle-technique-biennal-il-sera-desormait-valable-uniquement-12-mois-pour-plusieurs-milliers-de-vehicules-scaled-s.jpg\",\"keywords\":[\"Administration\",\"Automobilistes\",\"Contr\u00f4le Technique\"],\"articleSection\":[\"Conseils\"],\"inLanguage\":\"fr-FR\",\"potentialAction\":[{\"@type\":\"CommentAction\",\"name\":\"Comment\",\"target\":[\"https:\/\/www.sfpf.fr\/actu\/fin-du-controle-technique-biennal-il-sera-desormait-valable-uniquement-12-mois-pour-plusieurs-milliers-de-vehicules#respond\"]}]},{\"@type\":\"WebPage\",\"@id\":\"https:\/\/www.sfpf.fr\/actu\/fin-du-controle-technique-biennal-il-sera-desormait-valable-uniquement-12-mois-pour-plusieurs-milliers-de-vehicules\",\"url\":\"https:\/\/www.sfpf.fr\/actu\/fin-du-controle-technique-biennal-il-sera-desormait-valable-uniquement-12-mois-pour-plusieurs-milliers-de-vehicules\",\"name\":\"Fin du controle technique biennal : il sera d\u00e9sormait valable uniquement 12 mois pour plusieurs milliers de v\u00e9hicules | SFPF\",\"isPartOf\":{\"@id\":\"https:\/\/www.sfpf.fr\/actu\/#website\"},\"primaryImageOfPage\":{\"@id\":\"https:\/\/www.sfpf.fr\/actu\/fin-du-controle-technique-biennal-il-sera-desormait-valable-uniquement-12-mois-pour-plusieurs-milliers-de-vehicules#primaryimage\"},\"image\":{\"@id\":\"https:\/\/www.sfpf.fr\/actu\/fin-du-controle-technique-biennal-il-sera-desormait-valable-uniquement-12-mois-pour-plusieurs-milliers-de-vehicules#primaryimage\"},\"thumbnailUrl\":\"https:\/\/www.sfpf.fr\/actu\/wp-content\/uploads\/2025\/10\/Fin-du-controle-technique-biennal-il-sera-desormait-valable-uniquement-12-mois-pour-plusieurs-milliers-de-vehicules-scaled-s.jpg\",\"datePublished\":\"2025-10-01T12:13:00+00:00\",\"description\":\"Depuis plusieurs semaines, des propri\u00e9taires de v\u00e9hicules re\u00e7oivent une notification inattendue : leur prochain contr\u00f4le technique ne sera pas pr\u00e9vu dans\",\"breadcrumb\":{\"@id\":\"https:\/\/www.sfpf.fr\/actu\/fin-du-controle-technique-biennal-il-sera-desormait-valable-uniquement-12-mois-pour-plusieurs-milliers-de-vehicules#breadcrumb\"},\"inLanguage\":\"fr-FR\",\"potentialAction\":[{\"@type\":\"ReadAction\",\"target\":[\"https:\/\/www.sfpf.fr\/actu\/fin-du-controle-technique-biennal-il-sera-desormait-valable-uniquement-12-mois-pour-plusieurs-milliers-de-vehicules\"]}]},{\"@type\":\"ImageObject\",\"inLanguage\":\"fr-FR\",\"@id\":\"https:\/\/www.sfpf.fr\/actu\/fin-du-controle-technique-biennal-il-sera-desormait-valable-uniquement-12-mois-pour-plusieurs-milliers-de-vehicules#primaryimage\",\"url\":\"https:\/\/www.sfpf.fr\/actu\/wp-content\/uploads\/2025\/10\/Fin-du-controle-technique-biennal-il-sera-desormait-valable-uniquement-12-mois-pour-plusieurs-milliers-de-vehicules-scaled-s.jpg\",\"contentUrl\":\"https:\/\/www.sfpf.fr\/actu\/wp-content\/uploads\/2025\/10\/Fin-du-controle-technique-biennal-il-sera-desormait-valable-uniquement-12-mois-pour-plusieurs-milliers-de-vehicules-scaled-s.jpg\",\"width\":1200,\"height\":675,\"caption\":\"Fin du controle technique biennal : il sera d\u00e9sormait valable uniquement 12 mois pour plusieurs milliers de v\u00e9hicules\"},{\"@type\":\"BreadcrumbList\",\"@id\":\"https:\/\/www.sfpf.fr\/actu\/fin-du-controle-technique-biennal-il-sera-desormait-valable-uniquement-12-mois-pour-plusieurs-milliers-de-vehicules#breadcrumb\",\"itemListElement\":[{\"@type\":\"ListItem\",\"position\":1,\"name\":\"Accueil\",\"item\":\"https:\/\/www.sfpf.fr\/actu\"},{\"@type\":\"ListItem\",\"position\":2,\"name\":\"Conseils\",\"item\":\"https:\/\/www.sfpf.fr\/actu\/categorie\/conseils\"},{\"@type\":\"ListItem\",\"position\":3,\"name\":\"Fin du controle technique biennal : il sera d\u00e9sormait valable uniquement 12 mois pour plusieurs milliers de v\u00e9hicules\"}]},{\"@type\":\"WebSite\",\"@id\":\"https:\/\/www.sfpf.fr\/actu\/#website\",\"url\":\"https:\/\/www.sfpf.fr\/actu\/\",\"name\":\"SFPF\",\"description\":\"\",\"publisher\":{\"@id\":\"https:\/\/www.sfpf.fr\/actu\/#organization\"},\"potentialAction\":[{\"@type\":\"SearchAction\",\"target\":{\"@type\":\"EntryPoint\",\"urlTemplate\":\"https:\/\/www.sfpf.fr\/actu\/?s={search_term_string}\"},\"query-input\":{\"@type\":\"PropertyValueSpecification\",\"valueRequired\":true,\"valueName\":\"search_term_string\"}}],\"inLanguage\":\"fr-FR\"},{\"@type\":\"Organization\",\"@id\":\"https:\/\/www.sfpf.fr\/actu\/#organization\",\"name\":\"SFPF\",\"url\":\"https:\/\/www.sfpf.fr\/actu\/\",\"logo\":{\"@type\":\"ImageObject\",\"inLanguage\":\"fr-FR\",\"@id\":\"https:\/\/www.sfpf.fr\/actu\/#\/schema\/logo\/image\/\",\"url\":\"https:\/\/www.sfpf.fr\/actu\/wp-content\/uploads\/2025\/09\/media.png\",\"contentUrl\":\"https:\/\/www.sfpf.fr\/actu\/wp-content\/uploads\/2025\/09\/media.png\",\"width\":178,\"height\":100,\"caption\":\"SFPF\"},\"image\":{\"@id\":\"https:\/\/www.sfpf.fr\/actu\/#\/schema\/logo\/image\/\"}},{\"@type\":\"Person\",\"@id\":\"https:\/\/www.sfpf.fr\/actu\/#\/schema\/person\/bd87396233d24e5e46c39394bfc2a378\",\"name\":\"Laredac\",\"image\":{\"@type\":\"ImageObject\",\"inLanguage\":\"fr-FR\",\"@id\":\"https:\/\/www.sfpf.fr\/actu\/#\/schema\/person\/image\/\",\"url\":\"https:\/\/www.sfpf.fr\/actu\/wp-content\/uploads\/2025\/09\/Design-sans-titre-10.jpg\",\"contentUrl\":\"https:\/\/www.sfpf.fr\/actu\/wp-content\/uploads\/2025\/09\/Design-sans-titre-10.jpg\",\"caption\":\"Laredac\"},\"description\":\"La R\u00e9daction, c\u2019est une petite \u00e9quipe de b\u00e9n\u00e9voles curieux et passionn\u00e9s. Si chacun cultive ses propres centres d\u2019int\u00e9r\u00eat \u2014 timbres fiscaux, monnaies, documents anciens ou objets de collection en tout genre \u2014 tous partagent le go\u00fbt de la d\u00e9couverte, de l\u2019authentique et du savoir bien transmis. Attach\u00e9e \u00e0 la qualit\u00e9 de l\u2019information, la r\u00e9daction s\u2019attache \u00e0 couvrir l\u2019actualit\u00e9 des collections, les nouveaut\u00e9s du march\u00e9, les tendances, mais aussi les \u00e9v\u00e9nements, publications et projets li\u00e9s \u00e0 l\u2019univers du patrimoine et de la culture. Sans se prendre trop au s\u00e9rieux, La R\u00e9dac veille \u00e0 proposer un contenu fiable, vivant et accessible \u00e0 tous les curieux, collectionneurs ou simples amateurs.\",\"url\":\"https:\/\/www.sfpf.fr\/actu\/author\/laredac\"}]}<\/script>\n<!-- \/ Yoast SEO plugin. -->","yoast_head_json":{"title":"Fin du controle technique biennal : il sera d\u00e9sormait valable uniquement 12 mois pour plusieurs milliers de v\u00e9hicules | SFPF","description":"Depuis plusieurs semaines, des propri\u00e9taires de v\u00e9hicules re\u00e7oivent une notification inattendue : leur prochain contr\u00f4le technique ne sera pas pr\u00e9vu dans","robots":{"index":"index","follow":"follow","max-snippet":"max-snippet:-1","max-image-preview":"max-image-preview:large","max-video-preview":"max-video-preview:-1"},"canonical":"https:\/\/www.sfpf.fr\/actu\/fin-du-controle-technique-biennal-il-sera-desormait-valable-uniquement-12-mois-pour-plusieurs-milliers-de-vehicules","og_locale":"fr_FR","og_type":"article","og_title":"Fin du controle technique biennal : il sera d\u00e9sormait valable uniquement 12 mois pour plusieurs milliers de v\u00e9hicules | SFPF","og_description":"Depuis plusieurs semaines, des propri\u00e9taires de v\u00e9hicules re\u00e7oivent une notification inattendue : leur prochain contr\u00f4le technique ne sera pas pr\u00e9vu dans","og_url":"https:\/\/www.sfpf.fr\/actu\/fin-du-controle-technique-biennal-il-sera-desormait-valable-uniquement-12-mois-pour-plusieurs-milliers-de-vehicules","og_site_name":"SFPF","article_published_time":"2025-10-01T12:13:00+00:00","og_image":[{"width":1200,"height":675,"url":"https:\/\/www.sfpf.fr\/actu\/wp-content\/uploads\/2025\/10\/Fin-du-controle-technique-biennal-il-sera-desormait-valable-uniquement-12-mois-pour-plusieurs-milliers-de-vehicules-scaled-s.jpg","type":"image\/jpeg"}],"author":"Laredac","twitter_card":"summary_large_image","twitter_misc":{"\u00c9crit par":"Laredac","Dur\u00e9e de lecture estim\u00e9e":"4 minutes"},"schema":{"@context":"https:\/\/schema.org","@graph":[{"@type":"NewsArticle","@id":"https:\/\/www.sfpf.fr\/actu\/fin-du-controle-technique-biennal-il-sera-desormait-valable-uniquement-12-mois-pour-plusieurs-milliers-de-vehicules#article","isPartOf":{"@id":"https:\/\/www.sfpf.fr\/actu\/fin-du-controle-technique-biennal-il-sera-desormait-valable-uniquement-12-mois-pour-plusieurs-milliers-de-vehicules"},"author":{"name":"Laredac","@id":"https:\/\/www.sfpf.fr\/actu\/#\/schema\/person\/bd87396233d24e5e46c39394bfc2a378"},"headline":"Fin du controle technique biennal : il sera d\u00e9sormait valable uniquement 12 mois pour plusieurs milliers de v\u00e9hicules","datePublished":"2025-10-01T12:13:00+00:00","mainEntityOfPage":{"@id":"https:\/\/www.sfpf.fr\/actu\/fin-du-controle-technique-biennal-il-sera-desormait-valable-uniquement-12-mois-pour-plusieurs-milliers-de-vehicules"},"wordCount":986,"commentCount":37,"publisher":{"@id":"https:\/\/www.sfpf.fr\/actu\/#organization"},"image":{"@id":"https:\/\/www.sfpf.fr\/actu\/fin-du-controle-technique-biennal-il-sera-desormait-valable-uniquement-12-mois-pour-plusieurs-milliers-de-vehicules#primaryimage"},"thumbnailUrl":"https:\/\/www.sfpf.fr\/actu\/wp-content\/uploads\/2025\/10\/Fin-du-controle-technique-biennal-il-sera-desormait-valable-uniquement-12-mois-pour-plusieurs-milliers-de-vehicules-scaled-s.jpg","keywords":["Administration","Automobilistes","Contr\u00f4le Technique"],"articleSection":["Conseils"],"inLanguage":"fr-FR","potentialAction":[{"@type":"CommentAction","name":"Comment","target":["https:\/\/www.sfpf.fr\/actu\/fin-du-controle-technique-biennal-il-sera-desormait-valable-uniquement-12-mois-pour-plusieurs-milliers-de-vehicules#respond"]}]},{"@type":"WebPage","@id":"https:\/\/www.sfpf.fr\/actu\/fin-du-controle-technique-biennal-il-sera-desormait-valable-uniquement-12-mois-pour-plusieurs-milliers-de-vehicules","url":"https:\/\/www.sfpf.fr\/actu\/fin-du-controle-technique-biennal-il-sera-desormait-valable-uniquement-12-mois-pour-plusieurs-milliers-de-vehicules","name":"Fin du controle technique biennal : il sera d\u00e9sormait valable uniquement 12 mois pour plusieurs milliers de v\u00e9hicules | SFPF","isPartOf":{"@id":"https:\/\/www.sfpf.fr\/actu\/#website"},"primaryImageOfPage":{"@id":"https:\/\/www.sfpf.fr\/actu\/fin-du-controle-technique-biennal-il-sera-desormait-valable-uniquement-12-mois-pour-plusieurs-milliers-de-vehicules#primaryimage"},"image":{"@id":"https:\/\/www.sfpf.fr\/actu\/fin-du-controle-technique-biennal-il-sera-desormait-valable-uniquement-12-mois-pour-plusieurs-milliers-de-vehicules#primaryimage"},"thumbnailUrl":"https:\/\/www.sfpf.fr\/actu\/wp-content\/uploads\/2025\/10\/Fin-du-controle-technique-biennal-il-sera-desormait-valable-uniquement-12-mois-pour-plusieurs-milliers-de-vehicules-scaled-s.jpg","datePublished":"2025-10-01T12:13:00+00:00","description":"Depuis plusieurs semaines, des propri\u00e9taires de v\u00e9hicules re\u00e7oivent une notification inattendue : leur prochain contr\u00f4le technique ne sera pas pr\u00e9vu dans","breadcrumb":{"@id":"https:\/\/www.sfpf.fr\/actu\/fin-du-controle-technique-biennal-il-sera-desormait-valable-uniquement-12-mois-pour-plusieurs-milliers-de-vehicules#breadcrumb"},"inLanguage":"fr-FR","potentialAction":[{"@type":"ReadAction","target":["https:\/\/www.sfpf.fr\/actu\/fin-du-controle-technique-biennal-il-sera-desormait-valable-uniquement-12-mois-pour-plusieurs-milliers-de-vehicules"]}]},{"@type":"ImageObject","inLanguage":"fr-FR","@id":"https:\/\/www.sfpf.fr\/actu\/fin-du-controle-technique-biennal-il-sera-desormait-valable-uniquement-12-mois-pour-plusieurs-milliers-de-vehicules#primaryimage","url":"https:\/\/www.sfpf.fr\/actu\/wp-content\/uploads\/2025\/10\/Fin-du-controle-technique-biennal-il-sera-desormait-valable-uniquement-12-mois-pour-plusieurs-milliers-de-vehicules-scaled-s.jpg","contentUrl":"https:\/\/www.sfpf.fr\/actu\/wp-content\/uploads\/2025\/10\/Fin-du-controle-technique-biennal-il-sera-desormait-valable-uniquement-12-mois-pour-plusieurs-milliers-de-vehicules-scaled-s.jpg","width":1200,"height":675,"caption":"Fin du controle technique biennal : il sera d\u00e9sormait valable uniquement 12 mois pour plusieurs milliers de v\u00e9hicules"},{"@type":"BreadcrumbList","@id":"https:\/\/www.sfpf.fr\/actu\/fin-du-controle-technique-biennal-il-sera-desormait-valable-uniquement-12-mois-pour-plusieurs-milliers-de-vehicules#breadcrumb","itemListElement":[{"@type":"ListItem","position":1,"name":"Accueil","item":"https:\/\/www.sfpf.fr\/actu"},{"@type":"ListItem","position":2,"name":"Conseils","item":"https:\/\/www.sfpf.fr\/actu\/categorie\/conseils"},{"@type":"ListItem","position":3,"name":"Fin du controle technique biennal : il sera d\u00e9sormait valable uniquement 12 mois pour plusieurs milliers de v\u00e9hicules"}]},{"@type":"WebSite","@id":"https:\/\/www.sfpf.fr\/actu\/#website","url":"https:\/\/www.sfpf.fr\/actu\/","name":"SFPF","description":"","publisher":{"@id":"https:\/\/www.sfpf.fr\/actu\/#organization"},"potentialAction":[{"@type":"SearchAction","target":{"@type":"EntryPoint","urlTemplate":"https:\/\/www.sfpf.fr\/actu\/?s={search_term_string}"},"query-input":{"@type":"PropertyValueSpecification","valueRequired":true,"valueName":"search_term_string"}}],"inLanguage":"fr-FR"},{"@type":"Organization","@id":"https:\/\/www.sfpf.fr\/actu\/#organization","name":"SFPF","url":"https:\/\/www.sfpf.fr\/actu\/","logo":{"@type":"ImageObject","inLanguage":"fr-FR","@id":"https:\/\/www.sfpf.fr\/actu\/#\/schema\/logo\/image\/","url":"https:\/\/www.sfpf.fr\/actu\/wp-content\/uploads\/2025\/09\/media.png","contentUrl":"https:\/\/www.sfpf.fr\/actu\/wp-content\/uploads\/2025\/09\/media.png","width":178,"height":100,"caption":"SFPF"},"image":{"@id":"https:\/\/www.sfpf.fr\/actu\/#\/schema\/logo\/image\/"}},{"@type":"Person","@id":"https:\/\/www.sfpf.fr\/actu\/#\/schema\/person\/bd87396233d24e5e46c39394bfc2a378","name":"Laredac","image":{"@type":"ImageObject","inLanguage":"fr-FR","@id":"https:\/\/www.sfpf.fr\/actu\/#\/schema\/person\/image\/","url":"https:\/\/www.sfpf.fr\/actu\/wp-content\/uploads\/2025\/09\/Design-sans-titre-10.jpg","contentUrl":"https:\/\/www.sfpf.fr\/actu\/wp-content\/uploads\/2025\/09\/Design-sans-titre-10.jpg","caption":"Laredac"},"description":"La R\u00e9daction, c\u2019est une petite \u00e9quipe de b\u00e9n\u00e9voles curieux et passionn\u00e9s. Si chacun cultive ses propres centres d\u2019int\u00e9r\u00eat \u2014 timbres fiscaux, monnaies, documents anciens ou objets de collection en tout genre \u2014 tous partagent le go\u00fbt de la d\u00e9couverte, de l\u2019authentique et du savoir bien transmis. Attach\u00e9e \u00e0 la qualit\u00e9 de l\u2019information, la r\u00e9daction s\u2019attache \u00e0 couvrir l\u2019actualit\u00e9 des collections, les nouveaut\u00e9s du march\u00e9, les tendances, mais aussi les \u00e9v\u00e9nements, publications et projets li\u00e9s \u00e0 l\u2019univers du patrimoine et de la culture. Sans se prendre trop au s\u00e9rieux, La R\u00e9dac veille \u00e0 proposer un contenu fiable, vivant et accessible \u00e0 tous les curieux, collectionneurs ou simples amateurs.","url":"https:\/\/www.sfpf.fr\/actu\/author\/laredac"}]}},"_links":{"self":[{"href":"https:\/\/www.sfpf.fr\/actu\/wp-json\/wp\/v2\/posts\/10921","targetHints":{"allow":["GET"]}}],"collection":[{"href":"https:\/\/www.sfpf.fr\/actu\/wp-json\/wp\/v2\/posts"}],"about":[{"href":"https:\/\/www.sfpf.fr\/actu\/wp-json\/wp\/v2\/types\/post"}],"author":[{"embeddable":true,"href":"https:\/\/www.sfpf.fr\/actu\/wp-json\/wp\/v2\/users\/29"}],"replies":[{"embeddable":true,"href":"https:\/\/www.sfpf.fr\/actu\/wp-json\/wp\/v2\/comments?post=10921"}],"version-history":[{"count":3,"href":"https:\/\/www.sfpf.fr\/actu\/wp-json\/wp\/v2\/posts\/10921\/revisions"}],"predecessor-version":[{"id":10922,"href":"https:\/\/www.sfpf.fr\/actu\/wp-json\/wp\/v2\/posts\/10921\/revisions\/10922"}],"wp:featuredmedia":[{"embeddable":true,"href":"https:\/\/www.sfpf.fr\/actu\/wp-json\/wp\/v2\/media\/11057"}],"wp:attachment":[{"href":"https:\/\/www.sfpf.fr\/actu\/wp-json\/wp\/v2\/media?parent=10921"}],"wp:term":[{"taxonomy":"category","embeddable":true,"href":"https:\/\/www.sfpf.fr\/actu\/wp-json\/wp\/v2\/categories?post=10921"},{"taxonomy":"post_tag","embeddable":true,"href":"https:\/\/www.sfpf.fr\/actu\/wp-json\/wp\/v2\/tags?post=10921"}],"curies":[{"name":"wp","href":"https:\/\/api.w.org\/{rel}","templated":true}]}}