{"id":10180,"date":"2025-09-15T12:33:00","date_gmt":"2025-09-15T10:33:00","guid":{"rendered":"https:\/\/www.sfpf.fr\/actu\/?p=10180"},"modified":"2025-09-15T12:33:00","modified_gmt":"2025-09-15T10:33:00","slug":"36-000-carnets-de-timbre-dans-les-tiroirs-des-francais-ne-seront-plus-valides-dici-2026","status":"publish","type":"post","link":"https:\/\/www.sfpf.fr\/actu\/36-000-carnets-de-timbre-dans-les-tiroirs-des-francais-ne-seront-plus-valides-dici-2026","title":{"rendered":"36 000 carnets de timbre dans les tiroirs des Fran\u00e7ais ne seront plus valides d&rsquo;ici 2026"},"content":{"rendered":"<p>Pourtant, une \u00e9ch\u00e9ance se rapproche : certains carnets deviendront inutilisables \u00e0 partir de 2026. Cette annonce suscite des interrogations sur la validit\u00e9 des anciens timbres et sur la transition vers les nouveaux formats num\u00e9riques et \u00e9cologiques.<\/p>\n<p>La Poste modernise ses services et met fin \u00e0 l\u2019usage de certains timbres traditionnels. Les particuliers comme les collectionneurs doivent s\u2019informer pour \u00e9viter toute perte financi\u00e8re et comprendre les alternatives mises en place.<\/p>\n<h2>36 000 carnets de timbre concern\u00e9s par la r\u00e9forme postale<\/h2>\n<p>Selon les estimations, pr\u00e8s de <strong>36 000 carnets de timbre<\/strong> encore conserv\u00e9s par les Fran\u00e7ais ne pourront plus \u00eatre utilis\u00e9s apr\u00e8s 2026. Cette mesure s\u2019inscrit dans la volont\u00e9 de La Poste de simplifier ses offres et de limiter la production de supports obsol\u00e8tes.<\/p>\n<p>Le changement concerne principalement les carnets \u00e9mis avant l\u2019introduction des timbres autocollants sans valeur faciale. Ces derniers ne sont pas li\u00e9s \u00e0 un montant pr\u00e9cis mais \u00e0 un usage (lettre prioritaire, lettre verte, etc.), ce qui garantit leur validit\u00e9 dans le temps.<\/p>\n<blockquote><p>\n\u00ab Les timbres \u00e0 valeur faciale imprim\u00e9e perdront leur validit\u00e9 \u00e0 compter du 1er janvier 2026 \u00bb, pr\u00e9cise La Poste dans ses communications officielles.\n<\/p><\/blockquote>\n<h3>Pourquoi ces carnets de timbre deviennent-ils obsol\u00e8tes ?<\/h3>\n<p>Les anciens carnets de timbre affichaient un prix fixe. Avec l\u2019\u00e9volution des tarifs postaux, leur usage devenait complexe et source de confusion. La Poste a donc choisi de basculer vers un syst\u00e8me plus flexible, bas\u00e9 sur la mention de l\u2019affranchissement plut\u00f4t que sur la valeur mon\u00e9taire.<\/p>\n<p>Cette r\u00e9forme vise \u00e9galement \u00e0 r\u00e9duire les co\u00fbts li\u00e9s \u00e0 la gestion de multiples s\u00e9ries de timbres et \u00e0 homog\u00e9n\u00e9iser la gamme propos\u00e9e au public.<\/p>\n<h2>Quels timbres restent valables apr\u00e8s 2026 ?<\/h2>\n<p>Il existe une distinction claire entre les timbres qui conservent leur validit\u00e9 et ceux qui seront caducs. Le tableau ci-dessous r\u00e9sume la situation :<\/p>\n<table border=\"1\" cellpadding=\"8\" cellspacing=\"0\">\n<tr>\n<th>Type de timbre<\/th>\n<th>Validit\u00e9 apr\u00e8s 2026<\/th>\n<th>Particularit\u00e9<\/th>\n<\/tr>\n<tr>\n<td>Timbres \u00e0 valeur faciale (ex. 0,46\u20ac, 0,58\u20ac)<\/td>\n<td>Non valides<\/td>\n<td>Perte de valeur apr\u00e8s le 1er janvier 2026<\/td>\n<\/tr>\n<tr>\n<td>Timbres sans valeur faciale (Lettre verte, Prioritaire, Internationale)<\/td>\n<td>Valides<\/td>\n<td>S\u2019adaptent automatiquement aux \u00e9volutions tarifaires<\/td>\n<\/tr>\n<tr>\n<td>Timbres num\u00e9riques (code \u00e0 scanner)<\/td>\n<td>Valides<\/td>\n<td>Solution d\u00e9mat\u00e9rialis\u00e9e disponible via l\u2019application<\/td>\n<\/tr>\n<\/table>\n<h3>Comment identifier un timbre encore utilisable ?<\/h3>\n<p>Un timbre valide ne comporte pas de montant imprim\u00e9 mais une mention de service postal. Par exemple : \u00ab Lettre Verte \u00bb ou \u00ab Lettre Prioritaire \u00bb. Ces timbres conservent leur valeur ind\u00e9pendamment des hausses tarifaires.<\/p>\n<p>En revanche, si un chiffre en euros figure sur le timbre, il s\u2019agit d\u2019un mod\u00e8le vou\u00e9 \u00e0 dispara\u00eetre. Ces carnets doivent \u00eatre \u00e9coul\u00e9s avant la date butoir.<\/p>\n<p>  <strong>Mon conseil :<\/strong> je recommande de v\u00e9rifier d\u00e8s maintenant vos carnets de timbres. J\u2019ai moi-m\u00eame retrouv\u00e9 plusieurs carnets oubli\u00e9s dans un classeur. Pour \u00e9viter toute perte, j\u2019ai pris l\u2019habitude de les utiliser pour des envois d\u2019annonces ou de cartes de v\u0153ux. C\u2019est une mani\u00e8re simple d\u2019\u00e9couler les stocks avant 2026 sans gaspillage.<\/p>\n<h2>Quelles alternatives pour les utilisateurs de timbres ?<\/h2>\n<p>Les usagers disposent de plusieurs solutions pour continuer \u00e0 affranchir leurs courriers apr\u00e8s la disparition des anciens carnets :<\/p>\n<ul>\n<li><strong>Utiliser les nouveaux carnets sans valeur faciale<\/strong>, disponibles dans les bureaux de poste et sur le site officiel.<\/li>\n<li><strong>Passer par l\u2019affranchissement en ligne<\/strong>, qui g\u00e9n\u00e8re une \u00e9tiquette imprimable \u00e0 domicile.<\/li>\n<li><strong>Opter pour les timbres num\u00e9riques<\/strong>, accessibles via l\u2019application mobile de La Poste.<\/li>\n<\/ul>\n<p>Ces alternatives assurent une continuit\u00e9 de service et permettent d\u2019adopter des pratiques plus modernes et adapt\u00e9es aux \u00e9volutions tarifaires.<\/p>\n<h3>Un impact pour les collectionneurs<\/h3>\n<p>La r\u00e9forme n\u2019a pas seulement une cons\u00e9quence pratique. Elle marque aussi un tournant pour les philat\u00e9listes. Les carnets de timbres obsol\u00e8tes prennent une valeur diff\u00e9rente : leur int\u00e9r\u00eat devient purement patrimonial ou de collection.<\/p>\n<p>Certains mod\u00e8les rares, en parfait \u00e9tat, pourraient m\u00eame voir leur cote augmenter sur le march\u00e9 secondaire. Cela concerne en particulier les \u00e9ditions limit\u00e9es ou comm\u00e9moratives.<\/p>\n<blockquote><p>\n\u00ab La fin de validit\u00e9 postale ne signifie pas la perte de valeur pour un collectionneur \u00bb, rappelle un membre de la F\u00e9d\u00e9ration Fran\u00e7aise des Associations Philat\u00e9liques.\n<\/p><\/blockquote>\n<h2>Comment anticiper la fin de validit\u00e9 des carnets de timbre ?<\/h2>\n<p>Les particuliers doivent adopter une strat\u00e9gie simple : \u00e9couler leurs carnets avant la date limite. Cela implique d\u2019identifier les timbres concern\u00e9s et de les utiliser dans les envois courants.<\/p>\n<p>Il est possible de combiner plusieurs timbres de faible valeur faciale pour atteindre le tarif actuel. Cette pratique reste valable jusqu\u2019en 2026, mais deviendra impossible ensuite.<\/p>\n<p>Les entreprises, qui disposent souvent de stocks plus importants, sont invit\u00e9es \u00e0 faire un inventaire et \u00e0 planifier leur consommation de timbres en fonction de leurs besoins d\u2019affranchissement.<\/p>\n","protected":false},"excerpt":{"rendered":"","protected":false},"author":29,"featured_media":10212,"comment_status":"open","ping_status":"closed","sticky":false,"template":"","format":"standard","meta":{"_acf_changed":false,"subtitle":"Des millions de timbres dorment encore dans les tiroirs des foyers fran\u00e7ais.","footnotes":""},"categories":[1],"tags":[535,725,522,657,550,551],"class_list":["post-10180","post","type-post","status-publish","format-standard","has-post-thumbnail","hentry","category-journal","tag-affranchissement","tag-carnets","tag-la-poste","tag-numerique","tag-philatelie","tag-timbres","generate-columns","tablet-grid-50","mobile-grid-100","grid-parent","grid-33"],"acf":{"subtitle":"Des millions de timbres dorment encore dans les tiroirs des foyers fran\u00e7ais."},"yoast_head":"<!-- This site is optimized with the Yoast SEO plugin v25.8 - https:\/\/yoast.com\/wordpress\/plugins\/seo\/ -->\n<title>36 000 carnets de timbre dans les tiroirs des Fran\u00e7ais ne seront plus valides d&#039;ici 2026 | SFPF<\/title>\n<meta name=\"description\" content=\"Pourtant, une \u00e9ch\u00e9ance se rapproche : certains carnets deviendront inutilisables \u00e0 partir de 2026. Cette annonce suscite des interrogations sur la\" \/>\n<meta name=\"robots\" content=\"index, follow, max-snippet:-1, max-image-preview:large, max-video-preview:-1\" \/>\n<link rel=\"canonical\" href=\"https:\/\/www.sfpf.fr\/actu\/36-000-carnets-de-timbre-dans-les-tiroirs-des-francais-ne-seront-plus-valides-dici-2026\" \/>\n<meta property=\"og:locale\" content=\"fr_FR\" \/>\n<meta property=\"og:type\" content=\"article\" \/>\n<meta property=\"og:title\" content=\"36 000 carnets de timbre dans les tiroirs des Fran\u00e7ais ne seront plus valides d&#039;ici 2026 | SFPF\" \/>\n<meta property=\"og:description\" content=\"Pourtant, une \u00e9ch\u00e9ance se rapproche : certains carnets deviendront inutilisables \u00e0 partir de 2026. Cette annonce suscite des interrogations sur la\" \/>\n<meta property=\"og:url\" content=\"https:\/\/www.sfpf.fr\/actu\/36-000-carnets-de-timbre-dans-les-tiroirs-des-francais-ne-seront-plus-valides-dici-2026\" \/>\n<meta property=\"og:site_name\" content=\"SFPF\" \/>\n<meta property=\"article:published_time\" content=\"2025-09-15T10:33:00+00:00\" \/>\n<meta property=\"og:image\" content=\"https:\/\/www.sfpf.fr\/actu\/wp-content\/uploads\/2025\/09\/36-000-carnets-de-timbre-dans-les-tiroirs-des-francais-ne-seront-plus-valides-dici-2026-scaled.jpg\" \/>\n\t<meta property=\"og:image:width\" content=\"1200\" \/>\n\t<meta property=\"og:image:height\" content=\"673\" \/>\n\t<meta property=\"og:image:type\" content=\"image\/jpeg\" \/>\n<meta name=\"author\" content=\"Laredac\" \/>\n<meta name=\"twitter:card\" content=\"summary_large_image\" \/>\n<meta name=\"twitter:label1\" content=\"\u00c9crit par\" \/>\n\t<meta name=\"twitter:data1\" content=\"Laredac\" \/>\n\t<meta name=\"twitter:label2\" content=\"Dur\u00e9e de lecture estim\u00e9e\" \/>\n\t<meta name=\"twitter:data2\" content=\"4 minutes\" \/>\n<script type=\"application\/ld+json\" class=\"yoast-schema-graph\">{\"@context\":\"https:\/\/schema.org\",\"@graph\":[{\"@type\":\"NewsArticle\",\"@id\":\"https:\/\/www.sfpf.fr\/actu\/36-000-carnets-de-timbre-dans-les-tiroirs-des-francais-ne-seront-plus-valides-dici-2026#article\",\"isPartOf\":{\"@id\":\"https:\/\/www.sfpf.fr\/actu\/36-000-carnets-de-timbre-dans-les-tiroirs-des-francais-ne-seront-plus-valides-dici-2026\"},\"author\":{\"name\":\"Laredac\",\"@id\":\"https:\/\/www.sfpf.fr\/actu\/#\/schema\/person\/bd87396233d24e5e46c39394bfc2a378\"},\"headline\":\"36 000 carnets de timbre dans les tiroirs des Fran\u00e7ais ne seront plus valides d&rsquo;ici 2026\",\"datePublished\":\"2025-09-15T10:33:00+00:00\",\"mainEntityOfPage\":{\"@id\":\"https:\/\/www.sfpf.fr\/actu\/36-000-carnets-de-timbre-dans-les-tiroirs-des-francais-ne-seront-plus-valides-dici-2026\"},\"wordCount\":798,\"commentCount\":5,\"publisher\":{\"@id\":\"https:\/\/www.sfpf.fr\/actu\/#organization\"},\"image\":{\"@id\":\"https:\/\/www.sfpf.fr\/actu\/36-000-carnets-de-timbre-dans-les-tiroirs-des-francais-ne-seront-plus-valides-dici-2026#primaryimage\"},\"thumbnailUrl\":\"https:\/\/www.sfpf.fr\/actu\/wp-content\/uploads\/2025\/09\/36-000-carnets-de-timbre-dans-les-tiroirs-des-francais-ne-seront-plus-valides-dici-2026-scaled.jpg\",\"keywords\":[\"Affranchissement\",\"Carnets\",\"La Poste\",\"Num\u00e9rique\",\"Philat\u00e9lie\",\"Timbres\"],\"articleSection\":[\"Journal\"],\"inLanguage\":\"fr-FR\",\"potentialAction\":[{\"@type\":\"CommentAction\",\"name\":\"Comment\",\"target\":[\"https:\/\/www.sfpf.fr\/actu\/36-000-carnets-de-timbre-dans-les-tiroirs-des-francais-ne-seront-plus-valides-dici-2026#respond\"]}]},{\"@type\":\"WebPage\",\"@id\":\"https:\/\/www.sfpf.fr\/actu\/36-000-carnets-de-timbre-dans-les-tiroirs-des-francais-ne-seront-plus-valides-dici-2026\",\"url\":\"https:\/\/www.sfpf.fr\/actu\/36-000-carnets-de-timbre-dans-les-tiroirs-des-francais-ne-seront-plus-valides-dici-2026\",\"name\":\"36 000 carnets de timbre dans les tiroirs des Fran\u00e7ais ne seront plus valides d'ici 2026 | SFPF\",\"isPartOf\":{\"@id\":\"https:\/\/www.sfpf.fr\/actu\/#website\"},\"primaryImageOfPage\":{\"@id\":\"https:\/\/www.sfpf.fr\/actu\/36-000-carnets-de-timbre-dans-les-tiroirs-des-francais-ne-seront-plus-valides-dici-2026#primaryimage\"},\"image\":{\"@id\":\"https:\/\/www.sfpf.fr\/actu\/36-000-carnets-de-timbre-dans-les-tiroirs-des-francais-ne-seront-plus-valides-dici-2026#primaryimage\"},\"thumbnailUrl\":\"https:\/\/www.sfpf.fr\/actu\/wp-content\/uploads\/2025\/09\/36-000-carnets-de-timbre-dans-les-tiroirs-des-francais-ne-seront-plus-valides-dici-2026-scaled.jpg\",\"datePublished\":\"2025-09-15T10:33:00+00:00\",\"description\":\"Pourtant, une \u00e9ch\u00e9ance se rapproche : certains carnets deviendront inutilisables \u00e0 partir de 2026. Cette annonce suscite des interrogations sur la\",\"breadcrumb\":{\"@id\":\"https:\/\/www.sfpf.fr\/actu\/36-000-carnets-de-timbre-dans-les-tiroirs-des-francais-ne-seront-plus-valides-dici-2026#breadcrumb\"},\"inLanguage\":\"fr-FR\",\"potentialAction\":[{\"@type\":\"ReadAction\",\"target\":[\"https:\/\/www.sfpf.fr\/actu\/36-000-carnets-de-timbre-dans-les-tiroirs-des-francais-ne-seront-plus-valides-dici-2026\"]}]},{\"@type\":\"ImageObject\",\"inLanguage\":\"fr-FR\",\"@id\":\"https:\/\/www.sfpf.fr\/actu\/36-000-carnets-de-timbre-dans-les-tiroirs-des-francais-ne-seront-plus-valides-dici-2026#primaryimage\",\"url\":\"https:\/\/www.sfpf.fr\/actu\/wp-content\/uploads\/2025\/09\/36-000-carnets-de-timbre-dans-les-tiroirs-des-francais-ne-seront-plus-valides-dici-2026-scaled.jpg\",\"contentUrl\":\"https:\/\/www.sfpf.fr\/actu\/wp-content\/uploads\/2025\/09\/36-000-carnets-de-timbre-dans-les-tiroirs-des-francais-ne-seront-plus-valides-dici-2026-scaled.jpg\",\"width\":1200,\"height\":673,\"caption\":\"36 000 carnets de timbre dans les tiroirs des Fran\u00e7ais ne seront plus valides d'ici 2026\"},{\"@type\":\"BreadcrumbList\",\"@id\":\"https:\/\/www.sfpf.fr\/actu\/36-000-carnets-de-timbre-dans-les-tiroirs-des-francais-ne-seront-plus-valides-dici-2026#breadcrumb\",\"itemListElement\":[{\"@type\":\"ListItem\",\"position\":1,\"name\":\"Accueil\",\"item\":\"https:\/\/www.sfpf.fr\/actu\"},{\"@type\":\"ListItem\",\"position\":2,\"name\":\"Journal\",\"item\":\"https:\/\/www.sfpf.fr\/actu\/categorie\/journal\"},{\"@type\":\"ListItem\",\"position\":3,\"name\":\"36 000 carnets de timbre dans les tiroirs des Fran\u00e7ais ne seront plus valides d&rsquo;ici 2026\"}]},{\"@type\":\"WebSite\",\"@id\":\"https:\/\/www.sfpf.fr\/actu\/#website\",\"url\":\"https:\/\/www.sfpf.fr\/actu\/\",\"name\":\"SFPF\",\"description\":\"\",\"publisher\":{\"@id\":\"https:\/\/www.sfpf.fr\/actu\/#organization\"},\"potentialAction\":[{\"@type\":\"SearchAction\",\"target\":{\"@type\":\"EntryPoint\",\"urlTemplate\":\"https:\/\/www.sfpf.fr\/actu\/?s={search_term_string}\"},\"query-input\":{\"@type\":\"PropertyValueSpecification\",\"valueRequired\":true,\"valueName\":\"search_term_string\"}}],\"inLanguage\":\"fr-FR\"},{\"@type\":\"Organization\",\"@id\":\"https:\/\/www.sfpf.fr\/actu\/#organization\",\"name\":\"SFPF\",\"url\":\"https:\/\/www.sfpf.fr\/actu\/\",\"logo\":{\"@type\":\"ImageObject\",\"inLanguage\":\"fr-FR\",\"@id\":\"https:\/\/www.sfpf.fr\/actu\/#\/schema\/logo\/image\/\",\"url\":\"https:\/\/www.sfpf.fr\/actu\/wp-content\/uploads\/2025\/09\/media.png\",\"contentUrl\":\"https:\/\/www.sfpf.fr\/actu\/wp-content\/uploads\/2025\/09\/media.png\",\"width\":178,\"height\":100,\"caption\":\"SFPF\"},\"image\":{\"@id\":\"https:\/\/www.sfpf.fr\/actu\/#\/schema\/logo\/image\/\"}},{\"@type\":\"Person\",\"@id\":\"https:\/\/www.sfpf.fr\/actu\/#\/schema\/person\/bd87396233d24e5e46c39394bfc2a378\",\"name\":\"Laredac\",\"image\":{\"@type\":\"ImageObject\",\"inLanguage\":\"fr-FR\",\"@id\":\"https:\/\/www.sfpf.fr\/actu\/#\/schema\/person\/image\/\",\"url\":\"https:\/\/www.sfpf.fr\/actu\/wp-content\/uploads\/2025\/09\/Design-sans-titre-10.jpg\",\"contentUrl\":\"https:\/\/www.sfpf.fr\/actu\/wp-content\/uploads\/2025\/09\/Design-sans-titre-10.jpg\",\"caption\":\"Laredac\"},\"description\":\"La R\u00e9daction, c\u2019est une petite \u00e9quipe de b\u00e9n\u00e9voles curieux et passionn\u00e9s. Si chacun cultive ses propres centres d\u2019int\u00e9r\u00eat \u2014 timbres fiscaux, monnaies, documents anciens ou objets de collection en tout genre \u2014 tous partagent le go\u00fbt de la d\u00e9couverte, de l\u2019authentique et du savoir bien transmis. Attach\u00e9e \u00e0 la qualit\u00e9 de l\u2019information, la r\u00e9daction s\u2019attache \u00e0 couvrir l\u2019actualit\u00e9 des collections, les nouveaut\u00e9s du march\u00e9, les tendances, mais aussi les \u00e9v\u00e9nements, publications et projets li\u00e9s \u00e0 l\u2019univers du patrimoine et de la culture. Sans se prendre trop au s\u00e9rieux, La R\u00e9dac veille \u00e0 proposer un contenu fiable, vivant et accessible \u00e0 tous les curieux, collectionneurs ou simples amateurs.\",\"url\":\"https:\/\/www.sfpf.fr\/actu\/author\/laredac\"}]}<\/script>\n<!-- \/ Yoast SEO plugin. -->","yoast_head_json":{"title":"36 000 carnets de timbre dans les tiroirs des Fran\u00e7ais ne seront plus valides d'ici 2026 | SFPF","description":"Pourtant, une \u00e9ch\u00e9ance se rapproche : certains carnets deviendront inutilisables \u00e0 partir de 2026. Cette annonce suscite des interrogations sur la","robots":{"index":"index","follow":"follow","max-snippet":"max-snippet:-1","max-image-preview":"max-image-preview:large","max-video-preview":"max-video-preview:-1"},"canonical":"https:\/\/www.sfpf.fr\/actu\/36-000-carnets-de-timbre-dans-les-tiroirs-des-francais-ne-seront-plus-valides-dici-2026","og_locale":"fr_FR","og_type":"article","og_title":"36 000 carnets de timbre dans les tiroirs des Fran\u00e7ais ne seront plus valides d'ici 2026 | SFPF","og_description":"Pourtant, une \u00e9ch\u00e9ance se rapproche : certains carnets deviendront inutilisables \u00e0 partir de 2026. Cette annonce suscite des interrogations sur la","og_url":"https:\/\/www.sfpf.fr\/actu\/36-000-carnets-de-timbre-dans-les-tiroirs-des-francais-ne-seront-plus-valides-dici-2026","og_site_name":"SFPF","article_published_time":"2025-09-15T10:33:00+00:00","og_image":[{"width":1200,"height":673,"url":"https:\/\/www.sfpf.fr\/actu\/wp-content\/uploads\/2025\/09\/36-000-carnets-de-timbre-dans-les-tiroirs-des-francais-ne-seront-plus-valides-dici-2026-scaled.jpg","type":"image\/jpeg"}],"author":"Laredac","twitter_card":"summary_large_image","twitter_misc":{"\u00c9crit par":"Laredac","Dur\u00e9e de lecture estim\u00e9e":"4 minutes"},"schema":{"@context":"https:\/\/schema.org","@graph":[{"@type":"NewsArticle","@id":"https:\/\/www.sfpf.fr\/actu\/36-000-carnets-de-timbre-dans-les-tiroirs-des-francais-ne-seront-plus-valides-dici-2026#article","isPartOf":{"@id":"https:\/\/www.sfpf.fr\/actu\/36-000-carnets-de-timbre-dans-les-tiroirs-des-francais-ne-seront-plus-valides-dici-2026"},"author":{"name":"Laredac","@id":"https:\/\/www.sfpf.fr\/actu\/#\/schema\/person\/bd87396233d24e5e46c39394bfc2a378"},"headline":"36 000 carnets de timbre dans les tiroirs des Fran\u00e7ais ne seront plus valides d&rsquo;ici 2026","datePublished":"2025-09-15T10:33:00+00:00","mainEntityOfPage":{"@id":"https:\/\/www.sfpf.fr\/actu\/36-000-carnets-de-timbre-dans-les-tiroirs-des-francais-ne-seront-plus-valides-dici-2026"},"wordCount":798,"commentCount":5,"publisher":{"@id":"https:\/\/www.sfpf.fr\/actu\/#organization"},"image":{"@id":"https:\/\/www.sfpf.fr\/actu\/36-000-carnets-de-timbre-dans-les-tiroirs-des-francais-ne-seront-plus-valides-dici-2026#primaryimage"},"thumbnailUrl":"https:\/\/www.sfpf.fr\/actu\/wp-content\/uploads\/2025\/09\/36-000-carnets-de-timbre-dans-les-tiroirs-des-francais-ne-seront-plus-valides-dici-2026-scaled.jpg","keywords":["Affranchissement","Carnets","La Poste","Num\u00e9rique","Philat\u00e9lie","Timbres"],"articleSection":["Journal"],"inLanguage":"fr-FR","potentialAction":[{"@type":"CommentAction","name":"Comment","target":["https:\/\/www.sfpf.fr\/actu\/36-000-carnets-de-timbre-dans-les-tiroirs-des-francais-ne-seront-plus-valides-dici-2026#respond"]}]},{"@type":"WebPage","@id":"https:\/\/www.sfpf.fr\/actu\/36-000-carnets-de-timbre-dans-les-tiroirs-des-francais-ne-seront-plus-valides-dici-2026","url":"https:\/\/www.sfpf.fr\/actu\/36-000-carnets-de-timbre-dans-les-tiroirs-des-francais-ne-seront-plus-valides-dici-2026","name":"36 000 carnets de timbre dans les tiroirs des Fran\u00e7ais ne seront plus valides d'ici 2026 | SFPF","isPartOf":{"@id":"https:\/\/www.sfpf.fr\/actu\/#website"},"primaryImageOfPage":{"@id":"https:\/\/www.sfpf.fr\/actu\/36-000-carnets-de-timbre-dans-les-tiroirs-des-francais-ne-seront-plus-valides-dici-2026#primaryimage"},"image":{"@id":"https:\/\/www.sfpf.fr\/actu\/36-000-carnets-de-timbre-dans-les-tiroirs-des-francais-ne-seront-plus-valides-dici-2026#primaryimage"},"thumbnailUrl":"https:\/\/www.sfpf.fr\/actu\/wp-content\/uploads\/2025\/09\/36-000-carnets-de-timbre-dans-les-tiroirs-des-francais-ne-seront-plus-valides-dici-2026-scaled.jpg","datePublished":"2025-09-15T10:33:00+00:00","description":"Pourtant, une \u00e9ch\u00e9ance se rapproche : certains carnets deviendront inutilisables \u00e0 partir de 2026. Cette annonce suscite des interrogations sur la","breadcrumb":{"@id":"https:\/\/www.sfpf.fr\/actu\/36-000-carnets-de-timbre-dans-les-tiroirs-des-francais-ne-seront-plus-valides-dici-2026#breadcrumb"},"inLanguage":"fr-FR","potentialAction":[{"@type":"ReadAction","target":["https:\/\/www.sfpf.fr\/actu\/36-000-carnets-de-timbre-dans-les-tiroirs-des-francais-ne-seront-plus-valides-dici-2026"]}]},{"@type":"ImageObject","inLanguage":"fr-FR","@id":"https:\/\/www.sfpf.fr\/actu\/36-000-carnets-de-timbre-dans-les-tiroirs-des-francais-ne-seront-plus-valides-dici-2026#primaryimage","url":"https:\/\/www.sfpf.fr\/actu\/wp-content\/uploads\/2025\/09\/36-000-carnets-de-timbre-dans-les-tiroirs-des-francais-ne-seront-plus-valides-dici-2026-scaled.jpg","contentUrl":"https:\/\/www.sfpf.fr\/actu\/wp-content\/uploads\/2025\/09\/36-000-carnets-de-timbre-dans-les-tiroirs-des-francais-ne-seront-plus-valides-dici-2026-scaled.jpg","width":1200,"height":673,"caption":"36 000 carnets de timbre dans les tiroirs des Fran\u00e7ais ne seront plus valides d'ici 2026"},{"@type":"BreadcrumbList","@id":"https:\/\/www.sfpf.fr\/actu\/36-000-carnets-de-timbre-dans-les-tiroirs-des-francais-ne-seront-plus-valides-dici-2026#breadcrumb","itemListElement":[{"@type":"ListItem","position":1,"name":"Accueil","item":"https:\/\/www.sfpf.fr\/actu"},{"@type":"ListItem","position":2,"name":"Journal","item":"https:\/\/www.sfpf.fr\/actu\/categorie\/journal"},{"@type":"ListItem","position":3,"name":"36 000 carnets de timbre dans les tiroirs des Fran\u00e7ais ne seront plus valides d&rsquo;ici 2026"}]},{"@type":"WebSite","@id":"https:\/\/www.sfpf.fr\/actu\/#website","url":"https:\/\/www.sfpf.fr\/actu\/","name":"SFPF","description":"","publisher":{"@id":"https:\/\/www.sfpf.fr\/actu\/#organization"},"potentialAction":[{"@type":"SearchAction","target":{"@type":"EntryPoint","urlTemplate":"https:\/\/www.sfpf.fr\/actu\/?s={search_term_string}"},"query-input":{"@type":"PropertyValueSpecification","valueRequired":true,"valueName":"search_term_string"}}],"inLanguage":"fr-FR"},{"@type":"Organization","@id":"https:\/\/www.sfpf.fr\/actu\/#organization","name":"SFPF","url":"https:\/\/www.sfpf.fr\/actu\/","logo":{"@type":"ImageObject","inLanguage":"fr-FR","@id":"https:\/\/www.sfpf.fr\/actu\/#\/schema\/logo\/image\/","url":"https:\/\/www.sfpf.fr\/actu\/wp-content\/uploads\/2025\/09\/media.png","contentUrl":"https:\/\/www.sfpf.fr\/actu\/wp-content\/uploads\/2025\/09\/media.png","width":178,"height":100,"caption":"SFPF"},"image":{"@id":"https:\/\/www.sfpf.fr\/actu\/#\/schema\/logo\/image\/"}},{"@type":"Person","@id":"https:\/\/www.sfpf.fr\/actu\/#\/schema\/person\/bd87396233d24e5e46c39394bfc2a378","name":"Laredac","image":{"@type":"ImageObject","inLanguage":"fr-FR","@id":"https:\/\/www.sfpf.fr\/actu\/#\/schema\/person\/image\/","url":"https:\/\/www.sfpf.fr\/actu\/wp-content\/uploads\/2025\/09\/Design-sans-titre-10.jpg","contentUrl":"https:\/\/www.sfpf.fr\/actu\/wp-content\/uploads\/2025\/09\/Design-sans-titre-10.jpg","caption":"Laredac"},"description":"La R\u00e9daction, c\u2019est une petite \u00e9quipe de b\u00e9n\u00e9voles curieux et passionn\u00e9s. Si chacun cultive ses propres centres d\u2019int\u00e9r\u00eat \u2014 timbres fiscaux, monnaies, documents anciens ou objets de collection en tout genre \u2014 tous partagent le go\u00fbt de la d\u00e9couverte, de l\u2019authentique et du savoir bien transmis. Attach\u00e9e \u00e0 la qualit\u00e9 de l\u2019information, la r\u00e9daction s\u2019attache \u00e0 couvrir l\u2019actualit\u00e9 des collections, les nouveaut\u00e9s du march\u00e9, les tendances, mais aussi les \u00e9v\u00e9nements, publications et projets li\u00e9s \u00e0 l\u2019univers du patrimoine et de la culture. Sans se prendre trop au s\u00e9rieux, La R\u00e9dac veille \u00e0 proposer un contenu fiable, vivant et accessible \u00e0 tous les curieux, collectionneurs ou simples amateurs.","url":"https:\/\/www.sfpf.fr\/actu\/author\/laredac"}]}},"_links":{"self":[{"href":"https:\/\/www.sfpf.fr\/actu\/wp-json\/wp\/v2\/posts\/10180","targetHints":{"allow":["GET"]}}],"collection":[{"href":"https:\/\/www.sfpf.fr\/actu\/wp-json\/wp\/v2\/posts"}],"about":[{"href":"https:\/\/www.sfpf.fr\/actu\/wp-json\/wp\/v2\/types\/post"}],"author":[{"embeddable":true,"href":"https:\/\/www.sfpf.fr\/actu\/wp-json\/wp\/v2\/users\/29"}],"replies":[{"embeddable":true,"href":"https:\/\/www.sfpf.fr\/actu\/wp-json\/wp\/v2\/comments?post=10180"}],"version-history":[{"count":1,"href":"https:\/\/www.sfpf.fr\/actu\/wp-json\/wp\/v2\/posts\/10180\/revisions"}],"predecessor-version":[{"id":10240,"href":"https:\/\/www.sfpf.fr\/actu\/wp-json\/wp\/v2\/posts\/10180\/revisions\/10240"}],"wp:featuredmedia":[{"embeddable":true,"href":"https:\/\/www.sfpf.fr\/actu\/wp-json\/wp\/v2\/media\/10212"}],"wp:attachment":[{"href":"https:\/\/www.sfpf.fr\/actu\/wp-json\/wp\/v2\/media?parent=10180"}],"wp:term":[{"taxonomy":"category","embeddable":true,"href":"https:\/\/www.sfpf.fr\/actu\/wp-json\/wp\/v2\/categories?post=10180"},{"taxonomy":"post_tag","embeddable":true,"href":"https:\/\/www.sfpf.fr\/actu\/wp-json\/wp\/v2\/tags?post=10180"}],"curies":[{"name":"wp","href":"https:\/\/api.w.org\/{rel}","templated":true}]}}