{"id":10170,"date":"2025-09-16T05:44:00","date_gmt":"2025-09-16T03:44:00","guid":{"rendered":"https:\/\/www.sfpf.fr\/actu\/?p=10170"},"modified":"2025-09-14T14:04:34","modified_gmt":"2025-09-14T12:04:34","slug":"plus-cher-quune-baguette-de-pain-voici-les-raisons-de-laugmentation-du-timbre","status":"publish","type":"post","link":"https:\/\/www.sfpf.fr\/actu\/plus-cher-quune-baguette-de-pain-voici-les-raisons-de-laugmentation-du-timbre","title":{"rendered":"Plus cher qu&rsquo;une baguette de pain, voici les raisons de l&rsquo;augmentation du timbre"},"content":{"rendered":"<p>Pourtant, cette hausse n\u2019est pas le fruit du hasard : elle r\u00e9pond \u00e0 des enjeux \u00e9conomiques et \u00e0 des mutations profondes dans nos usages de la communication.<\/p>\n<p>La Poste, confront\u00e9e \u00e0 une baisse historique du volume de courrier, ajuste ses tarifs pour maintenir son service universel. Derri\u00e8re cette d\u00e9cision se cachent des r\u00e9alit\u00e9s financi\u00e8res, technologiques et sociales qu\u2019il convient d\u2019analyser avec pr\u00e9cision.<\/p>\n<h2>Augmentation du timbre : une cons\u00e9quence directe de la baisse du courrier<\/h2>\n<p>Depuis vingt ans, le volume des lettres distribu\u00e9es en France s\u2019est effondr\u00e9. On est pass\u00e9 de <strong>18,5 milliards de plis en 2004 \u00e0 seulement 6 milliards en 2024<\/strong>. L\u2019essor des emails, des messageries instantan\u00e9es et des d\u00e9marches administratives en ligne a boulevers\u00e9 le r\u00f4le du courrier papier.<\/p>\n<p>Cette chute drastique des volumes engendre m\u00e9caniquement une perte de revenus pour La Poste. Chaque ann\u00e9e, l\u2019entreprise enregistre environ <strong>500 millions d\u2019euros de manque \u00e0 gagner<\/strong>. Pour compenser, l\u2019ajustement tarifaire sur le timbre devient un levier incontournable.<\/p>\n<blockquote><p>\n\u00ab\u00a0En vingt ans, le nombre de lettres distribu\u00e9es en France a \u00e9t\u00e9 divis\u00e9 par trois.\u00a0\u00bb<br \/>\n\u2014 Chiffres communiqu\u00e9s par La Poste\n<\/p><\/blockquote>\n<h3>Un service universel co\u00fbteux \u00e0 maintenir<\/h3>\n<p>Malgr\u00e9 la baisse d\u2019activit\u00e9, La Poste doit continuer \u00e0 assurer la collecte et la distribution du courrier sur tout le territoire, six jours sur sept. Cela implique de maintenir un r\u00e9seau logistique dense, des centres de tri et des milliers de tourn\u00e9es quotidiennes.<\/p>\n<p>Ces obligations de service public repr\u00e9sentent une charge fixe \u00e9lev\u00e9e, difficilement compressible. Ainsi, m\u00eame avec moins de courrier, les co\u00fbts de fonctionnement restent quasiment constants.<\/p>\n<h2>Les nouveaux tarifs du timbre expliqu\u00e9s<\/h2>\n<p>La hausse annonc\u00e9e concerne l\u2019ensemble des produits postaux, mais elle impacte surtout les timbres utilis\u00e9s au quotidien. Voici un comparatif des \u00e9volutions r\u00e9centes :<\/p>\n<table border=\"1\" cellpadding=\"6\" cellspacing=\"0\">\n<tr>\n<th>Type de timbre<\/th>\n<th>Tarif actuel<\/th>\n<th>Nouveau tarif<\/th>\n<th>\u00c9volution<\/th>\n<\/tr>\n<tr>\n<td>Lettre verte<\/td>\n<td>1,39 \u20ac<\/td>\n<td>1,52 \u20ac<\/td>\n<td>+ 9,35 %<\/td>\n<\/tr>\n<tr>\n<td>Lettre prioritaire (rouge)<\/td>\n<td>1,49 \u20ac<\/td>\n<td>1,60 \u20ac<\/td>\n<td>+ 7,38 %<\/td>\n<\/tr>\n<tr>\n<td>Colissimo (moyenne)<\/td>\n<td>&#8211;<\/td>\n<td>+ 3,4 %<\/td>\n<td>Variable<\/td>\n<\/tr>\n<\/table>\n<p>Cette politique tarifaire vise \u00e0 \u00e9quilibrer la baisse des volumes avec le maintien d\u2019un service postal fiable et accessible.<\/p>\n<p>  <strong>Mon conseil :<\/strong> J\u2019utilise personnellement davantage les carnets de timbres achet\u00e9s en avance, car ils conservent leur validit\u00e9 m\u00eame apr\u00e8s une hausse. C\u2019est une mani\u00e8re simple de limiter l\u2019impact des augmentations sur mon budget postal.<\/p>\n<h2>Pourquoi un timbre co\u00fbte plus cher qu\u2019une baguette ?<\/h2>\n<p>La comparaison entre le timbre et la baguette est parlante, car les deux produits sont ancr\u00e9s dans le quotidien des Fran\u00e7ais. Pourtant, les logiques \u00e9conomiques sont tr\u00e8s diff\u00e9rentes.<\/p>\n<ul>\n<li>Le prix de la baguette d\u00e9pend principalement du co\u00fbt des mati\u00e8res premi\u00e8res (bl\u00e9, \u00e9nergie, main-d\u2019\u0153uvre).<\/li>\n<li>Le prix du timbre refl\u00e8te surtout des co\u00fbts fixes li\u00e9s \u00e0 une logistique nationale et \u00e0 une mission de service public.<\/li>\n<li>Contrairement au pain, dont la production varie avec la demande, le r\u00e9seau postal doit fonctionner m\u00eame si les volumes chutent.<\/li>\n<\/ul>\n<blockquote><p>\n\u00ab\u00a0Une baguette, \u00e7a co\u00fbte moins cher. Je ne comprends pas pourquoi un timbre co\u00fbte si cher.\u00a0\u00bb<br \/>\n\u2014 T\u00e9moignage d\u2019un client de La Poste\n<\/p><\/blockquote>\n<h3>Une perception biais\u00e9e par l\u2019usage<\/h3>\n<p>La baguette est achet\u00e9e quotidiennement, tandis que le timbre est devenu un produit occasionnel. Cette raret\u00e9 d\u2019usage accentue l\u2019impression de chert\u00e9 lorsqu\u2019il faut en acheter.<\/p>\n<p>De plus, la comparaison avec un produit alimentaire de base ajoute une dimension symbolique qui alimente le d\u00e9bat public.<\/p>\n<h2>La Poste face \u00e0 la concurrence et \u00e0 la diversification<\/h2>\n<p>Au-del\u00e0 du courrier, La Poste se r\u00e9invente. Le d\u00e9veloppement du e-commerce entra\u00eene une explosion des colis, un secteur d\u00e9sormais strat\u00e9gique face \u00e0 des concurrents comme Amazon Logistics, DHL ou UPS.<\/p>\n<p>La Poste doit \u00e9galement financer d\u2019autres missions : distribution de la presse, accessibilit\u00e9 bancaire via La Banque Postale, pr\u00e9sence territoriale dans les zones rurales. Ces missions ne sont pas int\u00e9gralement subventionn\u00e9es par l\u2019\u00c9tat, ce qui accentue la pression financi\u00e8re.<\/p>\n<blockquote><p>\n\u00ab\u00a0La Poste est oblig\u00e9e de se diversifier et de mettre le paquet sur les colis.\u00a0\u00bb<br \/>\n\u2014 Arnaud de Blauwe, r\u00e9dacteur en chef du magazine Que Choisir\n<\/p><\/blockquote>\n<h3>Un \u00e9quilibre fragile entre service public et rentabilit\u00e9<\/h3>\n<p>Le d\u00e9fi r\u00e9side dans la capacit\u00e9 \u00e0 maintenir un service universel tout en restant comp\u00e9titif dans un march\u00e9 tr\u00e8s concurrentiel. Les hausses tarifaires du timbre s\u2019inscrivent dans cette logique d\u2019\u00e9quilibre.<\/p>\n<p>Pour les m\u00e9nages, l\u2019impact reste limit\u00e9 : <strong>le budget postal moyen est de 28 \u20ac par an<\/strong>. Selon La Poste, cette d\u00e9pense devrait m\u00eame reculer de 6 % d\u2019ici 2026, compte tenu de la baisse des envois de courrier.<\/p>\n","protected":false},"excerpt":{"rendered":"","protected":false},"author":29,"featured_media":10410,"comment_status":"open","ping_status":"closed","sticky":false,"template":"","format":"standard","meta":{"_acf_changed":false,"subtitle":"Le prix du timbre postal d\u00e9passe d\u00e9sormais celui d\u2019une baguette de pain, un symbole fort qui suscite interrogations et parfois indignation.","footnotes":""},"categories":[1],"tags":[652,564,522,656,701,534],"class_list":["post-10170","post","type-post","status-publish","format-standard","has-post-thumbnail","hentry","category-journal","tag-courrier","tag-e-commerce","tag-la-poste","tag-service-public","tag-tarifs-postaux","tag-timbre","generate-columns","tablet-grid-50","mobile-grid-100","grid-parent","grid-33"],"acf":{"subtitle":"Le prix du timbre postal d\u00e9passe d\u00e9sormais celui d\u2019une baguette de pain, un symbole fort qui suscite interrogations et parfois indignation."},"yoast_head":"<!-- This site is optimized with the Yoast SEO plugin v25.8 - https:\/\/yoast.com\/wordpress\/plugins\/seo\/ -->\n<title>Plus cher qu&#039;une baguette de pain, voici les raisons de l&#039;augmentation du timbre | SFPF<\/title>\n<meta name=\"description\" content=\"Pourtant, cette hausse n\u2019est pas le fruit du hasard : elle r\u00e9pond \u00e0 des enjeux \u00e9conomiques et \u00e0 des mutations profondes dans nos usages de la\" \/>\n<meta name=\"robots\" content=\"index, follow, max-snippet:-1, max-image-preview:large, max-video-preview:-1\" \/>\n<link rel=\"canonical\" href=\"https:\/\/www.sfpf.fr\/actu\/plus-cher-quune-baguette-de-pain-voici-les-raisons-de-laugmentation-du-timbre\" \/>\n<meta property=\"og:locale\" content=\"fr_FR\" \/>\n<meta property=\"og:type\" content=\"article\" \/>\n<meta property=\"og:title\" content=\"Plus cher qu&#039;une baguette de pain, voici les raisons de l&#039;augmentation du timbre | SFPF\" \/>\n<meta property=\"og:description\" content=\"Pourtant, cette hausse n\u2019est pas le fruit du hasard : elle r\u00e9pond \u00e0 des enjeux \u00e9conomiques et \u00e0 des mutations profondes dans nos usages de la\" \/>\n<meta property=\"og:url\" content=\"https:\/\/www.sfpf.fr\/actu\/plus-cher-quune-baguette-de-pain-voici-les-raisons-de-laugmentation-du-timbre\" \/>\n<meta property=\"og:site_name\" content=\"SFPF\" \/>\n<meta property=\"article:published_time\" content=\"2025-09-16T03:44:00+00:00\" \/>\n<meta name=\"author\" content=\"Laredac\" \/>\n<meta name=\"twitter:card\" content=\"summary_large_image\" \/>\n<meta name=\"twitter:label1\" content=\"\u00c9crit par\" \/>\n\t<meta name=\"twitter:data1\" content=\"Laredac\" \/>\n\t<meta name=\"twitter:label2\" content=\"Dur\u00e9e de lecture estim\u00e9e\" \/>\n\t<meta name=\"twitter:data2\" content=\"4 minutes\" \/>\n<script type=\"application\/ld+json\" class=\"yoast-schema-graph\">{\"@context\":\"https:\/\/schema.org\",\"@graph\":[{\"@type\":\"NewsArticle\",\"@id\":\"https:\/\/www.sfpf.fr\/actu\/plus-cher-quune-baguette-de-pain-voici-les-raisons-de-laugmentation-du-timbre#article\",\"isPartOf\":{\"@id\":\"https:\/\/www.sfpf.fr\/actu\/plus-cher-quune-baguette-de-pain-voici-les-raisons-de-laugmentation-du-timbre\"},\"author\":{\"name\":\"Laredac\",\"@id\":\"https:\/\/www.sfpf.fr\/actu\/#\/schema\/person\/bd87396233d24e5e46c39394bfc2a378\"},\"headline\":\"Plus cher qu&rsquo;une baguette de pain, voici les raisons de l&rsquo;augmentation du timbre\",\"datePublished\":\"2025-09-16T03:44:00+00:00\",\"mainEntityOfPage\":{\"@id\":\"https:\/\/www.sfpf.fr\/actu\/plus-cher-quune-baguette-de-pain-voici-les-raisons-de-laugmentation-du-timbre\"},\"wordCount\":779,\"commentCount\":2,\"publisher\":{\"@id\":\"https:\/\/www.sfpf.fr\/actu\/#organization\"},\"image\":{\"@id\":\"https:\/\/www.sfpf.fr\/actu\/plus-cher-quune-baguette-de-pain-voici-les-raisons-de-laugmentation-du-timbre#primaryimage\"},\"thumbnailUrl\":\"https:\/\/www.sfpf.fr\/actu\/wp-content\/uploads\/2025\/09\/plus-cher-quune-baguette-de-pain-voici-les-raisons-de-laugmentation-du-timbre-scaled.jpg\",\"keywords\":[\"Courrier\",\"E-commerce\",\"La Poste\",\"Service Public\",\"Tarifs Postaux\",\"Timbre\"],\"articleSection\":[\"Journal\"],\"inLanguage\":\"fr-FR\",\"potentialAction\":[{\"@type\":\"CommentAction\",\"name\":\"Comment\",\"target\":[\"https:\/\/www.sfpf.fr\/actu\/plus-cher-quune-baguette-de-pain-voici-les-raisons-de-laugmentation-du-timbre#respond\"]}]},{\"@type\":\"WebPage\",\"@id\":\"https:\/\/www.sfpf.fr\/actu\/plus-cher-quune-baguette-de-pain-voici-les-raisons-de-laugmentation-du-timbre\",\"url\":\"https:\/\/www.sfpf.fr\/actu\/plus-cher-quune-baguette-de-pain-voici-les-raisons-de-laugmentation-du-timbre\",\"name\":\"Plus cher qu'une baguette de pain, voici les raisons de l'augmentation du timbre | SFPF\",\"isPartOf\":{\"@id\":\"https:\/\/www.sfpf.fr\/actu\/#website\"},\"primaryImageOfPage\":{\"@id\":\"https:\/\/www.sfpf.fr\/actu\/plus-cher-quune-baguette-de-pain-voici-les-raisons-de-laugmentation-du-timbre#primaryimage\"},\"image\":{\"@id\":\"https:\/\/www.sfpf.fr\/actu\/plus-cher-quune-baguette-de-pain-voici-les-raisons-de-laugmentation-du-timbre#primaryimage\"},\"thumbnailUrl\":\"https:\/\/www.sfpf.fr\/actu\/wp-content\/uploads\/2025\/09\/plus-cher-quune-baguette-de-pain-voici-les-raisons-de-laugmentation-du-timbre-scaled.jpg\",\"datePublished\":\"2025-09-16T03:44:00+00:00\",\"description\":\"Pourtant, cette hausse n\u2019est pas le fruit du hasard : elle r\u00e9pond \u00e0 des enjeux \u00e9conomiques et \u00e0 des mutations profondes dans nos usages de la\",\"breadcrumb\":{\"@id\":\"https:\/\/www.sfpf.fr\/actu\/plus-cher-quune-baguette-de-pain-voici-les-raisons-de-laugmentation-du-timbre#breadcrumb\"},\"inLanguage\":\"fr-FR\",\"potentialAction\":[{\"@type\":\"ReadAction\",\"target\":[\"https:\/\/www.sfpf.fr\/actu\/plus-cher-quune-baguette-de-pain-voici-les-raisons-de-laugmentation-du-timbre\"]}]},{\"@type\":\"ImageObject\",\"inLanguage\":\"fr-FR\",\"@id\":\"https:\/\/www.sfpf.fr\/actu\/plus-cher-quune-baguette-de-pain-voici-les-raisons-de-laugmentation-du-timbre#primaryimage\",\"url\":\"https:\/\/www.sfpf.fr\/actu\/wp-content\/uploads\/2025\/09\/plus-cher-quune-baguette-de-pain-voici-les-raisons-de-laugmentation-du-timbre-scaled.jpg\",\"contentUrl\":\"https:\/\/www.sfpf.fr\/actu\/wp-content\/uploads\/2025\/09\/plus-cher-quune-baguette-de-pain-voici-les-raisons-de-laugmentation-du-timbre-scaled.jpg\",\"width\":1200,\"height\":673,\"caption\":\"Plus cher qu'une baguette de pain, voici les raisons de l'augmentation du timbre\"},{\"@type\":\"BreadcrumbList\",\"@id\":\"https:\/\/www.sfpf.fr\/actu\/plus-cher-quune-baguette-de-pain-voici-les-raisons-de-laugmentation-du-timbre#breadcrumb\",\"itemListElement\":[{\"@type\":\"ListItem\",\"position\":1,\"name\":\"Accueil\",\"item\":\"https:\/\/www.sfpf.fr\/actu\"},{\"@type\":\"ListItem\",\"position\":2,\"name\":\"Journal\",\"item\":\"https:\/\/www.sfpf.fr\/actu\/categorie\/journal\"},{\"@type\":\"ListItem\",\"position\":3,\"name\":\"Plus cher qu&rsquo;une baguette de pain, voici les raisons de l&rsquo;augmentation du timbre\"}]},{\"@type\":\"WebSite\",\"@id\":\"https:\/\/www.sfpf.fr\/actu\/#website\",\"url\":\"https:\/\/www.sfpf.fr\/actu\/\",\"name\":\"SFPF\",\"description\":\"\",\"publisher\":{\"@id\":\"https:\/\/www.sfpf.fr\/actu\/#organization\"},\"potentialAction\":[{\"@type\":\"SearchAction\",\"target\":{\"@type\":\"EntryPoint\",\"urlTemplate\":\"https:\/\/www.sfpf.fr\/actu\/?s={search_term_string}\"},\"query-input\":{\"@type\":\"PropertyValueSpecification\",\"valueRequired\":true,\"valueName\":\"search_term_string\"}}],\"inLanguage\":\"fr-FR\"},{\"@type\":\"Organization\",\"@id\":\"https:\/\/www.sfpf.fr\/actu\/#organization\",\"name\":\"SFPF\",\"url\":\"https:\/\/www.sfpf.fr\/actu\/\",\"logo\":{\"@type\":\"ImageObject\",\"inLanguage\":\"fr-FR\",\"@id\":\"https:\/\/www.sfpf.fr\/actu\/#\/schema\/logo\/image\/\",\"url\":\"https:\/\/www.sfpf.fr\/actu\/wp-content\/uploads\/2025\/09\/media.png\",\"contentUrl\":\"https:\/\/www.sfpf.fr\/actu\/wp-content\/uploads\/2025\/09\/media.png\",\"width\":178,\"height\":100,\"caption\":\"SFPF\"},\"image\":{\"@id\":\"https:\/\/www.sfpf.fr\/actu\/#\/schema\/logo\/image\/\"}},{\"@type\":\"Person\",\"@id\":\"https:\/\/www.sfpf.fr\/actu\/#\/schema\/person\/bd87396233d24e5e46c39394bfc2a378\",\"name\":\"Laredac\",\"image\":{\"@type\":\"ImageObject\",\"inLanguage\":\"fr-FR\",\"@id\":\"https:\/\/www.sfpf.fr\/actu\/#\/schema\/person\/image\/\",\"url\":\"https:\/\/www.sfpf.fr\/actu\/wp-content\/uploads\/2025\/09\/Design-sans-titre-10.jpg\",\"contentUrl\":\"https:\/\/www.sfpf.fr\/actu\/wp-content\/uploads\/2025\/09\/Design-sans-titre-10.jpg\",\"caption\":\"Laredac\"},\"description\":\"La R\u00e9daction, c\u2019est une petite \u00e9quipe de b\u00e9n\u00e9voles curieux et passionn\u00e9s. Si chacun cultive ses propres centres d\u2019int\u00e9r\u00eat \u2014 timbres fiscaux, monnaies, documents anciens ou objets de collection en tout genre \u2014 tous partagent le go\u00fbt de la d\u00e9couverte, de l\u2019authentique et du savoir bien transmis. Attach\u00e9e \u00e0 la qualit\u00e9 de l\u2019information, la r\u00e9daction s\u2019attache \u00e0 couvrir l\u2019actualit\u00e9 des collections, les nouveaut\u00e9s du march\u00e9, les tendances, mais aussi les \u00e9v\u00e9nements, publications et projets li\u00e9s \u00e0 l\u2019univers du patrimoine et de la culture. Sans se prendre trop au s\u00e9rieux, La R\u00e9dac veille \u00e0 proposer un contenu fiable, vivant et accessible \u00e0 tous les curieux, collectionneurs ou simples amateurs.\",\"url\":\"https:\/\/www.sfpf.fr\/actu\/author\/laredac\"}]}<\/script>\n<!-- \/ Yoast SEO plugin. -->","yoast_head_json":{"title":"Plus cher qu'une baguette de pain, voici les raisons de l'augmentation du timbre | SFPF","description":"Pourtant, cette hausse n\u2019est pas le fruit du hasard : elle r\u00e9pond \u00e0 des enjeux \u00e9conomiques et \u00e0 des mutations profondes dans nos usages de la","robots":{"index":"index","follow":"follow","max-snippet":"max-snippet:-1","max-image-preview":"max-image-preview:large","max-video-preview":"max-video-preview:-1"},"canonical":"https:\/\/www.sfpf.fr\/actu\/plus-cher-quune-baguette-de-pain-voici-les-raisons-de-laugmentation-du-timbre","og_locale":"fr_FR","og_type":"article","og_title":"Plus cher qu'une baguette de pain, voici les raisons de l'augmentation du timbre | SFPF","og_description":"Pourtant, cette hausse n\u2019est pas le fruit du hasard : elle r\u00e9pond \u00e0 des enjeux \u00e9conomiques et \u00e0 des mutations profondes dans nos usages de la","og_url":"https:\/\/www.sfpf.fr\/actu\/plus-cher-quune-baguette-de-pain-voici-les-raisons-de-laugmentation-du-timbre","og_site_name":"SFPF","article_published_time":"2025-09-16T03:44:00+00:00","author":"Laredac","twitter_card":"summary_large_image","twitter_misc":{"\u00c9crit par":"Laredac","Dur\u00e9e de lecture estim\u00e9e":"4 minutes"},"schema":{"@context":"https:\/\/schema.org","@graph":[{"@type":"NewsArticle","@id":"https:\/\/www.sfpf.fr\/actu\/plus-cher-quune-baguette-de-pain-voici-les-raisons-de-laugmentation-du-timbre#article","isPartOf":{"@id":"https:\/\/www.sfpf.fr\/actu\/plus-cher-quune-baguette-de-pain-voici-les-raisons-de-laugmentation-du-timbre"},"author":{"name":"Laredac","@id":"https:\/\/www.sfpf.fr\/actu\/#\/schema\/person\/bd87396233d24e5e46c39394bfc2a378"},"headline":"Plus cher qu&rsquo;une baguette de pain, voici les raisons de l&rsquo;augmentation du timbre","datePublished":"2025-09-16T03:44:00+00:00","mainEntityOfPage":{"@id":"https:\/\/www.sfpf.fr\/actu\/plus-cher-quune-baguette-de-pain-voici-les-raisons-de-laugmentation-du-timbre"},"wordCount":779,"commentCount":2,"publisher":{"@id":"https:\/\/www.sfpf.fr\/actu\/#organization"},"image":{"@id":"https:\/\/www.sfpf.fr\/actu\/plus-cher-quune-baguette-de-pain-voici-les-raisons-de-laugmentation-du-timbre#primaryimage"},"thumbnailUrl":"https:\/\/www.sfpf.fr\/actu\/wp-content\/uploads\/2025\/09\/plus-cher-quune-baguette-de-pain-voici-les-raisons-de-laugmentation-du-timbre-scaled.jpg","keywords":["Courrier","E-commerce","La Poste","Service Public","Tarifs Postaux","Timbre"],"articleSection":["Journal"],"inLanguage":"fr-FR","potentialAction":[{"@type":"CommentAction","name":"Comment","target":["https:\/\/www.sfpf.fr\/actu\/plus-cher-quune-baguette-de-pain-voici-les-raisons-de-laugmentation-du-timbre#respond"]}]},{"@type":"WebPage","@id":"https:\/\/www.sfpf.fr\/actu\/plus-cher-quune-baguette-de-pain-voici-les-raisons-de-laugmentation-du-timbre","url":"https:\/\/www.sfpf.fr\/actu\/plus-cher-quune-baguette-de-pain-voici-les-raisons-de-laugmentation-du-timbre","name":"Plus cher qu'une baguette de pain, voici les raisons de l'augmentation du timbre | SFPF","isPartOf":{"@id":"https:\/\/www.sfpf.fr\/actu\/#website"},"primaryImageOfPage":{"@id":"https:\/\/www.sfpf.fr\/actu\/plus-cher-quune-baguette-de-pain-voici-les-raisons-de-laugmentation-du-timbre#primaryimage"},"image":{"@id":"https:\/\/www.sfpf.fr\/actu\/plus-cher-quune-baguette-de-pain-voici-les-raisons-de-laugmentation-du-timbre#primaryimage"},"thumbnailUrl":"https:\/\/www.sfpf.fr\/actu\/wp-content\/uploads\/2025\/09\/plus-cher-quune-baguette-de-pain-voici-les-raisons-de-laugmentation-du-timbre-scaled.jpg","datePublished":"2025-09-16T03:44:00+00:00","description":"Pourtant, cette hausse n\u2019est pas le fruit du hasard : elle r\u00e9pond \u00e0 des enjeux \u00e9conomiques et \u00e0 des mutations profondes dans nos usages de la","breadcrumb":{"@id":"https:\/\/www.sfpf.fr\/actu\/plus-cher-quune-baguette-de-pain-voici-les-raisons-de-laugmentation-du-timbre#breadcrumb"},"inLanguage":"fr-FR","potentialAction":[{"@type":"ReadAction","target":["https:\/\/www.sfpf.fr\/actu\/plus-cher-quune-baguette-de-pain-voici-les-raisons-de-laugmentation-du-timbre"]}]},{"@type":"ImageObject","inLanguage":"fr-FR","@id":"https:\/\/www.sfpf.fr\/actu\/plus-cher-quune-baguette-de-pain-voici-les-raisons-de-laugmentation-du-timbre#primaryimage","url":"https:\/\/www.sfpf.fr\/actu\/wp-content\/uploads\/2025\/09\/plus-cher-quune-baguette-de-pain-voici-les-raisons-de-laugmentation-du-timbre-scaled.jpg","contentUrl":"https:\/\/www.sfpf.fr\/actu\/wp-content\/uploads\/2025\/09\/plus-cher-quune-baguette-de-pain-voici-les-raisons-de-laugmentation-du-timbre-scaled.jpg","width":1200,"height":673,"caption":"Plus cher qu'une baguette de pain, voici les raisons de l'augmentation du timbre"},{"@type":"BreadcrumbList","@id":"https:\/\/www.sfpf.fr\/actu\/plus-cher-quune-baguette-de-pain-voici-les-raisons-de-laugmentation-du-timbre#breadcrumb","itemListElement":[{"@type":"ListItem","position":1,"name":"Accueil","item":"https:\/\/www.sfpf.fr\/actu"},{"@type":"ListItem","position":2,"name":"Journal","item":"https:\/\/www.sfpf.fr\/actu\/categorie\/journal"},{"@type":"ListItem","position":3,"name":"Plus cher qu&rsquo;une baguette de pain, voici les raisons de l&rsquo;augmentation du timbre"}]},{"@type":"WebSite","@id":"https:\/\/www.sfpf.fr\/actu\/#website","url":"https:\/\/www.sfpf.fr\/actu\/","name":"SFPF","description":"","publisher":{"@id":"https:\/\/www.sfpf.fr\/actu\/#organization"},"potentialAction":[{"@type":"SearchAction","target":{"@type":"EntryPoint","urlTemplate":"https:\/\/www.sfpf.fr\/actu\/?s={search_term_string}"},"query-input":{"@type":"PropertyValueSpecification","valueRequired":true,"valueName":"search_term_string"}}],"inLanguage":"fr-FR"},{"@type":"Organization","@id":"https:\/\/www.sfpf.fr\/actu\/#organization","name":"SFPF","url":"https:\/\/www.sfpf.fr\/actu\/","logo":{"@type":"ImageObject","inLanguage":"fr-FR","@id":"https:\/\/www.sfpf.fr\/actu\/#\/schema\/logo\/image\/","url":"https:\/\/www.sfpf.fr\/actu\/wp-content\/uploads\/2025\/09\/media.png","contentUrl":"https:\/\/www.sfpf.fr\/actu\/wp-content\/uploads\/2025\/09\/media.png","width":178,"height":100,"caption":"SFPF"},"image":{"@id":"https:\/\/www.sfpf.fr\/actu\/#\/schema\/logo\/image\/"}},{"@type":"Person","@id":"https:\/\/www.sfpf.fr\/actu\/#\/schema\/person\/bd87396233d24e5e46c39394bfc2a378","name":"Laredac","image":{"@type":"ImageObject","inLanguage":"fr-FR","@id":"https:\/\/www.sfpf.fr\/actu\/#\/schema\/person\/image\/","url":"https:\/\/www.sfpf.fr\/actu\/wp-content\/uploads\/2025\/09\/Design-sans-titre-10.jpg","contentUrl":"https:\/\/www.sfpf.fr\/actu\/wp-content\/uploads\/2025\/09\/Design-sans-titre-10.jpg","caption":"Laredac"},"description":"La R\u00e9daction, c\u2019est une petite \u00e9quipe de b\u00e9n\u00e9voles curieux et passionn\u00e9s. Si chacun cultive ses propres centres d\u2019int\u00e9r\u00eat \u2014 timbres fiscaux, monnaies, documents anciens ou objets de collection en tout genre \u2014 tous partagent le go\u00fbt de la d\u00e9couverte, de l\u2019authentique et du savoir bien transmis. Attach\u00e9e \u00e0 la qualit\u00e9 de l\u2019information, la r\u00e9daction s\u2019attache \u00e0 couvrir l\u2019actualit\u00e9 des collections, les nouveaut\u00e9s du march\u00e9, les tendances, mais aussi les \u00e9v\u00e9nements, publications et projets li\u00e9s \u00e0 l\u2019univers du patrimoine et de la culture. Sans se prendre trop au s\u00e9rieux, La R\u00e9dac veille \u00e0 proposer un contenu fiable, vivant et accessible \u00e0 tous les curieux, collectionneurs ou simples amateurs.","url":"https:\/\/www.sfpf.fr\/actu\/author\/laredac"}]}},"_links":{"self":[{"href":"https:\/\/www.sfpf.fr\/actu\/wp-json\/wp\/v2\/posts\/10170","targetHints":{"allow":["GET"]}}],"collection":[{"href":"https:\/\/www.sfpf.fr\/actu\/wp-json\/wp\/v2\/posts"}],"about":[{"href":"https:\/\/www.sfpf.fr\/actu\/wp-json\/wp\/v2\/types\/post"}],"author":[{"embeddable":true,"href":"https:\/\/www.sfpf.fr\/actu\/wp-json\/wp\/v2\/users\/29"}],"replies":[{"embeddable":true,"href":"https:\/\/www.sfpf.fr\/actu\/wp-json\/wp\/v2\/comments?post=10170"}],"version-history":[{"count":1,"href":"https:\/\/www.sfpf.fr\/actu\/wp-json\/wp\/v2\/posts\/10170\/revisions"}],"predecessor-version":[{"id":10269,"href":"https:\/\/www.sfpf.fr\/actu\/wp-json\/wp\/v2\/posts\/10170\/revisions\/10269"}],"wp:featuredmedia":[{"embeddable":true,"href":"https:\/\/www.sfpf.fr\/actu\/wp-json\/wp\/v2\/media\/10410"}],"wp:attachment":[{"href":"https:\/\/www.sfpf.fr\/actu\/wp-json\/wp\/v2\/media?parent=10170"}],"wp:term":[{"taxonomy":"category","embeddable":true,"href":"https:\/\/www.sfpf.fr\/actu\/wp-json\/wp\/v2\/categories?post=10170"},{"taxonomy":"post_tag","embeddable":true,"href":"https:\/\/www.sfpf.fr\/actu\/wp-json\/wp\/v2\/tags?post=10170"}],"curies":[{"name":"wp","href":"https:\/\/api.w.org\/{rel}","templated":true}]}}