{"id":10169,"date":"2025-09-17T06:04:00","date_gmt":"2025-09-17T04:04:00","guid":{"rendered":"https:\/\/www.sfpf.fr\/actu\/?p=10169"},"modified":"2025-09-14T14:04:04","modified_gmt":"2025-09-14T12:04:04","slug":"ce-timbre-collector-est-vendu-en-avant-premiere-les-collectionneurs-se-ruent-dessus","status":"publish","type":"post","link":"https:\/\/www.sfpf.fr\/actu\/ce-timbre-collector-est-vendu-en-avant-premiere-les-collectionneurs-se-ruent-dessus","title":{"rendered":"Ce timbre collector est vendu en avant-premi\u00e8re, les collectionneurs se ruent dessus"},"content":{"rendered":"<p>Les collectionneurs se pressent pour l\u2019obtenir en avant-premi\u00e8re.<\/p>\n<p>La philat\u00e9lie conna\u00eet r\u00e9guli\u00e8rement des moments forts, et cette mise en vente anticip\u00e9e \u00e0 Cherbourg en fait partie. Entre passion, raret\u00e9 et valeur symbolique, ce timbre collector suscite un v\u00e9ritable engouement.<\/p>\n<h2>Timbre collector : une \u00e9mission sp\u00e9ciale pour les 50 ans de Radio France<\/h2>\n<p>Le <strong>1er septembre 2025<\/strong>, la Poste \u00e9mettra un timbre au tarif de la lettre verte (1,39 \u20ac). Ce timbre sera pr\u00e9sent\u00e9 sous forme de <strong>bloc-feuillet<\/strong>, un format recherch\u00e9 qui met en valeur le graphisme et le d\u00e9cor prolong\u00e9 autour du timbre principal.<\/p>\n<p>Le visuel, encore sous embargo jusqu\u2019au 29 ao\u00fbt, sera d\u00e9voil\u00e9 \u00e0 l\u2019occasion de la vente anticip\u00e9e \u00e0 Cherbourg. Cet \u00e9v\u00e9nement philat\u00e9lique est attendu, car il associe une <strong>oblit\u00e9ration sp\u00e9ciale \u00ab premier jour \u00bb<\/strong>, gage d\u2019authenticit\u00e9 et de valeur accrue pour les collectionneurs.<\/p>\n<blockquote><p>\n\u00ab Les \u00e9missions premier jour sont les plus recherch\u00e9es, car elles fixent une date officielle et un cachet unique qui ne sera plus utilis\u00e9 par la suite. \u00bb \u2013 Cercle philat\u00e9lique du Cotentin\n<\/p><\/blockquote>\n<h3>Pourquoi ce timbre attire autant les collectionneurs ?<\/h3>\n<p>Un timbre comm\u00e9moratif li\u00e9 \u00e0 une institution culturelle comme <strong>Radio France<\/strong> ne se limite pas \u00e0 l\u2019univers postal. Il touche aussi les amateurs d\u2019histoire, de m\u00e9dias et de patrimoine. Cela \u00e9largit le cercle des acheteurs au-del\u00e0 des philat\u00e9listes traditionnels.<\/p>\n<p>De plus, la mise en vente anticip\u00e9e dans une quarantaine de villes renforce l\u2019aspect \u00e9v\u00e9nementiel. Chaque bureau local de Radio France devient un point de rencontre pour les passionn\u00e9s, cr\u00e9ant une dynamique nationale.<\/p>\n<ul>\n<li>Valeur symbolique d\u2019un m\u00e9dia embl\u00e9matique<\/li>\n<li>\u00c9dition limit\u00e9e avec cachet \u00ab premier jour \u00bb<\/li>\n<li>Bloc-feuillet esth\u00e9tique et travaill\u00e9<\/li>\n<li>Disponibilit\u00e9 r\u00e9duite dans le temps et l\u2019espace<\/li>\n<\/ul>\n<h2>La mise en avant-premi\u00e8re \u00e0 Cherbourg<\/h2>\n<p>Le <strong>29 ao\u00fbt 2025<\/strong>, Cherbourg accueillera la vente anticip\u00e9e du timbre. Le bureau de Poste principal mettra en place un guichet sp\u00e9cial entre 10 h et 12 h puis entre 14 h et 17 h. Les visiteurs pourront non seulement acheter le bloc-feuillet, mais aussi obtenir l\u2019oblit\u00e9ration sp\u00e9cifique.<\/p>\n<p>Le Cercle philat\u00e9lique et cartophile du Cotentin (CPCC) a pr\u00e9par\u00e9 des <strong>enveloppes et bristols illustr\u00e9s<\/strong>, qui serviront de support au timbre et au cachet. Ces supports personnalis\u00e9s, appel\u00e9s \u00ab souvenirs philat\u00e9liques \u00bb, sont tr\u00e8s pris\u00e9s car ils ajoutent une dimension artistique et patrimoniale.<\/p>\n<blockquote><p>\n\u00ab Tous les b\u00e9n\u00e9fices issus de la vente de ces souvenirs seront revers\u00e9s \u00e0 l\u2019association C\u0153ur et cancer. \u00bb \u2013 CPCC\n<\/p><\/blockquote>\n<p>  <strong>Mon conseil personnel :<\/strong> si vous souhaitez acqu\u00e9rir ce timbre, privil\u00e9giez l\u2019achat lors de la journ\u00e9e d\u2019avant-premi\u00e8re. Un timbre oblit\u00e9r\u00e9 \u00ab premier jour \u00bb conserve une valeur sup\u00e9rieure \u00e0 long terme par rapport \u00e0 un exemplaire non oblit\u00e9r\u00e9. J\u2019ai moi-m\u00eame constat\u00e9 que ces pi\u00e8ces sp\u00e9cifiques sont celles qui se revendent le mieux sur le march\u00e9 secondaire.<\/p>\n<h3>Comparatif entre un timbre classique et un timbre premier jour<\/h3>\n<table border=\"1\" cellpadding=\"8\" cellspacing=\"0\">\n<tr>\n<th>Caract\u00e9ristiques<\/th>\n<th>Timbre classique<\/th>\n<th>Timbre premier jour<\/th>\n<\/tr>\n<tr>\n<td>Disponibilit\u00e9<\/td>\n<td>En vente dans tous les bureaux de Poste<\/td>\n<td>Uniquement lors de la journ\u00e9e d\u2019avant-premi\u00e8re<\/td>\n<\/tr>\n<tr>\n<td>Valeur de collection<\/td>\n<td>Stable, d\u00e9pend de la raret\u00e9 future<\/td>\n<td>Plus recherch\u00e9e imm\u00e9diatement<\/td>\n<\/tr>\n<tr>\n<td>Cachet<\/td>\n<td>Cachet postal standard<\/td>\n<td>Cachet unique \u00ab premier jour \u00bb<\/td>\n<\/tr>\n<tr>\n<td>Int\u00e9r\u00eat pour les philat\u00e9listes<\/td>\n<td>Mod\u00e9r\u00e9<\/td>\n<td>\u00c9lev\u00e9<\/td>\n<\/tr>\n<\/table>\n<h2>Un engouement national autour du timbre collector<\/h2>\n<p>Une quarantaine de villes fran\u00e7aises, toutes si\u00e8ges d\u2019une radio locale du groupe Radio France, participent \u00e0 cette mise en avant-premi\u00e8re. Cela cr\u00e9e une coh\u00e9sion autour de l\u2019\u00e9v\u00e9nement et donne une visibilit\u00e9 nationale au timbre.<\/p>\n<p>Pour les collectionneurs, multiplier les d\u00e9placements dans diff\u00e9rentes villes permet d\u2019obtenir des cachets locaux vari\u00e9s. Chaque oblit\u00e9ration devient alors une pi\u00e8ce unique, renfor\u00e7ant la richesse d\u2019une collection.<\/p>\n<p>Les passionn\u00e9s savent que ce type d\u2019\u00e9mission est rapidement \u00e9puis\u00e9. L\u2019acquisition rapide est donc une strat\u00e9gie courante pour \u00e9viter la sp\u00e9culation et garantir l\u2019acc\u00e8s \u00e0 un exemplaire en bon \u00e9tat.<\/p>\n","protected":false},"excerpt":{"rendered":"","protected":false},"author":29,"featured_media":10177,"comment_status":"open","ping_status":"closed","sticky":false,"template":"","format":"standard","meta":{"_acf_changed":false,"subtitle":"Un nouveau timbre comm\u00e9moratif attire d\u00e9j\u00e0 l\u2019attention : la Poste lance une \u00e9mission sp\u00e9ciale pour marquer les 50 ans de Radio France.","footnotes":""},"categories":[1],"tags":[698,700,699,550,697,696],"class_list":["post-10169","post","type-post","status-publish","format-standard","has-post-thumbnail","hentry","category-journal","tag-bloc-feuillet","tag-cherbourg","tag-obliteration-premier-jour","tag-philatelie","tag-radio-france","tag-timbre-collector","generate-columns","tablet-grid-50","mobile-grid-100","grid-parent","grid-33"],"acf":{"subtitle":"Un nouveau timbre comm\u00e9moratif attire d\u00e9j\u00e0 l\u2019attention : la Poste lance une \u00e9mission sp\u00e9ciale pour marquer les 50 ans de Radio France."},"yoast_head":"<!-- This site is optimized with the Yoast SEO plugin v25.8 - https:\/\/yoast.com\/wordpress\/plugins\/seo\/ -->\n<title>Ce timbre collector est vendu en avant-premi\u00e8re, les collectionneurs se ruent dessus | SFPF<\/title>\n<meta name=\"description\" content=\"Les collectionneurs se pressent pour l\u2019obtenir en avant-premi\u00e8re. La philat\u00e9lie conna\u00eet r\u00e9guli\u00e8rement des moments forts, et cette mise en vente anticip\u00e9e\" \/>\n<meta name=\"robots\" content=\"index, follow, max-snippet:-1, max-image-preview:large, max-video-preview:-1\" \/>\n<link rel=\"canonical\" href=\"https:\/\/www.sfpf.fr\/actu\/ce-timbre-collector-est-vendu-en-avant-premiere-les-collectionneurs-se-ruent-dessus\" \/>\n<meta property=\"og:locale\" content=\"fr_FR\" \/>\n<meta property=\"og:type\" content=\"article\" \/>\n<meta property=\"og:title\" content=\"Ce timbre collector est vendu en avant-premi\u00e8re, les collectionneurs se ruent dessus | SFPF\" \/>\n<meta property=\"og:description\" content=\"Les collectionneurs se pressent pour l\u2019obtenir en avant-premi\u00e8re. La philat\u00e9lie conna\u00eet r\u00e9guli\u00e8rement des moments forts, et cette mise en vente anticip\u00e9e\" \/>\n<meta property=\"og:url\" content=\"https:\/\/www.sfpf.fr\/actu\/ce-timbre-collector-est-vendu-en-avant-premiere-les-collectionneurs-se-ruent-dessus\" \/>\n<meta property=\"og:site_name\" content=\"SFPF\" \/>\n<meta property=\"article:published_time\" content=\"2025-09-17T04:04:00+00:00\" \/>\n<meta property=\"og:image\" content=\"https:\/\/www.sfpf.fr\/actu\/wp-content\/uploads\/2025\/09\/ce-timbre-collector-est-vendu-en-avant-premiere-les-collectionneurs-se-ruent-dessus-scaled.jpg\" \/>\n\t<meta property=\"og:image:width\" content=\"1200\" \/>\n\t<meta property=\"og:image:height\" content=\"673\" \/>\n\t<meta property=\"og:image:type\" content=\"image\/jpeg\" \/>\n<meta name=\"author\" content=\"Laredac\" \/>\n<meta name=\"twitter:card\" content=\"summary_large_image\" \/>\n<meta name=\"twitter:label1\" content=\"\u00c9crit par\" \/>\n\t<meta name=\"twitter:data1\" content=\"Laredac\" \/>\n\t<meta name=\"twitter:label2\" content=\"Dur\u00e9e de lecture estim\u00e9e\" \/>\n\t<meta name=\"twitter:data2\" content=\"3 minutes\" \/>\n<script type=\"application\/ld+json\" class=\"yoast-schema-graph\">{\"@context\":\"https:\/\/schema.org\",\"@graph\":[{\"@type\":\"NewsArticle\",\"@id\":\"https:\/\/www.sfpf.fr\/actu\/ce-timbre-collector-est-vendu-en-avant-premiere-les-collectionneurs-se-ruent-dessus#article\",\"isPartOf\":{\"@id\":\"https:\/\/www.sfpf.fr\/actu\/ce-timbre-collector-est-vendu-en-avant-premiere-les-collectionneurs-se-ruent-dessus\"},\"author\":{\"name\":\"Laredac\",\"@id\":\"https:\/\/www.sfpf.fr\/actu\/#\/schema\/person\/bd87396233d24e5e46c39394bfc2a378\"},\"headline\":\"Ce timbre collector est vendu en avant-premi\u00e8re, les collectionneurs se ruent dessus\",\"datePublished\":\"2025-09-17T04:04:00+00:00\",\"mainEntityOfPage\":{\"@id\":\"https:\/\/www.sfpf.fr\/actu\/ce-timbre-collector-est-vendu-en-avant-premiere-les-collectionneurs-se-ruent-dessus\"},\"wordCount\":683,\"commentCount\":1,\"publisher\":{\"@id\":\"https:\/\/www.sfpf.fr\/actu\/#organization\"},\"image\":{\"@id\":\"https:\/\/www.sfpf.fr\/actu\/ce-timbre-collector-est-vendu-en-avant-premiere-les-collectionneurs-se-ruent-dessus#primaryimage\"},\"thumbnailUrl\":\"https:\/\/www.sfpf.fr\/actu\/wp-content\/uploads\/2025\/09\/ce-timbre-collector-est-vendu-en-avant-premiere-les-collectionneurs-se-ruent-dessus-scaled.jpg\",\"keywords\":[\"Bloc-Feuillet\",\"Cherbourg\",\"Oblit\u00e9ration Premier Jour\",\"Philat\u00e9lie\",\"Radio France\",\"Timbre Collector\"],\"articleSection\":[\"Journal\"],\"inLanguage\":\"fr-FR\",\"potentialAction\":[{\"@type\":\"CommentAction\",\"name\":\"Comment\",\"target\":[\"https:\/\/www.sfpf.fr\/actu\/ce-timbre-collector-est-vendu-en-avant-premiere-les-collectionneurs-se-ruent-dessus#respond\"]}]},{\"@type\":\"WebPage\",\"@id\":\"https:\/\/www.sfpf.fr\/actu\/ce-timbre-collector-est-vendu-en-avant-premiere-les-collectionneurs-se-ruent-dessus\",\"url\":\"https:\/\/www.sfpf.fr\/actu\/ce-timbre-collector-est-vendu-en-avant-premiere-les-collectionneurs-se-ruent-dessus\",\"name\":\"Ce timbre collector est vendu en avant-premi\u00e8re, les collectionneurs se ruent dessus | SFPF\",\"isPartOf\":{\"@id\":\"https:\/\/www.sfpf.fr\/actu\/#website\"},\"primaryImageOfPage\":{\"@id\":\"https:\/\/www.sfpf.fr\/actu\/ce-timbre-collector-est-vendu-en-avant-premiere-les-collectionneurs-se-ruent-dessus#primaryimage\"},\"image\":{\"@id\":\"https:\/\/www.sfpf.fr\/actu\/ce-timbre-collector-est-vendu-en-avant-premiere-les-collectionneurs-se-ruent-dessus#primaryimage\"},\"thumbnailUrl\":\"https:\/\/www.sfpf.fr\/actu\/wp-content\/uploads\/2025\/09\/ce-timbre-collector-est-vendu-en-avant-premiere-les-collectionneurs-se-ruent-dessus-scaled.jpg\",\"datePublished\":\"2025-09-17T04:04:00+00:00\",\"description\":\"Les collectionneurs se pressent pour l\u2019obtenir en avant-premi\u00e8re. La philat\u00e9lie conna\u00eet r\u00e9guli\u00e8rement des moments forts, et cette mise en vente anticip\u00e9e\",\"breadcrumb\":{\"@id\":\"https:\/\/www.sfpf.fr\/actu\/ce-timbre-collector-est-vendu-en-avant-premiere-les-collectionneurs-se-ruent-dessus#breadcrumb\"},\"inLanguage\":\"fr-FR\",\"potentialAction\":[{\"@type\":\"ReadAction\",\"target\":[\"https:\/\/www.sfpf.fr\/actu\/ce-timbre-collector-est-vendu-en-avant-premiere-les-collectionneurs-se-ruent-dessus\"]}]},{\"@type\":\"ImageObject\",\"inLanguage\":\"fr-FR\",\"@id\":\"https:\/\/www.sfpf.fr\/actu\/ce-timbre-collector-est-vendu-en-avant-premiere-les-collectionneurs-se-ruent-dessus#primaryimage\",\"url\":\"https:\/\/www.sfpf.fr\/actu\/wp-content\/uploads\/2025\/09\/ce-timbre-collector-est-vendu-en-avant-premiere-les-collectionneurs-se-ruent-dessus-scaled.jpg\",\"contentUrl\":\"https:\/\/www.sfpf.fr\/actu\/wp-content\/uploads\/2025\/09\/ce-timbre-collector-est-vendu-en-avant-premiere-les-collectionneurs-se-ruent-dessus-scaled.jpg\",\"width\":1200,\"height\":673,\"caption\":\"Ce timbre collector est vendu en avant-premi\u00e8re, les collectionneurs se ruent dessus\"},{\"@type\":\"BreadcrumbList\",\"@id\":\"https:\/\/www.sfpf.fr\/actu\/ce-timbre-collector-est-vendu-en-avant-premiere-les-collectionneurs-se-ruent-dessus#breadcrumb\",\"itemListElement\":[{\"@type\":\"ListItem\",\"position\":1,\"name\":\"Accueil\",\"item\":\"https:\/\/www.sfpf.fr\/actu\"},{\"@type\":\"ListItem\",\"position\":2,\"name\":\"Journal\",\"item\":\"https:\/\/www.sfpf.fr\/actu\/categorie\/journal\"},{\"@type\":\"ListItem\",\"position\":3,\"name\":\"Ce timbre collector est vendu en avant-premi\u00e8re, les collectionneurs se ruent dessus\"}]},{\"@type\":\"WebSite\",\"@id\":\"https:\/\/www.sfpf.fr\/actu\/#website\",\"url\":\"https:\/\/www.sfpf.fr\/actu\/\",\"name\":\"SFPF\",\"description\":\"\",\"publisher\":{\"@id\":\"https:\/\/www.sfpf.fr\/actu\/#organization\"},\"potentialAction\":[{\"@type\":\"SearchAction\",\"target\":{\"@type\":\"EntryPoint\",\"urlTemplate\":\"https:\/\/www.sfpf.fr\/actu\/?s={search_term_string}\"},\"query-input\":{\"@type\":\"PropertyValueSpecification\",\"valueRequired\":true,\"valueName\":\"search_term_string\"}}],\"inLanguage\":\"fr-FR\"},{\"@type\":\"Organization\",\"@id\":\"https:\/\/www.sfpf.fr\/actu\/#organization\",\"name\":\"SFPF\",\"url\":\"https:\/\/www.sfpf.fr\/actu\/\",\"logo\":{\"@type\":\"ImageObject\",\"inLanguage\":\"fr-FR\",\"@id\":\"https:\/\/www.sfpf.fr\/actu\/#\/schema\/logo\/image\/\",\"url\":\"https:\/\/www.sfpf.fr\/actu\/wp-content\/uploads\/2025\/09\/media.png\",\"contentUrl\":\"https:\/\/www.sfpf.fr\/actu\/wp-content\/uploads\/2025\/09\/media.png\",\"width\":178,\"height\":100,\"caption\":\"SFPF\"},\"image\":{\"@id\":\"https:\/\/www.sfpf.fr\/actu\/#\/schema\/logo\/image\/\"}},{\"@type\":\"Person\",\"@id\":\"https:\/\/www.sfpf.fr\/actu\/#\/schema\/person\/bd87396233d24e5e46c39394bfc2a378\",\"name\":\"Laredac\",\"image\":{\"@type\":\"ImageObject\",\"inLanguage\":\"fr-FR\",\"@id\":\"https:\/\/www.sfpf.fr\/actu\/#\/schema\/person\/image\/\",\"url\":\"https:\/\/www.sfpf.fr\/actu\/wp-content\/uploads\/2025\/09\/Design-sans-titre-10.jpg\",\"contentUrl\":\"https:\/\/www.sfpf.fr\/actu\/wp-content\/uploads\/2025\/09\/Design-sans-titre-10.jpg\",\"caption\":\"Laredac\"},\"description\":\"La R\u00e9daction, c\u2019est une petite \u00e9quipe de b\u00e9n\u00e9voles curieux et passionn\u00e9s. Si chacun cultive ses propres centres d\u2019int\u00e9r\u00eat \u2014 timbres fiscaux, monnaies, documents anciens ou objets de collection en tout genre \u2014 tous partagent le go\u00fbt de la d\u00e9couverte, de l\u2019authentique et du savoir bien transmis. Attach\u00e9e \u00e0 la qualit\u00e9 de l\u2019information, la r\u00e9daction s\u2019attache \u00e0 couvrir l\u2019actualit\u00e9 des collections, les nouveaut\u00e9s du march\u00e9, les tendances, mais aussi les \u00e9v\u00e9nements, publications et projets li\u00e9s \u00e0 l\u2019univers du patrimoine et de la culture. Sans se prendre trop au s\u00e9rieux, La R\u00e9dac veille \u00e0 proposer un contenu fiable, vivant et accessible \u00e0 tous les curieux, collectionneurs ou simples amateurs.\",\"url\":\"https:\/\/www.sfpf.fr\/actu\/author\/laredac\"}]}<\/script>\n<!-- \/ Yoast SEO plugin. -->","yoast_head_json":{"title":"Ce timbre collector est vendu en avant-premi\u00e8re, les collectionneurs se ruent dessus | SFPF","description":"Les collectionneurs se pressent pour l\u2019obtenir en avant-premi\u00e8re. La philat\u00e9lie conna\u00eet r\u00e9guli\u00e8rement des moments forts, et cette mise en vente anticip\u00e9e","robots":{"index":"index","follow":"follow","max-snippet":"max-snippet:-1","max-image-preview":"max-image-preview:large","max-video-preview":"max-video-preview:-1"},"canonical":"https:\/\/www.sfpf.fr\/actu\/ce-timbre-collector-est-vendu-en-avant-premiere-les-collectionneurs-se-ruent-dessus","og_locale":"fr_FR","og_type":"article","og_title":"Ce timbre collector est vendu en avant-premi\u00e8re, les collectionneurs se ruent dessus | SFPF","og_description":"Les collectionneurs se pressent pour l\u2019obtenir en avant-premi\u00e8re. La philat\u00e9lie conna\u00eet r\u00e9guli\u00e8rement des moments forts, et cette mise en vente anticip\u00e9e","og_url":"https:\/\/www.sfpf.fr\/actu\/ce-timbre-collector-est-vendu-en-avant-premiere-les-collectionneurs-se-ruent-dessus","og_site_name":"SFPF","article_published_time":"2025-09-17T04:04:00+00:00","og_image":[{"width":1200,"height":673,"url":"https:\/\/www.sfpf.fr\/actu\/wp-content\/uploads\/2025\/09\/ce-timbre-collector-est-vendu-en-avant-premiere-les-collectionneurs-se-ruent-dessus-scaled.jpg","type":"image\/jpeg"}],"author":"Laredac","twitter_card":"summary_large_image","twitter_misc":{"\u00c9crit par":"Laredac","Dur\u00e9e de lecture estim\u00e9e":"3 minutes"},"schema":{"@context":"https:\/\/schema.org","@graph":[{"@type":"NewsArticle","@id":"https:\/\/www.sfpf.fr\/actu\/ce-timbre-collector-est-vendu-en-avant-premiere-les-collectionneurs-se-ruent-dessus#article","isPartOf":{"@id":"https:\/\/www.sfpf.fr\/actu\/ce-timbre-collector-est-vendu-en-avant-premiere-les-collectionneurs-se-ruent-dessus"},"author":{"name":"Laredac","@id":"https:\/\/www.sfpf.fr\/actu\/#\/schema\/person\/bd87396233d24e5e46c39394bfc2a378"},"headline":"Ce timbre collector est vendu en avant-premi\u00e8re, les collectionneurs se ruent dessus","datePublished":"2025-09-17T04:04:00+00:00","mainEntityOfPage":{"@id":"https:\/\/www.sfpf.fr\/actu\/ce-timbre-collector-est-vendu-en-avant-premiere-les-collectionneurs-se-ruent-dessus"},"wordCount":683,"commentCount":1,"publisher":{"@id":"https:\/\/www.sfpf.fr\/actu\/#organization"},"image":{"@id":"https:\/\/www.sfpf.fr\/actu\/ce-timbre-collector-est-vendu-en-avant-premiere-les-collectionneurs-se-ruent-dessus#primaryimage"},"thumbnailUrl":"https:\/\/www.sfpf.fr\/actu\/wp-content\/uploads\/2025\/09\/ce-timbre-collector-est-vendu-en-avant-premiere-les-collectionneurs-se-ruent-dessus-scaled.jpg","keywords":["Bloc-Feuillet","Cherbourg","Oblit\u00e9ration Premier Jour","Philat\u00e9lie","Radio France","Timbre Collector"],"articleSection":["Journal"],"inLanguage":"fr-FR","potentialAction":[{"@type":"CommentAction","name":"Comment","target":["https:\/\/www.sfpf.fr\/actu\/ce-timbre-collector-est-vendu-en-avant-premiere-les-collectionneurs-se-ruent-dessus#respond"]}]},{"@type":"WebPage","@id":"https:\/\/www.sfpf.fr\/actu\/ce-timbre-collector-est-vendu-en-avant-premiere-les-collectionneurs-se-ruent-dessus","url":"https:\/\/www.sfpf.fr\/actu\/ce-timbre-collector-est-vendu-en-avant-premiere-les-collectionneurs-se-ruent-dessus","name":"Ce timbre collector est vendu en avant-premi\u00e8re, les collectionneurs se ruent dessus | SFPF","isPartOf":{"@id":"https:\/\/www.sfpf.fr\/actu\/#website"},"primaryImageOfPage":{"@id":"https:\/\/www.sfpf.fr\/actu\/ce-timbre-collector-est-vendu-en-avant-premiere-les-collectionneurs-se-ruent-dessus#primaryimage"},"image":{"@id":"https:\/\/www.sfpf.fr\/actu\/ce-timbre-collector-est-vendu-en-avant-premiere-les-collectionneurs-se-ruent-dessus#primaryimage"},"thumbnailUrl":"https:\/\/www.sfpf.fr\/actu\/wp-content\/uploads\/2025\/09\/ce-timbre-collector-est-vendu-en-avant-premiere-les-collectionneurs-se-ruent-dessus-scaled.jpg","datePublished":"2025-09-17T04:04:00+00:00","description":"Les collectionneurs se pressent pour l\u2019obtenir en avant-premi\u00e8re. La philat\u00e9lie conna\u00eet r\u00e9guli\u00e8rement des moments forts, et cette mise en vente anticip\u00e9e","breadcrumb":{"@id":"https:\/\/www.sfpf.fr\/actu\/ce-timbre-collector-est-vendu-en-avant-premiere-les-collectionneurs-se-ruent-dessus#breadcrumb"},"inLanguage":"fr-FR","potentialAction":[{"@type":"ReadAction","target":["https:\/\/www.sfpf.fr\/actu\/ce-timbre-collector-est-vendu-en-avant-premiere-les-collectionneurs-se-ruent-dessus"]}]},{"@type":"ImageObject","inLanguage":"fr-FR","@id":"https:\/\/www.sfpf.fr\/actu\/ce-timbre-collector-est-vendu-en-avant-premiere-les-collectionneurs-se-ruent-dessus#primaryimage","url":"https:\/\/www.sfpf.fr\/actu\/wp-content\/uploads\/2025\/09\/ce-timbre-collector-est-vendu-en-avant-premiere-les-collectionneurs-se-ruent-dessus-scaled.jpg","contentUrl":"https:\/\/www.sfpf.fr\/actu\/wp-content\/uploads\/2025\/09\/ce-timbre-collector-est-vendu-en-avant-premiere-les-collectionneurs-se-ruent-dessus-scaled.jpg","width":1200,"height":673,"caption":"Ce timbre collector est vendu en avant-premi\u00e8re, les collectionneurs se ruent dessus"},{"@type":"BreadcrumbList","@id":"https:\/\/www.sfpf.fr\/actu\/ce-timbre-collector-est-vendu-en-avant-premiere-les-collectionneurs-se-ruent-dessus#breadcrumb","itemListElement":[{"@type":"ListItem","position":1,"name":"Accueil","item":"https:\/\/www.sfpf.fr\/actu"},{"@type":"ListItem","position":2,"name":"Journal","item":"https:\/\/www.sfpf.fr\/actu\/categorie\/journal"},{"@type":"ListItem","position":3,"name":"Ce timbre collector est vendu en avant-premi\u00e8re, les collectionneurs se ruent dessus"}]},{"@type":"WebSite","@id":"https:\/\/www.sfpf.fr\/actu\/#website","url":"https:\/\/www.sfpf.fr\/actu\/","name":"SFPF","description":"","publisher":{"@id":"https:\/\/www.sfpf.fr\/actu\/#organization"},"potentialAction":[{"@type":"SearchAction","target":{"@type":"EntryPoint","urlTemplate":"https:\/\/www.sfpf.fr\/actu\/?s={search_term_string}"},"query-input":{"@type":"PropertyValueSpecification","valueRequired":true,"valueName":"search_term_string"}}],"inLanguage":"fr-FR"},{"@type":"Organization","@id":"https:\/\/www.sfpf.fr\/actu\/#organization","name":"SFPF","url":"https:\/\/www.sfpf.fr\/actu\/","logo":{"@type":"ImageObject","inLanguage":"fr-FR","@id":"https:\/\/www.sfpf.fr\/actu\/#\/schema\/logo\/image\/","url":"https:\/\/www.sfpf.fr\/actu\/wp-content\/uploads\/2025\/09\/media.png","contentUrl":"https:\/\/www.sfpf.fr\/actu\/wp-content\/uploads\/2025\/09\/media.png","width":178,"height":100,"caption":"SFPF"},"image":{"@id":"https:\/\/www.sfpf.fr\/actu\/#\/schema\/logo\/image\/"}},{"@type":"Person","@id":"https:\/\/www.sfpf.fr\/actu\/#\/schema\/person\/bd87396233d24e5e46c39394bfc2a378","name":"Laredac","image":{"@type":"ImageObject","inLanguage":"fr-FR","@id":"https:\/\/www.sfpf.fr\/actu\/#\/schema\/person\/image\/","url":"https:\/\/www.sfpf.fr\/actu\/wp-content\/uploads\/2025\/09\/Design-sans-titre-10.jpg","contentUrl":"https:\/\/www.sfpf.fr\/actu\/wp-content\/uploads\/2025\/09\/Design-sans-titre-10.jpg","caption":"Laredac"},"description":"La R\u00e9daction, c\u2019est une petite \u00e9quipe de b\u00e9n\u00e9voles curieux et passionn\u00e9s. Si chacun cultive ses propres centres d\u2019int\u00e9r\u00eat \u2014 timbres fiscaux, monnaies, documents anciens ou objets de collection en tout genre \u2014 tous partagent le go\u00fbt de la d\u00e9couverte, de l\u2019authentique et du savoir bien transmis. Attach\u00e9e \u00e0 la qualit\u00e9 de l\u2019information, la r\u00e9daction s\u2019attache \u00e0 couvrir l\u2019actualit\u00e9 des collections, les nouveaut\u00e9s du march\u00e9, les tendances, mais aussi les \u00e9v\u00e9nements, publications et projets li\u00e9s \u00e0 l\u2019univers du patrimoine et de la culture. Sans se prendre trop au s\u00e9rieux, La R\u00e9dac veille \u00e0 proposer un contenu fiable, vivant et accessible \u00e0 tous les curieux, collectionneurs ou simples amateurs.","url":"https:\/\/www.sfpf.fr\/actu\/author\/laredac"}]}},"_links":{"self":[{"href":"https:\/\/www.sfpf.fr\/actu\/wp-json\/wp\/v2\/posts\/10169","targetHints":{"allow":["GET"]}}],"collection":[{"href":"https:\/\/www.sfpf.fr\/actu\/wp-json\/wp\/v2\/posts"}],"about":[{"href":"https:\/\/www.sfpf.fr\/actu\/wp-json\/wp\/v2\/types\/post"}],"author":[{"embeddable":true,"href":"https:\/\/www.sfpf.fr\/actu\/wp-json\/wp\/v2\/users\/29"}],"replies":[{"embeddable":true,"href":"https:\/\/www.sfpf.fr\/actu\/wp-json\/wp\/v2\/comments?post=10169"}],"version-history":[{"count":1,"href":"https:\/\/www.sfpf.fr\/actu\/wp-json\/wp\/v2\/posts\/10169\/revisions"}],"predecessor-version":[{"id":10339,"href":"https:\/\/www.sfpf.fr\/actu\/wp-json\/wp\/v2\/posts\/10169\/revisions\/10339"}],"wp:featuredmedia":[{"embeddable":true,"href":"https:\/\/www.sfpf.fr\/actu\/wp-json\/wp\/v2\/media\/10177"}],"wp:attachment":[{"href":"https:\/\/www.sfpf.fr\/actu\/wp-json\/wp\/v2\/media?parent=10169"}],"wp:term":[{"taxonomy":"category","embeddable":true,"href":"https:\/\/www.sfpf.fr\/actu\/wp-json\/wp\/v2\/categories?post=10169"},{"taxonomy":"post_tag","embeddable":true,"href":"https:\/\/www.sfpf.fr\/actu\/wp-json\/wp\/v2\/tags?post=10169"}],"curies":[{"name":"wp","href":"https:\/\/api.w.org\/{rel}","templated":true}]}}